{"id":185620,"date":"2020-08-27T09:13:26","date_gmt":"2020-08-27T12:13:26","guid":{"rendered":"https:\/\/www.caririemacao.com\/1\/?p=185620"},"modified":"2020-08-27T09:13:26","modified_gmt":"2020-08-27T12:13:26","slug":"covid-19-brasil-tem-117-mil-mortes-e-37-milhoes-de-casos-acumulados","status":"publish","type":"post","link":"https:\/\/www.caririemacao.com\/1\/2020\/08\/27\/covid-19-brasil-tem-117-mil-mortes-e-37-milhoes-de-casos-acumulados\/","title":{"rendered":"Covid-19: Brasil tem 117 mil mortes e 3,7 milh\u00f5es de casos acumulados"},"content":{"rendered":"\n<h2 class=\"wp-block-heading\"><\/h2>\n\n\n\n<p>O Brasil atingiu 117.666 mortes e 3.717.156 casos acumulados de covid-19. Os dados foram divulgados hoje (26)&nbsp;pelo Minist\u00e9rio da Sa\u00fade durante entrevista<em>&nbsp;online<\/em>&nbsp;de apresenta\u00e7\u00e3o do Boletim Epidemiol\u00f3gico semanal.<img decoding=\"async\" data-src=\"https:\/\/agenciabrasil.ebc.com.br\/ebc.png?id=1314892&amp;o=node\" src=\"data:image\/svg+xml;base64,PHN2ZyB3aWR0aD0iMSIgaGVpZ2h0PSIxIiB4bWxucz0iaHR0cDovL3d3dy53My5vcmcvMjAwMC9zdmciPjwvc3ZnPg==\" class=\"lazyload\"><img decoding=\"async\" data-src=\"https:\/\/agenciabrasil.ebc.com.br\/ebc.gif?id=1314892&amp;o=node\" src=\"data:image\/svg+xml;base64,PHN2ZyB3aWR0aD0iMSIgaGVpZ2h0PSIxIiB4bWxucz0iaHR0cDovL3d3dy53My5vcmcvMjAwMC9zdmciPjwvc3ZnPg==\" class=\"lazyload\"><\/p>\n\n\n\n<p>Nas \u00faltimas 24 horas, foram registrados 1.086 novos \u00f3bitos.&nbsp;Ontem&nbsp;o sistema do Minist\u00e9rio da Sa\u00fade marcava 116.580. Ainda h\u00e1 2.889 falecimentos em investiga\u00e7\u00e3o pelas equipes das secretarias de sa\u00fade.<\/p>\n\n\n\n<p>O balan\u00e7o do minist\u00e9rio&nbsp;tamb\u00e9m recebeu notifica\u00e7\u00f5es de 47.161 novas pessoas infectadas pelo novo coronav\u00edrus.&nbsp;Ontem, o painel da pasta trazia 3.669.995 casos desde o in\u00edcio da pandemia no Brasil.<\/p>\n\n\n\n<p>Ainda de acordo com a atualiza\u00e7\u00e3o de hoje, 690.642 pessoas est\u00e3o em acompanhamento e outras 2.908.848 j\u00e1 se recuperaram da doen\u00e7a.<\/p>\n\n\n\n<h2 class=\"wp-block-heading\">Covid-19 nos estados<\/h2>\n\n\n\n<p>Os estados com mais mortes por covid-19 foram:&nbsp;S\u00e3o Paulo (29.194), Rio&nbsp;de Janeiro&nbsp;(15.700), Cear\u00e1 (8.351), Pernambuco (7.460) e Par\u00e1 (6.097). As Unidades da Federa\u00e7\u00e3o com menos \u00f3bitos at\u00e9 o momento s\u00e3o Roraima (582), Acre (607), Tocantins (621), Amap\u00e1 (647) e Mato Grosso do Sul (783).<\/p>\n\n\n\n<figure class=\"wp-block-image\"><img decoding=\"async\" data-src=\"https:\/\/imagens.ebc.com.br\/jvLVJ5QIsLRoxBqXXmqgZtgpt8I=\/754x0\/smart\/https:\/\/agenciabrasil.ebc.com.br\/sites\/default\/files\/thumbnails\/image\/whatsapp_image_2020-08-26_at_18.33.44.jpeg?itok=DEnmDBop\" alt=\"Boletim epidemiol\u00f3gico covid-19\" title=\"Minist\u00e9rio da Sa\u00fade\" src=\"data:image\/svg+xml;base64,PHN2ZyB3aWR0aD0iMSIgaGVpZ2h0PSIxIiB4bWxucz0iaHR0cDovL3d3dy53My5vcmcvMjAwMC9zdmciPjwvc3ZnPg==\" class=\"lazyload\" \/><\/figure>\n","protected":false},"excerpt":{"rendered":"<p>O Brasil atingiu 117.666 mortes e 3.717.156 casos acumulados de covid-19. Os dados foram divulgados hoje (26)&nbsp;pelo Minist\u00e9rio da Sa\u00fade durante entrevista&nbsp;online&nbsp;de apresenta\u00e7\u00e3o do Boletim&hellip; <\/p>\n","protected":false},"author":2,"featured_media":185621,"comment_status":"closed","ping_status":"closed","sticky":false,"template":"","format":"standard","meta":{"sfsi_plus_gutenberg_text_before_share":"","sfsi_plus_gutenberg_show_text_before_share":"","sfsi_plus_gutenberg_icon_type":"","sfsi_plus_gutenberg_icon_alignemt":"","sfsi_plus_gutenburg_max_per_row":"","footnotes":""},"categories":[50,2],"tags":[],"class_list":["post-185620","post","type-post","status-publish","format-standard","has-post-thumbnail","hentry","category-destaque","category-geral"],"_links":{"self":[{"href":"https:\/\/www.caririemacao.com\/1\/wp-json\/wp\/v2\/posts\/185620","targetHints":{"allow":["GET"]}}],"collection":[{"href":"https:\/\/www.caririemacao.com\/1\/wp-json\/wp\/v2\/posts"}],"about":[{"href":"https:\/\/www.caririemacao.com\/1\/wp-json\/wp\/v2\/types\/post"}],"author":[{"embeddable":true,"href":"https:\/\/www.caririemacao.com\/1\/wp-json\/wp\/v2\/users\/2"}],"replies":[{"embeddable":true,"href":"https:\/\/www.caririemacao.com\/1\/wp-json\/wp\/v2\/comments?post=185620"}],"version-history":[{"count":1,"href":"https:\/\/www.caririemacao.com\/1\/wp-json\/wp\/v2\/posts\/185620\/revisions"}],"predecessor-version":[{"id":185622,"href":"https:\/\/www.caririemacao.com\/1\/wp-json\/wp\/v2\/posts\/185620\/revisions\/185622"}],"wp:featuredmedia":[{"embeddable":true,"href":"https:\/\/www.caririemacao.com\/1\/wp-json\/wp\/v2\/media\/185621"}],"wp:attachment":[{"href":"https:\/\/www.caririemacao.com\/1\/wp-json\/wp\/v2\/media?parent=185620"}],"wp:term":[{"taxonomy":"category","embeddable":true,"href":"https:\/\/www.caririemacao.com\/1\/wp-json\/wp\/v2\/categories?post=185620"},{"taxonomy":"post_tag","embeddable":true,"href":"https:\/\/www.caririemacao.com\/1\/wp-json\/wp\/v2\/tags?post=185620"}],"curies":[{"name":"wp","href":"https:\/\/api.w.org\/{rel}","templated":true}]}}