{"id":185634,"date":"2020-08-27T09:32:13","date_gmt":"2020-08-27T12:32:13","guid":{"rendered":"https:\/\/www.caririemacao.com\/1\/?p=185634"},"modified":"2020-08-27T09:32:13","modified_gmt":"2020-08-27T12:32:13","slug":"cerca-de-48-dos-ocupados-no-mercado-de-trabalho-na-paraiba-nao-concluiram-o-ensino-medio","status":"publish","type":"post","link":"https:\/\/www.caririemacao.com\/1\/2020\/08\/27\/cerca-de-48-dos-ocupados-no-mercado-de-trabalho-na-paraiba-nao-concluiram-o-ensino-medio\/","title":{"rendered":"Cerca de 48% dos ocupados no mercado de trabalho na Para\u00edba n\u00e3o conclu\u00edram o ensino m\u00e9dio"},"content":{"rendered":"\n<p>Cerca de 48% dos ocupados na Para\u00edba n\u00e3o conclu\u00edram o ensino m\u00e9dio, de acordo com a Pesquisa Nacional por Amostra de Domic\u00edlios Cont\u00ednua (PNAD C), divulgada pelo Instituto Brasileiro de Geografia e Estat\u00edstica (IBGE) nesta quarta-feira (26).<\/p>\n\n\n\n<p>Houve uma queda na parcela daqueles que n\u00e3o t\u00eam instru\u00e7\u00e3o ou contam apenas com o n\u00edvel fundamental incompleto. A participa\u00e7\u00e3o desse grupo caiu de 48,6%, no in\u00edcio da s\u00e9rie, para 37%, no \u00faltimo ano. Este n\u00famero, somado ao daqueles que t\u00eam o fundamental completo e o m\u00e9dio incompleto (11,7%), representa 48,7% do total da popula\u00e7\u00e3o ocupada.<\/p>\n\n\n\n<p>J\u00e1 a ocupa\u00e7\u00e3o de pessoas com n\u00edvel superior no mercado do trabalho cresceu na Para\u00edba. A participa\u00e7\u00e3o de pessoas com n\u00edvel superior completo na popula\u00e7\u00e3o ocupada da Para\u00edba passou de 9,9%, em 2012, para 17,8%, em 2019.<\/p>\n\n\n\n<p>A participa\u00e7\u00e3o das pessoas de 14 anos de idade ou mais na for\u00e7a de trabalho paraibana diminuiu ao longo dos anos, passando de 55%, em 2012, para 53%, em 2019.<\/p>\n\n\n\n<figure class=\"wp-block-image\"><img decoding=\"async\" data-src=\"https:\/\/s2.glbimg.com\/eL2VoqA-smeiGfLuXK1zJz0VhGI=\/0x0:647x380\/984x0\/smart\/filters:strip_icc()\/i.s3.glbimg.com\/v1\/AUTH_59edd422c0c84a879bd37670ae4f538a\/internal_photos\/bs\/2020\/P\/I\/PwsxoDRjW3FtgjYPx9TA\/ibg-ocupacao-nivel.jpg\" alt=\"Cerca de 48% dos ocupados no mercado de trabalho da Para\u00edba n\u00e3o conclu\u00edram o ensino m\u00e9dio \u2014 Foto: Reprodu\u00e7\u00e3o\/IBGE\" src=\"data:image\/svg+xml;base64,PHN2ZyB3aWR0aD0iMSIgaGVpZ2h0PSIxIiB4bWxucz0iaHR0cDovL3d3dy53My5vcmcvMjAwMC9zdmciPjwvc3ZnPg==\" class=\"lazyload\" \/><\/figure>\n\n\n\n<p>Cerca de 48% dos ocupados no mercado de trabalho da Para\u00edba n\u00e3o conclu\u00edram o ensino m\u00e9dio \u2014 Foto: Reprodu\u00e7\u00e3o\/IBGE<\/p>\n\n\n\n<p>Entre as mulheres que atuavam como empregadoras na Para\u00edba, 71% trabalhavam em empreendimento registrado no Cadastro Nacional de Pessoa Jur\u00eddica (CNPJ), em 2019. Entre os homens, esse percentual era de 59,9%, conforme os dados da PNAD.<\/p>\n\n\n\n<p>Em 2019, 60 mil pessoas estavam ocupadas como empregadoras na Para\u00edba, ao todo. O n\u00famero \u00e9 maior do que o registrado em 2012, de 47 mil, mas menor do que o verificado em 2018, de 72 mil profissionais.<\/p>\n\n\n\n<h2 class=\"wp-block-heading\">Sindicaliza\u00e7\u00e3o<\/h2>\n\n\n\n<p>A taxa de sindicaliza\u00e7\u00e3o na Para\u00edba chegou a 13,5%, em 2019, conforme a PNAD. A taxa atingiu o menor patamar em oito anos, embora tenha sido a 5\u00aa maior do pa\u00eds.<\/p>\n\n\n\n<p>Das cerca de 1,4 milh\u00e3o de pessoas ocupadas no estado, apenas 201 mil estavam associadas a sindicato. Esse \u00e9 o menor n\u00famero de trabalhadores sindicalizados na Para\u00edba j\u00e1 registrado na s\u00e9rie hist\u00f3rica, que come\u00e7ou com 279 mil, em 2012, alcan\u00e7ou 293 mil, em 2013, e, em 2018, havia atingido 229 mil.<\/p>\n\n\n\n<p>A pesquisa indica ainda que, na Para\u00edba, a sindicaliza\u00e7\u00e3o era mais comum entre os homens ocupados, com taxa de 13,7%, do que entre as mulheres, cujo apenas 13,2% est\u00e3o associadas a um sindicato.<\/p>\n\n\n\n<figure class=\"wp-block-image\"><img decoding=\"async\" data-src=\"https:\/\/s2.glbimg.com\/Qcrbo9t0wwikL9ibRDhQs9jDAPo=\/0x0:650x373\/984x0\/smart\/filters:strip_icc()\/i.s3.glbimg.com\/v1\/AUTH_59edd422c0c84a879bd37670ae4f538a\/internal_photos\/bs\/2020\/i\/1\/4NmpdMS1mRQrUgQYUhEw\/igbe-sindicato.jpg\" alt=\"Taxa de sindicaliza\u00e7\u00e3o na PB cai para 13,5% em 2019 \u2014 Foto: Reprodu\u00e7\u00e3o\/IBGE\" src=\"data:image\/svg+xml;base64,PHN2ZyB3aWR0aD0iMSIgaGVpZ2h0PSIxIiB4bWxucz0iaHR0cDovL3d3dy53My5vcmcvMjAwMC9zdmciPjwvc3ZnPg==\" class=\"lazyload\" \/><\/figure>\n\n\n\n<p>Taxa de sindicaliza\u00e7\u00e3o na PB cai para 13,5% em 2019 \u2014 Foto: Reprodu\u00e7\u00e3o\/IBGEhttps:<\/p>\n","protected":false},"excerpt":{"rendered":"<p>Cerca de 48% dos ocupados na Para\u00edba n\u00e3o conclu\u00edram o ensino m\u00e9dio, de acordo com a Pesquisa Nacional por Amostra de Domic\u00edlios Cont\u00ednua (PNAD C),&hellip; <\/p>\n","protected":false},"author":1,"featured_media":185643,"comment_status":"closed","ping_status":"closed","sticky":false,"template":"","format":"standard","meta":{"sfsi_plus_gutenberg_text_before_share":"","sfsi_plus_gutenberg_show_text_before_share":"","sfsi_plus_gutenberg_icon_type":"","sfsi_plus_gutenberg_icon_alignemt":"","sfsi_plus_gutenburg_max_per_row":"","footnotes":""},"categories":[2],"tags":[],"class_list":["post-185634","post","type-post","status-publish","format-standard","has-post-thumbnail","hentry","category-geral"],"_links":{"self":[{"href":"https:\/\/www.caririemacao.com\/1\/wp-json\/wp\/v2\/posts\/185634","targetHints":{"allow":["GET"]}}],"collection":[{"href":"https:\/\/www.caririemacao.com\/1\/wp-json\/wp\/v2\/posts"}],"about":[{"href":"https:\/\/www.caririemacao.com\/1\/wp-json\/wp\/v2\/types\/post"}],"author":[{"embeddable":true,"href":"https:\/\/www.caririemacao.com\/1\/wp-json\/wp\/v2\/users\/1"}],"replies":[{"embeddable":true,"href":"https:\/\/www.caririemacao.com\/1\/wp-json\/wp\/v2\/comments?post=185634"}],"version-history":[{"count":1,"href":"https:\/\/www.caririemacao.com\/1\/wp-json\/wp\/v2\/posts\/185634\/revisions"}],"predecessor-version":[{"id":185644,"href":"https:\/\/www.caririemacao.com\/1\/wp-json\/wp\/v2\/posts\/185634\/revisions\/185644"}],"wp:featuredmedia":[{"embeddable":true,"href":"https:\/\/www.caririemacao.com\/1\/wp-json\/wp\/v2\/media\/185643"}],"wp:attachment":[{"href":"https:\/\/www.caririemacao.com\/1\/wp-json\/wp\/v2\/media?parent=185634"}],"wp:term":[{"taxonomy":"category","embeddable":true,"href":"https:\/\/www.caririemacao.com\/1\/wp-json\/wp\/v2\/categories?post=185634"},{"taxonomy":"post_tag","embeddable":true,"href":"https:\/\/www.caririemacao.com\/1\/wp-json\/wp\/v2\/tags?post=185634"}],"curies":[{"name":"wp","href":"https:\/\/api.w.org\/{rel}","templated":true}]}}