{"id":185649,"date":"2020-08-27T09:47:52","date_gmt":"2020-08-27T12:47:52","guid":{"rendered":"https:\/\/www.caririemacao.com\/1\/?p=185649"},"modified":"2020-08-27T09:47:52","modified_gmt":"2020-08-27T12:47:52","slug":"congresso-promulga-emenda-que-torna-o-fundeb-permanente","status":"publish","type":"post","link":"https:\/\/www.caririemacao.com\/1\/2020\/08\/27\/congresso-promulga-emenda-que-torna-o-fundeb-permanente\/","title":{"rendered":"Congresso promulga emenda que torna o Fundeb permanente"},"content":{"rendered":"\n<h2 class=\"wp-block-heading\"><\/h2>\n\n\n\n<p>O presidente do Congresso Nacional, senador Davi Alcolumbre, promulgou hoje (26) a&nbsp;<a href=\"https:\/\/legis.senado.leg.br\/sdleg-getter\/documento?dm=8867664&amp;ts=1598447152271&amp;disposition=inline\" target=\"_blank\" rel=\"noreferrer noopener\">Emenda Constitucional (EC) 108\/20<\/a>&nbsp;que torna permanente o Fundo de Manuten\u00e7\u00e3o e Desenvolvimento da Educa\u00e7\u00e3o B\u00e1sica e de Valoriza\u00e7\u00e3o dos Profissionais da Educa\u00e7\u00e3o (Fundeb). A medida amplia de 10% para 23% a participa\u00e7\u00e3o da Uni\u00e3o no financiamento da educa\u00e7\u00e3o b\u00e1sica e altera a forma de distribui\u00e7\u00e3o dos recursos entre os entes federados.<img decoding=\"async\" data-src=\"https:\/\/agenciabrasil.ebc.com.br\/ebc.png?id=1314866&amp;o=node\" src=\"data:image\/svg+xml;base64,PHN2ZyB3aWR0aD0iMSIgaGVpZ2h0PSIxIiB4bWxucz0iaHR0cDovL3d3dy53My5vcmcvMjAwMC9zdmciPjwvc3ZnPg==\" class=\"lazyload\"><img decoding=\"async\" data-src=\"https:\/\/agenciabrasil.ebc.com.br\/ebc.gif?id=1314866&amp;o=node\" src=\"data:image\/svg+xml;base64,PHN2ZyB3aWR0aD0iMSIgaGVpZ2h0PSIxIiB4bWxucz0iaHR0cDovL3d3dy53My5vcmcvMjAwMC9zdmciPjwvc3ZnPg==\" class=\"lazyload\"><\/p>\n\n\n\n<p>Para Alcolumbre, a emenda \u00e9 uma das contribui\u00e7\u00f5es mais relevantes e de maior impacto social que o Congresso Nacional incorporou nos \u00faltimos tempos no patrim\u00f4nio jur\u00eddico brasileiro. &#8220;Apenas um olhar especial para os nosso jovens e crian\u00e7as poder\u00e1 nos redimir como sociedade e nos justificar como na\u00e7\u00e3o&#8221;, disse.<\/p>\n\n\n\n<p>Ele destacou a concilia\u00e7\u00e3o e comprometimento de deputados e senadores para assegurar a tramita\u00e7\u00e3o e aprova\u00e7\u00e3o da mat\u00e9ria. O texto foi&nbsp;<a href=\"https:\/\/agenciabrasil.ebc.com.br\/politica\/noticia\/2020-07\/camara-conclui-analise-de-pec-que-torna-fundeb-permanente\" target=\"_blank\" rel=\"noreferrer noopener\">aprovado na C\u00e2mara dos Deputados<\/a>&nbsp;em julho e, ontem (25), foi apreciada no Senado em primeiro e segundo turno, e aprovado por unanimidade. \u201cHoje n\u00f3s asseguramos na Constitui\u00e7\u00e3o a perenidade da educa\u00e7\u00e3o. A educa\u00e7\u00e3o, que aguardava a d\u00e9cadas esse gesto do Parlamento brasileiro\u201d, disse o senador durante sess\u00e3o solene virtual.<\/p>\n","protected":false},"excerpt":{"rendered":"<p>O presidente do Congresso Nacional, senador Davi Alcolumbre, promulgou hoje (26) a&nbsp;Emenda Constitucional (EC) 108\/20&nbsp;que torna permanente o Fundo de Manuten\u00e7\u00e3o e Desenvolvimento da Educa\u00e7\u00e3o&hellip; <\/p>\n","protected":false},"author":2,"featured_media":185650,"comment_status":"closed","ping_status":"closed","sticky":false,"template":"","format":"standard","meta":{"sfsi_plus_gutenberg_text_before_share":"","sfsi_plus_gutenberg_show_text_before_share":"","sfsi_plus_gutenberg_icon_type":"","sfsi_plus_gutenberg_icon_alignemt":"","sfsi_plus_gutenburg_max_per_row":"","footnotes":""},"categories":[2],"tags":[],"class_list":["post-185649","post","type-post","status-publish","format-standard","has-post-thumbnail","hentry","category-geral"],"_links":{"self":[{"href":"https:\/\/www.caririemacao.com\/1\/wp-json\/wp\/v2\/posts\/185649","targetHints":{"allow":["GET"]}}],"collection":[{"href":"https:\/\/www.caririemacao.com\/1\/wp-json\/wp\/v2\/posts"}],"about":[{"href":"https:\/\/www.caririemacao.com\/1\/wp-json\/wp\/v2\/types\/post"}],"author":[{"embeddable":true,"href":"https:\/\/www.caririemacao.com\/1\/wp-json\/wp\/v2\/users\/2"}],"replies":[{"embeddable":true,"href":"https:\/\/www.caririemacao.com\/1\/wp-json\/wp\/v2\/comments?post=185649"}],"version-history":[{"count":1,"href":"https:\/\/www.caririemacao.com\/1\/wp-json\/wp\/v2\/posts\/185649\/revisions"}],"predecessor-version":[{"id":185651,"href":"https:\/\/www.caririemacao.com\/1\/wp-json\/wp\/v2\/posts\/185649\/revisions\/185651"}],"wp:featuredmedia":[{"embeddable":true,"href":"https:\/\/www.caririemacao.com\/1\/wp-json\/wp\/v2\/media\/185650"}],"wp:attachment":[{"href":"https:\/\/www.caririemacao.com\/1\/wp-json\/wp\/v2\/media?parent=185649"}],"wp:term":[{"taxonomy":"category","embeddable":true,"href":"https:\/\/www.caririemacao.com\/1\/wp-json\/wp\/v2\/categories?post=185649"},{"taxonomy":"post_tag","embeddable":true,"href":"https:\/\/www.caririemacao.com\/1\/wp-json\/wp\/v2\/tags?post=185649"}],"curies":[{"name":"wp","href":"https:\/\/api.w.org\/{rel}","templated":true}]}}