{"id":185658,"date":"2020-08-27T09:59:59","date_gmt":"2020-08-27T12:59:59","guid":{"rendered":"https:\/\/www.caririemacao.com\/1\/?p=185658"},"modified":"2020-08-27T09:59:59","modified_gmt":"2020-08-27T12:59:59","slug":"brasileiro-sao-paulo-vence-athletico-pr-e-assume-terceira-posicao","status":"publish","type":"post","link":"https:\/\/www.caririemacao.com\/1\/2020\/08\/27\/brasileiro-sao-paulo-vence-athletico-pr-e-assume-terceira-posicao\/","title":{"rendered":"Brasileiro: S\u00e3o Paulo vence Athletico-PR e assume terceira posi\u00e7\u00e3o"},"content":{"rendered":"\n<h2 class=\"wp-block-heading\"><\/h2>\n\n\n\n<p>O resultado foi muito importante para o t\u00e9cnico Fernando Diniz, que vem sendo muito pressionado pela torcida.<\/p>\n\n\n\n<p>O gol da vit\u00f3ria foi marcado pelo atacante Luciano aos 19 do segundo tempo. Daniel Alves cobrou escanteio, Vinicius Mingotti desviou e Luciano, quase em cima da linha do gol, s\u00f3 teve o trabalho de escorar.<\/p>\n\n\n\n<p>O S\u00e3o Paulo volta a jogar no pr\u00f3ximo domingo (30), no cl\u00e1ssico contra o Corinthians \u00e0s 11h (hor\u00e1rio de Bras\u00edlia), j\u00e1 o Athletico s\u00f3 volta a entrar em campo na pr\u00f3xima quarta (2), contra o Bragantino.<\/p>\n","protected":false},"excerpt":{"rendered":"<p>O resultado foi muito importante para o t\u00e9cnico Fernando Diniz, que vem sendo muito pressionado pela torcida. O gol da vit\u00f3ria foi marcado pelo atacante&hellip; <\/p>\n","protected":false},"author":2,"featured_media":185660,"comment_status":"closed","ping_status":"closed","sticky":false,"template":"","format":"standard","meta":{"sfsi_plus_gutenberg_text_before_share":"","sfsi_plus_gutenberg_show_text_before_share":"","sfsi_plus_gutenberg_icon_type":"","sfsi_plus_gutenberg_icon_alignemt":"","sfsi_plus_gutenburg_max_per_row":"","footnotes":""},"categories":[13],"tags":[],"class_list":["post-185658","post","type-post","status-publish","format-standard","has-post-thumbnail","hentry","category-esportes"],"_links":{"self":[{"href":"https:\/\/www.caririemacao.com\/1\/wp-json\/wp\/v2\/posts\/185658","targetHints":{"allow":["GET"]}}],"collection":[{"href":"https:\/\/www.caririemacao.com\/1\/wp-json\/wp\/v2\/posts"}],"about":[{"href":"https:\/\/www.caririemacao.com\/1\/wp-json\/wp\/v2\/types\/post"}],"author":[{"embeddable":true,"href":"https:\/\/www.caririemacao.com\/1\/wp-json\/wp\/v2\/users\/2"}],"replies":[{"embeddable":true,"href":"https:\/\/www.caririemacao.com\/1\/wp-json\/wp\/v2\/comments?post=185658"}],"version-history":[{"count":1,"href":"https:\/\/www.caririemacao.com\/1\/wp-json\/wp\/v2\/posts\/185658\/revisions"}],"predecessor-version":[{"id":185661,"href":"https:\/\/www.caririemacao.com\/1\/wp-json\/wp\/v2\/posts\/185658\/revisions\/185661"}],"wp:featuredmedia":[{"embeddable":true,"href":"https:\/\/www.caririemacao.com\/1\/wp-json\/wp\/v2\/media\/185660"}],"wp:attachment":[{"href":"https:\/\/www.caririemacao.com\/1\/wp-json\/wp\/v2\/media?parent=185658"}],"wp:term":[{"taxonomy":"category","embeddable":true,"href":"https:\/\/www.caririemacao.com\/1\/wp-json\/wp\/v2\/categories?post=185658"},{"taxonomy":"post_tag","embeddable":true,"href":"https:\/\/www.caririemacao.com\/1\/wp-json\/wp\/v2\/tags?post=185658"}],"curies":[{"name":"wp","href":"https:\/\/api.w.org\/{rel}","templated":true}]}}