{"id":185663,"date":"2020-08-27T10:04:27","date_gmt":"2020-08-27T13:04:27","guid":{"rendered":"https:\/\/www.caririemacao.com\/1\/?p=185663"},"modified":"2020-08-27T10:04:27","modified_gmt":"2020-08-27T13:04:27","slug":"projeto-ensina-professores-a-lidar-com-criancas-com-autismo","status":"publish","type":"post","link":"https:\/\/www.caririemacao.com\/1\/2020\/08\/27\/projeto-ensina-professores-a-lidar-com-criancas-com-autismo\/","title":{"rendered":"Projeto ensina professores a lidar com crian\u00e7as com autismo"},"content":{"rendered":"\n<p>Assim como muitos educadores, a pesquisadora e professora da rede municipal de S\u00e3o Carlos (SP), Viviane Macedo, sentia dificuldade em ensinar repert\u00f3rios comportamentais e acad\u00eamicos aos alunos com autismo. Pesquisas cient\u00edficas mostram que essa \u00e9 a realidade de muitos professores da Educa\u00e7\u00e3o B\u00e1sica, que se sentem frustrados quando precisam lidar com crian\u00e7as com autismo. Mesmo os profissionais formados em Educa\u00e7\u00e3o Especial&nbsp;encontram dificuldades na hora de trabalhar com elas.<\/p>\n\n\n\n<p>Pensando nesses desafios, Viviane Macedo, mestranda no Programa de P\u00f3s-Gradua\u00e7\u00e3o em Educa\u00e7\u00e3o Especial (PPGEEs) da Universidade Federal de S\u00e3o Carlos (UFSCar), produziu, em disserta\u00e7\u00e3o do&nbsp;mestrado, tr\u00eas v\u00eddeos que ensinam algumas t\u00e9cnicas baseadas na An\u00e1lise do Comportamento Aplicada para quem ainda n\u00e3o conhece a maneira correta de ensinar crian\u00e7as&nbsp;com autismo,. O objetivo \u00e9 alcan\u00e7ar maior n\u00famero de profissionais que trabalham com crian\u00e7as com o Transtorno do Espectro Autista (TEA).<\/p>\n\n\n\n<p>\u201cA proposta da pesquisa foi desenvolver v\u00eddeos animados autoinstrucionais &#8211; que possibilitam o aprendizado aut\u00f4nomo &#8211; para ensinar professores a identificarem prefer\u00eancias de crian\u00e7as com\u00a0TEA. Explico no trabalho a fundamental import\u00e2ncia da utiliza\u00e7\u00e3o desses itens preferidos como ferramenta \u201cmotivacional\u201d para as crian\u00e7as permanecerem sentadas durante o ensino, responderem adequadamente \u00e0s demandas propostas, al\u00e9m de diminuir a ocorr\u00eancia de comportamentos inadequados. A falta de motiva\u00e7\u00e3o pode, assim, constituir-se em barreira na programa\u00e7\u00e3o de ensino\u201d, explica Viviane.<\/p>\n\n\n\n<p>Nos tutorais, os professores poder\u00e3o aprender a aplicar uma das avalia\u00e7\u00f5es de prefer\u00eancia de escolha que existem na literatura cient\u00edfica. A educadora, que tamb\u00e9m se especializou no Instituto LAHMIEI Autismo, da UFSCar, explica que identificar os itens refor\u00e7adores de uma crian\u00e7a \u00e9 uma das ferramentas fundamentais para instalar e fortalecer novos comportamentos.<\/p>\n\n\n\n<p>\u201cOs v\u00eddeos apresentam estrat\u00e9gias sobre como preparar o ambiente e manejar os objetos para aplicar uma avalia\u00e7\u00e3o de prefer\u00eancia e, consequentemente, como elaborar uma lista de maior e menor prefer\u00eancia da crian\u00e7a, uma estrat\u00e9gia important\u00edssima principalmente se ela&nbsp;n\u00e3o apresentar fala\u201d, diz a professora.<\/p>\n\n\n\n<p>Na opini\u00e3o de Viviane, diversas quest\u00f5es ainda dificultam a inclus\u00e3o adequada das crian\u00e7as com TEA nas escolas. \u201cA superlota\u00e7\u00e3o das salas de aula e a dificuldade dos professores em lidar com elas&nbsp;s\u00e3o barreiras comumente encontradas no sistema p\u00fablico de ensino, e que inviabilizam a inclus\u00e3o de qualidade dessas crian\u00e7as\u201d.<\/p>\n\n\n\n<p>A pesquisadora espera que os educadores possam entender como analisar o comportamento das crian\u00e7as com autismo, para que seja mais f\u00e1cil saber quais&nbsp;tarefas ensinar e como ensinar.<\/p>\n\n\n\n<p>A disserta\u00e7\u00e3o de mestrado de Viviane, que deu origem aos v\u00eddeos, ser\u00e1 defendida no fim\u00a0de setembro,\u00a0e os tutoriais ser\u00e3o divulgados ap\u00f3s a defesa.\u00a0<\/p>\n\n\n\n<p>O LIBERAL<\/p>\n","protected":false},"excerpt":{"rendered":"<p>Assim como muitos educadores, a pesquisadora e professora da rede municipal de S\u00e3o Carlos (SP), Viviane Macedo, sentia dificuldade em ensinar repert\u00f3rios comportamentais e acad\u00eamicos&hellip; <\/p>\n","protected":false},"author":1,"featured_media":185667,"comment_status":"closed","ping_status":"closed","sticky":false,"template":"","format":"standard","meta":{"sfsi_plus_gutenberg_text_before_share":"","sfsi_plus_gutenberg_show_text_before_share":"","sfsi_plus_gutenberg_icon_type":"","sfsi_plus_gutenberg_icon_alignemt":"","sfsi_plus_gutenburg_max_per_row":"","footnotes":""},"categories":[50,14],"tags":[],"class_list":["post-185663","post","type-post","status-publish","format-standard","has-post-thumbnail","hentry","category-destaque","category-educacao"],"_links":{"self":[{"href":"https:\/\/www.caririemacao.com\/1\/wp-json\/wp\/v2\/posts\/185663","targetHints":{"allow":["GET"]}}],"collection":[{"href":"https:\/\/www.caririemacao.com\/1\/wp-json\/wp\/v2\/posts"}],"about":[{"href":"https:\/\/www.caririemacao.com\/1\/wp-json\/wp\/v2\/types\/post"}],"author":[{"embeddable":true,"href":"https:\/\/www.caririemacao.com\/1\/wp-json\/wp\/v2\/users\/1"}],"replies":[{"embeddable":true,"href":"https:\/\/www.caririemacao.com\/1\/wp-json\/wp\/v2\/comments?post=185663"}],"version-history":[{"count":1,"href":"https:\/\/www.caririemacao.com\/1\/wp-json\/wp\/v2\/posts\/185663\/revisions"}],"predecessor-version":[{"id":185669,"href":"https:\/\/www.caririemacao.com\/1\/wp-json\/wp\/v2\/posts\/185663\/revisions\/185669"}],"wp:featuredmedia":[{"embeddable":true,"href":"https:\/\/www.caririemacao.com\/1\/wp-json\/wp\/v2\/media\/185667"}],"wp:attachment":[{"href":"https:\/\/www.caririemacao.com\/1\/wp-json\/wp\/v2\/media?parent=185663"}],"wp:term":[{"taxonomy":"category","embeddable":true,"href":"https:\/\/www.caririemacao.com\/1\/wp-json\/wp\/v2\/categories?post=185663"},{"taxonomy":"post_tag","embeddable":true,"href":"https:\/\/www.caririemacao.com\/1\/wp-json\/wp\/v2\/tags?post=185663"}],"curies":[{"name":"wp","href":"https:\/\/api.w.org\/{rel}","templated":true}]}}