{"id":185664,"date":"2020-08-27T10:04:24","date_gmt":"2020-08-27T13:04:24","guid":{"rendered":"https:\/\/www.caririemacao.com\/1\/?p=185664"},"modified":"2020-08-27T10:04:24","modified_gmt":"2020-08-27T13:04:24","slug":"botafogo-vence-parana-fora-de-casa-e-avanca-na-copa-do-brasil","status":"publish","type":"post","link":"https:\/\/www.caririemacao.com\/1\/2020\/08\/27\/botafogo-vence-parana-fora-de-casa-e-avanca-na-copa-do-brasil\/","title":{"rendered":"Botafogo vence Paran\u00e1 fora de casa e avan\u00e7a na Copa do Brasil"},"content":{"rendered":"\n<h2 class=\"wp-block-heading\"><\/h2>\n\n\n\n<p>Em jogo disputado no est\u00e1dio Durival Britto, o Botafogo derrotou o Paran\u00e1 por 2 a 1 na noite desta quarta-feira (26) e garantiu a classifica\u00e7\u00e3o para a quarta fase da Copa do Brasil. O time de General Severiano havia vencido a partida de ida por 1 a 0.<img decoding=\"async\" data-src=\"https:\/\/agenciabrasil.ebc.com.br\/ebc.png?id=1314909&amp;o=node\" src=\"data:image\/svg+xml;base64,PHN2ZyB3aWR0aD0iMSIgaGVpZ2h0PSIxIiB4bWxucz0iaHR0cDovL3d3dy53My5vcmcvMjAwMC9zdmciPjwvc3ZnPg==\" class=\"lazyload\"><img decoding=\"async\" data-src=\"https:\/\/agenciabrasil.ebc.com.br\/ebc.gif?id=1314909&amp;o=node\" src=\"data:image\/svg+xml;base64,PHN2ZyB3aWR0aD0iMSIgaGVpZ2h0PSIxIiB4bWxucz0iaHR0cDovL3d3dy53My5vcmcvMjAwMC9zdmciPjwvc3ZnPg==\" class=\"lazyload\"><\/p>\n\n\n\n<p>Ap\u00f3s uma etapa inicial sem gols, o Botafogo abriu o placar logo aos 4 minutos do segundo tempo com o zagueiro Marcelo Benevenuto, que fez de cabe\u00e7a ap\u00f3s cobran\u00e7a de escanteio de Bruno Naz\u00e1rio.<\/p>\n\n\n\n<p>Por\u00e9m, o Paran\u00e1 n\u00e3o se entregou no jogo e empatou aos 10 minutos, quando o zagueiro Thales aproveitou bola que sobrou na \u00e1rea para vencer o goleiro Gatito Fern\u00e1ndez.<\/p>\n\n\n\n<p>O time da casa continuou tentando fazer o placar que lhe garantiria a classifica\u00e7\u00e3o, mas quem acabou marcando mais uma vez foi o Botafogo, nos acr\u00e9scimos do segundo tempo em cobran\u00e7a de p\u00eanalti do lateral Danilo Barcelos. Final de jogo Paran\u00e1 1, Botafogo 2.<\/p>\n\n\n\n<p>O time carioca agora aguarda sorteio a ser realizado pela Confedera\u00e7\u00e3o Brasileira de Futebol (CBF) para saber quem ser\u00e1 seu advers\u00e1rio na pr\u00f3xima fase da competi\u00e7\u00e3o.<\/p>\n","protected":false},"excerpt":{"rendered":"<p>Em jogo disputado no est\u00e1dio Durival Britto, o Botafogo derrotou o Paran\u00e1 por 2 a 1 na noite desta quarta-feira (26) e garantiu a classifica\u00e7\u00e3o&hellip; <\/p>\n","protected":false},"author":2,"featured_media":185666,"comment_status":"closed","ping_status":"closed","sticky":false,"template":"","format":"standard","meta":{"sfsi_plus_gutenberg_text_before_share":"","sfsi_plus_gutenberg_show_text_before_share":"","sfsi_plus_gutenberg_icon_type":"","sfsi_plus_gutenberg_icon_alignemt":"","sfsi_plus_gutenburg_max_per_row":"","footnotes":""},"categories":[13],"tags":[],"class_list":["post-185664","post","type-post","status-publish","format-standard","has-post-thumbnail","hentry","category-esportes"],"_links":{"self":[{"href":"https:\/\/www.caririemacao.com\/1\/wp-json\/wp\/v2\/posts\/185664","targetHints":{"allow":["GET"]}}],"collection":[{"href":"https:\/\/www.caririemacao.com\/1\/wp-json\/wp\/v2\/posts"}],"about":[{"href":"https:\/\/www.caririemacao.com\/1\/wp-json\/wp\/v2\/types\/post"}],"author":[{"embeddable":true,"href":"https:\/\/www.caririemacao.com\/1\/wp-json\/wp\/v2\/users\/2"}],"replies":[{"embeddable":true,"href":"https:\/\/www.caririemacao.com\/1\/wp-json\/wp\/v2\/comments?post=185664"}],"version-history":[{"count":1,"href":"https:\/\/www.caririemacao.com\/1\/wp-json\/wp\/v2\/posts\/185664\/revisions"}],"predecessor-version":[{"id":185668,"href":"https:\/\/www.caririemacao.com\/1\/wp-json\/wp\/v2\/posts\/185664\/revisions\/185668"}],"wp:featuredmedia":[{"embeddable":true,"href":"https:\/\/www.caririemacao.com\/1\/wp-json\/wp\/v2\/media\/185666"}],"wp:attachment":[{"href":"https:\/\/www.caririemacao.com\/1\/wp-json\/wp\/v2\/media?parent=185664"}],"wp:term":[{"taxonomy":"category","embeddable":true,"href":"https:\/\/www.caririemacao.com\/1\/wp-json\/wp\/v2\/categories?post=185664"},{"taxonomy":"post_tag","embeddable":true,"href":"https:\/\/www.caririemacao.com\/1\/wp-json\/wp\/v2\/tags?post=185664"}],"curies":[{"name":"wp","href":"https:\/\/api.w.org\/{rel}","templated":true}]}}