{"id":185675,"date":"2020-08-27T10:08:10","date_gmt":"2020-08-27T13:08:10","guid":{"rendered":"https:\/\/www.caririemacao.com\/1\/?p=185675"},"modified":"2020-08-27T10:08:10","modified_gmt":"2020-08-27T13:08:10","slug":"homem-e-morto-a-tiros-apos-tentar-assaltar-fazenda-no-municipio-de-soledade","status":"publish","type":"post","link":"https:\/\/www.caririemacao.com\/1\/2020\/08\/27\/homem-e-morto-a-tiros-apos-tentar-assaltar-fazenda-no-municipio-de-soledade\/","title":{"rendered":"Homem \u00e9 morto a tiros ap\u00f3s tentar assaltar fazenda no munic\u00edpio de Soledade"},"content":{"rendered":"\n<h1 class=\"wp-block-heading\"><\/h1>\n\n\n\n<hr class=\"wp-block-separator\"\/>\n\n\n\n<p>Um homem foi morto na manh\u00e3 desta quarta-feira (26) na zona rural do munic\u00edpio de Soledade, interior da Para\u00edba, ap\u00f3s uma tentativa frustada de roubo a uma fazenda.<\/p>\n\n\n\n<p>Segundo informa\u00e7\u00f5es, eram dois meliantes em uma motocicleta e, enquanto um cometia o assalto, o outro esperava para dar fuga. Por\u00e9m uma pessoa da fazenda percebeu a a\u00e7\u00e3o e disparou um tiro com uma arma de fogo, matando um dos supostos ladr\u00f5es que at\u00e9 o momento n\u00e3o foram identificado.<\/p>\n\n\n\n<p>Um dos criminosos conseguiu fugir da fazenda.<\/p>\n\n\n\n<p>A tentativa de assalto aconteceu na zona norte de Soledade, sentido S\u00e3o Vicente do Serid\u00f3 e, de acordo com informa\u00e7\u00f5es colhidas pelo portal, a fazenda pertence a um homem de nome Fernando Borba.<\/p>\n","protected":false},"excerpt":{"rendered":"<p>Um homem foi morto na manh\u00e3 desta quarta-feira (26) na zona rural do munic\u00edpio de Soledade, interior da Para\u00edba, ap\u00f3s uma tentativa frustada de roubo&hellip; <\/p>\n","protected":false},"author":2,"featured_media":185681,"comment_status":"closed","ping_status":"closed","sticky":false,"template":"","format":"standard","meta":{"sfsi_plus_gutenberg_text_before_share":"","sfsi_plus_gutenberg_show_text_before_share":"","sfsi_plus_gutenberg_icon_type":"","sfsi_plus_gutenberg_icon_alignemt":"","sfsi_plus_gutenburg_max_per_row":"","footnotes":""},"categories":[12],"tags":[],"class_list":["post-185675","post","type-post","status-publish","format-standard","has-post-thumbnail","hentry","category-policia"],"_links":{"self":[{"href":"https:\/\/www.caririemacao.com\/1\/wp-json\/wp\/v2\/posts\/185675","targetHints":{"allow":["GET"]}}],"collection":[{"href":"https:\/\/www.caririemacao.com\/1\/wp-json\/wp\/v2\/posts"}],"about":[{"href":"https:\/\/www.caririemacao.com\/1\/wp-json\/wp\/v2\/types\/post"}],"author":[{"embeddable":true,"href":"https:\/\/www.caririemacao.com\/1\/wp-json\/wp\/v2\/users\/2"}],"replies":[{"embeddable":true,"href":"https:\/\/www.caririemacao.com\/1\/wp-json\/wp\/v2\/comments?post=185675"}],"version-history":[{"count":1,"href":"https:\/\/www.caririemacao.com\/1\/wp-json\/wp\/v2\/posts\/185675\/revisions"}],"predecessor-version":[{"id":185682,"href":"https:\/\/www.caririemacao.com\/1\/wp-json\/wp\/v2\/posts\/185675\/revisions\/185682"}],"wp:featuredmedia":[{"embeddable":true,"href":"https:\/\/www.caririemacao.com\/1\/wp-json\/wp\/v2\/media\/185681"}],"wp:attachment":[{"href":"https:\/\/www.caririemacao.com\/1\/wp-json\/wp\/v2\/media?parent=185675"}],"wp:term":[{"taxonomy":"category","embeddable":true,"href":"https:\/\/www.caririemacao.com\/1\/wp-json\/wp\/v2\/categories?post=185675"},{"taxonomy":"post_tag","embeddable":true,"href":"https:\/\/www.caririemacao.com\/1\/wp-json\/wp\/v2\/tags?post=185675"}],"curies":[{"name":"wp","href":"https:\/\/api.w.org\/{rel}","templated":true}]}}