{"id":185679,"date":"2020-08-27T11:17:32","date_gmt":"2020-08-27T14:17:32","guid":{"rendered":"https:\/\/www.caririemacao.com\/1\/?p=185679"},"modified":"2020-08-27T11:17:32","modified_gmt":"2020-08-27T14:17:32","slug":"no-dia-do-psicologo-27-profissionais-relatam-que-demandas-dobraram-por-conta-da-pandemia","status":"publish","type":"post","link":"https:\/\/www.caririemacao.com\/1\/2020\/08\/27\/no-dia-do-psicologo-27-profissionais-relatam-que-demandas-dobraram-por-conta-da-pandemia\/","title":{"rendered":"No Dia do Psic\u00f3logo (27), profissionais relatam que demandas dobraram por conta da pandemia"},"content":{"rendered":"\n<p>Nesta quinta-feira (27), Dia do Psic\u00f3logo, que marca os 58 anos da regulamenta\u00e7\u00e3o da profiss\u00e3o no Brasil, representantes da \u00e1rea relatam que dobrou a procura por atendimento diante de sintomas depressivos e quadros de ansiedade ocasionados pela covid-19. No contexto de um ano at\u00edpico de pandemia, esses atendimentos tamb\u00e9m foram adaptados para o meio virtual juntamente com uma s\u00e9rie de orienta\u00e7\u00f5es para enfrentamento das demandas.<\/p>\n\n\n\n<p>O psic\u00f3logo e psicanalista Leivanio Rodrigues (CRP\/PA 10\u00aa regi\u00e3o 3796) define que &#8220;ser psic\u00f3logo \u00e9 ter a responsabilidade de segurar a m\u00e3o daqueles que desejam entrar na pr\u00f3pria casa de luz apagada&#8221;. Com atua\u00e7\u00e3o no Hospital das Cl\u00ednicas de Bragan\u00e7a (PA), refer\u00eancia em sa\u00fade mental, ele disse que os desafios causados pela covid-19 ainda s\u00e3o intensos e complexos.<\/p>\n\n\n\n<p>&#8220;Muitos estiveram na linha de frente ou na retaguarda em seus consult\u00f3rios, atuando com demandas que a pandemia nos imp\u00f5e. N\u00e3o est\u00e1vamos preparados, mas foi necess\u00e1rio reinventar formas para dar suportes \u00e0 sociedade e seguir com o acompanhamento de nossos pacientes mesmo que via remoto&#8221;, relatou. &#8220;Cada sujeito foi atravessado de forma subjetiva e falar disso \u00e9 fundamental para conseguir estrat\u00e9gias poss\u00edveis durante esse per\u00edodo&#8221;.<\/p>\n\n\n\n<p>Leivanio exemplificou o aumento da demanda. &#8220;Em consult\u00f3rio e no servi\u00e7o ambulat\u00f3rio de sa\u00fade mental do Hospital das Cl\u00ednicas de Bragan\u00e7a, a procura do servi\u00e7o por demanda de sintomas depressivos e quadro de ansiedade dobraram durante esse per\u00edodo pand\u00eamico. \u00c9 importante saber o que mais preocupa cada sujeito e o que esse momento representa a ele. Precisa-se lidar com a demanda no \u00e2mbito coletivo e subjetivo, pois s\u00f3 assim pode entender a fonte de sua ang\u00fastia e o impacto que esse momento pode causar&#8221;, destacou.<\/p>\n\n\n\n<p>O psic\u00f3logo conta que alguns sujeitos possuem problemas psicoemocionais ou at\u00e9 psiqui\u00e1tricos preexistentes. Durante uma situa\u00e7\u00e3o de pandemia, o sofrimento leva a manifestar sintomas de diversas ordem. &#8220;Esse sofrimento precisa ser acolhido e ouvido profissionalmente quando o sujeito passa a apresentar demanda que necessita de interven\u00e7\u00e3o profissional, como quadro depressivo, crises recorrentes de ansiedade, s\u00edndrome do p\u00e2nico, idea\u00e7\u00e3o suicida, transtorno p\u00f3s-traum\u00e1tico etc&#8221;.<\/p>\n\n\n\n<p>No entanto, \u00e9 comum as pessoas deprimirem e manifestarem quadros de ansiedade reativa pela viv\u00eancia do pr\u00f3prio isolamento social, que \u00e9 uma das principais causas de demandas psicol\u00f3gicas e emocionais durante esse momento. &#8220;Tamb\u00e9m \u00e9 importante conhecer o seu limite, por\u00e9m \u00e9 fundamental que, minimamente, fa\u00e7a contato com o que est\u00e1 acontecendo para n\u00e3o entrar em um processo de nega\u00e7\u00e3o e levar a um comportamento inconsequente que estenda o tempo de infec\u00e7\u00e3o comunit\u00e1ria pelo v\u00edrus&#8221;, finalizou Leivanio.<\/p>\n\n\n\n<p><strong>Novos arranjos<\/strong><\/p>\n\n\n\n<p>A psic\u00f3loga e psicanalista Rose Torres (CRP\/PA 10\u00aa regi\u00e3o 02221), de Bel\u00e9m, tamb\u00e9m relatou o aumento da demanda. Dentre os principais desafios que o psic\u00f3logo enfrenta no contexto pand\u00eamico, ela citou a necessidade de fazer novos arranjos na cl\u00ednica, seja nas institui\u00e7\u00f5es ou cl\u00ednicas particulares. &#8220;A pandemia surpreendeu a todos e trouxe consigo uma avalanche de sofrimento ps\u00edquico, o que aumentou a demanda de procura pela escuta psicol\u00f3gica&#8221;, contou.<\/p>\n\n\n\n<p>&#8220;Nesse sentido, a modalidade do atendimento virtual foi de extrema relev\u00e2ncia neste per\u00edodo, se tornando um espa\u00e7o de possibilidades e entraves. Penso que saberemos mais os efeitos dessa experi\u00eancia virtual mais l\u00e1 adiante, quando pudermos considerar encerrado esse per\u00edodo pand\u00eamico&#8221;, completou.<\/p>\n\n\n\n<p>Ela listou as demandas mais recorrentes no atual cen\u00e1rio. &#8220;Na minha experi\u00eancia cl\u00ednica, as principais demandas foram ansiedade, sentimento de desamparo e medo da morte. A pandemia nos coloca de frente \u00e0 nossa finitude. Mas, por outro lado, pude igualmente testemunhar grandes supera\u00e7\u00f5es de pessoas que fizeram um bom uso da solidariedade e da sua humanidade&#8221;, concluiu Rose Torres.<\/p>\n\n\n\n<p><strong>Psicologia &#8211; dicas para lidar com os desafios diante da pandemia<\/strong><br>1. Criar rotina no confinamento ou no \u201cnovo normal\u201d para que se crie possibilidade de vida p\u00f3s-pandemia;<br>2. Limitar a quantidade de not\u00edcias e posts em redes sociais que aumente o sofrimento ps\u00edquico;<br>3. Entender que o isolamento e as restri\u00e7\u00f5es \u00e9 por uma necessidade e n\u00e3o uma puni\u00e7\u00e3o;<br>4. Falar sobre a pandemia para buscar representa\u00e7\u00e3o ps\u00edquica para esse momento;<br>5. N\u00e3o hesitar em procurar ajuda profissional quando a viv\u00eancia trouxer preju\u00edzo ps\u00edquico, emocional e f\u00edsico.<\/p>\n\n\n\n<p><br><strong>Fonte: Leivanio Rodrigues &#8211; especialista em Psicologia da Sa\u00fade<\/strong><\/p>\n","protected":false},"excerpt":{"rendered":"<p>Nesta quinta-feira (27), Dia do Psic\u00f3logo, que marca os 58 anos da regulamenta\u00e7\u00e3o da profiss\u00e3o no Brasil, representantes da \u00e1rea relatam que dobrou a procura&hellip; <\/p>\n","protected":false},"author":1,"featured_media":185699,"comment_status":"closed","ping_status":"closed","sticky":false,"template":"","format":"standard","meta":{"sfsi_plus_gutenberg_text_before_share":"","sfsi_plus_gutenberg_show_text_before_share":"","sfsi_plus_gutenberg_icon_type":"","sfsi_plus_gutenberg_icon_alignemt":"","sfsi_plus_gutenburg_max_per_row":"","footnotes":""},"categories":[50],"tags":[],"class_list":["post-185679","post","type-post","status-publish","format-standard","has-post-thumbnail","hentry","category-destaque"],"_links":{"self":[{"href":"https:\/\/www.caririemacao.com\/1\/wp-json\/wp\/v2\/posts\/185679","targetHints":{"allow":["GET"]}}],"collection":[{"href":"https:\/\/www.caririemacao.com\/1\/wp-json\/wp\/v2\/posts"}],"about":[{"href":"https:\/\/www.caririemacao.com\/1\/wp-json\/wp\/v2\/types\/post"}],"author":[{"embeddable":true,"href":"https:\/\/www.caririemacao.com\/1\/wp-json\/wp\/v2\/users\/1"}],"replies":[{"embeddable":true,"href":"https:\/\/www.caririemacao.com\/1\/wp-json\/wp\/v2\/comments?post=185679"}],"version-history":[{"count":1,"href":"https:\/\/www.caririemacao.com\/1\/wp-json\/wp\/v2\/posts\/185679\/revisions"}],"predecessor-version":[{"id":185700,"href":"https:\/\/www.caririemacao.com\/1\/wp-json\/wp\/v2\/posts\/185679\/revisions\/185700"}],"wp:featuredmedia":[{"embeddable":true,"href":"https:\/\/www.caririemacao.com\/1\/wp-json\/wp\/v2\/media\/185699"}],"wp:attachment":[{"href":"https:\/\/www.caririemacao.com\/1\/wp-json\/wp\/v2\/media?parent=185679"}],"wp:term":[{"taxonomy":"category","embeddable":true,"href":"https:\/\/www.caririemacao.com\/1\/wp-json\/wp\/v2\/categories?post=185679"},{"taxonomy":"post_tag","embeddable":true,"href":"https:\/\/www.caririemacao.com\/1\/wp-json\/wp\/v2\/tags?post=185679"}],"curies":[{"name":"wp","href":"https:\/\/api.w.org\/{rel}","templated":true}]}}