{"id":185684,"date":"2020-08-27T10:12:45","date_gmt":"2020-08-27T13:12:45","guid":{"rendered":"https:\/\/www.caririemacao.com\/1\/?p=185684"},"modified":"2020-08-27T11:15:00","modified_gmt":"2020-08-27T14:15:00","slug":"covid-19-governo-do-estado-proibe-feira-de-animais-em-todo-territorio-paraibano","status":"publish","type":"post","link":"https:\/\/www.caririemacao.com\/1\/2020\/08\/27\/covid-19-governo-do-estado-proibe-feira-de-animais-em-todo-territorio-paraibano\/","title":{"rendered":"COVID-19: Governo do Estado pro\u00edbe Feira de Animais em todo territ\u00f3rio Paraibano"},"content":{"rendered":"\n<p>O Governo do Estado, atrav\u00e9s da Secretaria de Estado do Desenvolvimento da Agropecu\u00e1ria e da Pesca \u2013 SEDAP encaminhou of\u00edcio \u00e0 Prefeitura Municipal de Monteiro, determinando a interdi\u00e7\u00e3o da feira de gado do munic\u00edpio prevista para abrir no dia 05 de setembro.<\/p>\n\n\n\n<p>A medida vale para todos os 223 munic\u00edpios do estado, que possuam feira livre de animais (Feira de Gado, Caprinos, Ovinos, etc), atendendo a portaria n\u00b0 162 do Minist\u00e9rio da Agricultura, Pecu\u00e1ria e Abastecimento \u2013 MAPA.<\/p>\n\n\n\n<p>Confira abaixo o of\u00edcio que determinou a suspens\u00e3o da volta da Feira de Gado de Monteiro.<\/p>\n\n\n\n<figure class=\"wp-block-image\"><img decoding=\"async\" data-src=\"https:\/\/i0.wp.com\/www.vitrinedocariri.com.br\/wp-content\/uploads\/2020\/08\/Documento-1.jpeg?resize=213%2C300&amp;ssl=1\" alt=\"\" class=\"wp-image-78539 lazyload\" src=\"data:image\/svg+xml;base64,PHN2ZyB3aWR0aD0iMSIgaGVpZ2h0PSIxIiB4bWxucz0iaHR0cDovL3d3dy53My5vcmcvMjAwMC9zdmciPjwvc3ZnPg==\" \/><\/figure>\n\n\n\n<figure class=\"wp-block-image\"><img decoding=\"async\" data-src=\"https:\/\/i1.wp.com\/www.vitrinedocariri.com.br\/wp-content\/uploads\/2020\/08\/Documento-2.jpeg?resize=207%2C300&amp;ssl=1\" alt=\"\" class=\"wp-image-78540 lazyload\" src=\"data:image\/svg+xml;base64,PHN2ZyB3aWR0aD0iMSIgaGVpZ2h0PSIxIiB4bWxucz0iaHR0cDovL3d3dy53My5vcmcvMjAwMC9zdmciPjwvc3ZnPg==\" \/><\/figure>\n","protected":false},"excerpt":{"rendered":"<p>O Governo do Estado, atrav\u00e9s da Secretaria de Estado do Desenvolvimento da Agropecu\u00e1ria e da Pesca \u2013 SEDAP encaminhou of\u00edcio \u00e0 Prefeitura Municipal de Monteiro,&hellip; <\/p>\n","protected":false},"author":2,"featured_media":185695,"comment_status":"closed","ping_status":"closed","sticky":false,"template":"","format":"standard","meta":{"sfsi_plus_gutenberg_text_before_share":"","sfsi_plus_gutenberg_show_text_before_share":"","sfsi_plus_gutenberg_icon_type":"","sfsi_plus_gutenberg_icon_alignemt":"","sfsi_plus_gutenburg_max_per_row":"","footnotes":""},"categories":[16],"tags":[],"class_list":["post-185684","post","type-post","status-publish","format-standard","has-post-thumbnail","hentry","category-saude"],"_links":{"self":[{"href":"https:\/\/www.caririemacao.com\/1\/wp-json\/wp\/v2\/posts\/185684","targetHints":{"allow":["GET"]}}],"collection":[{"href":"https:\/\/www.caririemacao.com\/1\/wp-json\/wp\/v2\/posts"}],"about":[{"href":"https:\/\/www.caririemacao.com\/1\/wp-json\/wp\/v2\/types\/post"}],"author":[{"embeddable":true,"href":"https:\/\/www.caririemacao.com\/1\/wp-json\/wp\/v2\/users\/2"}],"replies":[{"embeddable":true,"href":"https:\/\/www.caririemacao.com\/1\/wp-json\/wp\/v2\/comments?post=185684"}],"version-history":[{"count":3,"href":"https:\/\/www.caririemacao.com\/1\/wp-json\/wp\/v2\/posts\/185684\/revisions"}],"predecessor-version":[{"id":185698,"href":"https:\/\/www.caririemacao.com\/1\/wp-json\/wp\/v2\/posts\/185684\/revisions\/185698"}],"wp:featuredmedia":[{"embeddable":true,"href":"https:\/\/www.caririemacao.com\/1\/wp-json\/wp\/v2\/media\/185695"}],"wp:attachment":[{"href":"https:\/\/www.caririemacao.com\/1\/wp-json\/wp\/v2\/media?parent=185684"}],"wp:term":[{"taxonomy":"category","embeddable":true,"href":"https:\/\/www.caririemacao.com\/1\/wp-json\/wp\/v2\/categories?post=185684"},{"taxonomy":"post_tag","embeddable":true,"href":"https:\/\/www.caririemacao.com\/1\/wp-json\/wp\/v2\/tags?post=185684"}],"curies":[{"name":"wp","href":"https:\/\/api.w.org\/{rel}","templated":true}]}}