{"id":185687,"date":"2020-08-27T10:16:39","date_gmt":"2020-08-27T13:16:39","guid":{"rendered":"https:\/\/www.caririemacao.com\/1\/?p=185687"},"modified":"2020-08-27T10:16:39","modified_gmt":"2020-08-27T13:16:39","slug":"boletim-informa-sobre-10-novos-casos-de-covid-e-06-pacientes-recuperados-de-covid","status":"publish","type":"post","link":"https:\/\/www.caririemacao.com\/1\/2020\/08\/27\/boletim-informa-sobre-10-novos-casos-de-covid-e-06-pacientes-recuperados-de-covid\/","title":{"rendered":"Boletim informa sobre 10 novos casos de covid e 06 pacientes recuperados de covid"},"content":{"rendered":"\n<h1 class=\"wp-block-heading\"><\/h1>\n\n\n\n<hr class=\"wp-block-separator\"\/>\n\n\n\n<p>Nota InformativaAtualizada em 26\/08\/2020A Secretaria Municipal de Sa\u00fade de Monteiro informa que nesta quarta-feira, 25, tivemos mais 10 novos casos CONFIRMADOS para Covid-19.Sendo 07 (sete) casos de 04, 14, 21, 27, 33, 34 e 60 anos do sexo feminino, e 03 (tr\u00eas) casos de 10, 18 e 58 anos, sexo masculino.&nbsp; Todos est\u00e3o sendo monitorados pela equipe de Vigil\u00e2ncia em Sa\u00fade do Munic\u00edpio, em isolamento domiciliar. Atualmente&nbsp; 01 (um) paciente encontra-se interno na Ala de COVID-19 no Hospital Regional Santa Filomena.Foram registrado nesta data 02 (dois) \u00f3bitos, ambos do sexo masculino, de 58 anos, diab\u00e9tico, e de 64 nos, hipertenso e card\u00edaco, um ocorreu na cidade de Monteiro e o outro em Campina Grande.Totalizamos nesta data 01 (um).paciente no Hospital das Cl\u00ednicas e 02 (dois) pacientes no Hospital Pedro I em Campina Grande em estado est\u00e1veis.Atestamos que nesta data foram registrados mais 06 (seis) casos RECUPERADOS, totalizando, 414 casos recuperados da COVID-19.<img decoding=\"async\" alt=\"&#x26a0;\" data-src=\"https:\/\/s.w.org\/images\/core\/emoji\/12.0.0-1\/svg\/26a0.svg\" src=\"data:image\/svg+xml;base64,PHN2ZyB3aWR0aD0iMSIgaGVpZ2h0PSIxIiB4bWxucz0iaHR0cDovL3d3dy53My5vcmcvMjAwMC9zdmciPjwvc3ZnPg==\" class=\"lazyload\">Refor\u00e7amos a import\u00e2ncia de toda popula\u00e7\u00e3o seguir as orienta\u00e7\u00f5es do distanciamento social, o uso de m\u00e1scaras, a higieniza\u00e7\u00e3o das m\u00e3os e objetos com \u00e1lcool 70% e demais medidas apresentadas pela Secretaria de Sa\u00fade.<\/p>\n","protected":false},"excerpt":{"rendered":"<p>Nota InformativaAtualizada em 26\/08\/2020A Secretaria Municipal de Sa\u00fade de Monteiro informa que nesta quarta-feira, 25, tivemos mais 10 novos casos CONFIRMADOS para Covid-19.Sendo 07 (sete)&hellip; <\/p>\n","protected":false},"author":2,"featured_media":185688,"comment_status":"closed","ping_status":"closed","sticky":false,"template":"","format":"standard","meta":{"sfsi_plus_gutenberg_text_before_share":"","sfsi_plus_gutenberg_show_text_before_share":"","sfsi_plus_gutenberg_icon_type":"","sfsi_plus_gutenberg_icon_alignemt":"","sfsi_plus_gutenburg_max_per_row":"","footnotes":""},"categories":[50,2],"tags":[],"class_list":["post-185687","post","type-post","status-publish","format-standard","has-post-thumbnail","hentry","category-destaque","category-geral"],"_links":{"self":[{"href":"https:\/\/www.caririemacao.com\/1\/wp-json\/wp\/v2\/posts\/185687","targetHints":{"allow":["GET"]}}],"collection":[{"href":"https:\/\/www.caririemacao.com\/1\/wp-json\/wp\/v2\/posts"}],"about":[{"href":"https:\/\/www.caririemacao.com\/1\/wp-json\/wp\/v2\/types\/post"}],"author":[{"embeddable":true,"href":"https:\/\/www.caririemacao.com\/1\/wp-json\/wp\/v2\/users\/2"}],"replies":[{"embeddable":true,"href":"https:\/\/www.caririemacao.com\/1\/wp-json\/wp\/v2\/comments?post=185687"}],"version-history":[{"count":1,"href":"https:\/\/www.caririemacao.com\/1\/wp-json\/wp\/v2\/posts\/185687\/revisions"}],"predecessor-version":[{"id":185689,"href":"https:\/\/www.caririemacao.com\/1\/wp-json\/wp\/v2\/posts\/185687\/revisions\/185689"}],"wp:featuredmedia":[{"embeddable":true,"href":"https:\/\/www.caririemacao.com\/1\/wp-json\/wp\/v2\/media\/185688"}],"wp:attachment":[{"href":"https:\/\/www.caririemacao.com\/1\/wp-json\/wp\/v2\/media?parent=185687"}],"wp:term":[{"taxonomy":"category","embeddable":true,"href":"https:\/\/www.caririemacao.com\/1\/wp-json\/wp\/v2\/categories?post=185687"},{"taxonomy":"post_tag","embeddable":true,"href":"https:\/\/www.caririemacao.com\/1\/wp-json\/wp\/v2\/tags?post=185687"}],"curies":[{"name":"wp","href":"https:\/\/api.w.org\/{rel}","templated":true}]}}