{"id":185691,"date":"2020-08-27T10:20:33","date_gmt":"2020-08-27T13:20:33","guid":{"rendered":"https:\/\/www.caririemacao.com\/1\/?p=185691"},"modified":"2020-08-27T10:20:33","modified_gmt":"2020-08-27T13:20:33","slug":"boletim-epidemiologico-coronavirus-de-sume-informa-sobre-um-novo-caso-positivo","status":"publish","type":"post","link":"https:\/\/www.caririemacao.com\/1\/2020\/08\/27\/boletim-epidemiologico-coronavirus-de-sume-informa-sobre-um-novo-caso-positivo\/","title":{"rendered":"Boletim Epidemiol\u00f3gico Coronav\u00edrus de Sum\u00e9 informa sobre um novo caso positivo"},"content":{"rendered":"\n<h1 class=\"wp-block-heading\"><\/h1>\n\n\n\n<hr class=\"wp-block-separator\"\/>\n\n\n\n<p>A Secretaria Municipal de Sa\u00fade de Sum\u00e9 informa que 01 caso positivo foi registrado nesta quarta-feira, 26.<\/p>\n\n\n\n<p>Trata-se de uma paciente do sexo feminino, 28 anos, sem comorbidades, residente no do Alto Alegre.<\/p>\n\n\n\n<p>Tamb\u00e9m foram registrados 2 casos recuperados na data de hoje.<\/p>\n\n\n\n<p>A batalha contra o coronav\u00edrus ainda n\u00e3o foi vencida, por isso n\u00e3o baixe sua guarda, continue seguindo medidas comprovadamente capazes de te proteger, como: Lavar frequentemente as m\u00e3os; usar \u00e1lcool em gel 70%; ao sair usar m\u00e1scara e evitar ambientes aglomerados.<\/p>\n","protected":false},"excerpt":{"rendered":"<p>A Secretaria Municipal de Sa\u00fade de Sum\u00e9 informa que 01 caso positivo foi registrado nesta quarta-feira, 26. Trata-se de uma paciente do sexo feminino, 28&hellip; <\/p>\n","protected":false},"author":2,"featured_media":185692,"comment_status":"closed","ping_status":"closed","sticky":false,"template":"","format":"standard","meta":{"sfsi_plus_gutenberg_text_before_share":"","sfsi_plus_gutenberg_show_text_before_share":"","sfsi_plus_gutenberg_icon_type":"","sfsi_plus_gutenberg_icon_alignemt":"","sfsi_plus_gutenburg_max_per_row":"","footnotes":""},"categories":[2],"tags":[],"class_list":["post-185691","post","type-post","status-publish","format-standard","has-post-thumbnail","hentry","category-geral"],"_links":{"self":[{"href":"https:\/\/www.caririemacao.com\/1\/wp-json\/wp\/v2\/posts\/185691","targetHints":{"allow":["GET"]}}],"collection":[{"href":"https:\/\/www.caririemacao.com\/1\/wp-json\/wp\/v2\/posts"}],"about":[{"href":"https:\/\/www.caririemacao.com\/1\/wp-json\/wp\/v2\/types\/post"}],"author":[{"embeddable":true,"href":"https:\/\/www.caririemacao.com\/1\/wp-json\/wp\/v2\/users\/2"}],"replies":[{"embeddable":true,"href":"https:\/\/www.caririemacao.com\/1\/wp-json\/wp\/v2\/comments?post=185691"}],"version-history":[{"count":1,"href":"https:\/\/www.caririemacao.com\/1\/wp-json\/wp\/v2\/posts\/185691\/revisions"}],"predecessor-version":[{"id":185693,"href":"https:\/\/www.caririemacao.com\/1\/wp-json\/wp\/v2\/posts\/185691\/revisions\/185693"}],"wp:featuredmedia":[{"embeddable":true,"href":"https:\/\/www.caririemacao.com\/1\/wp-json\/wp\/v2\/media\/185692"}],"wp:attachment":[{"href":"https:\/\/www.caririemacao.com\/1\/wp-json\/wp\/v2\/media?parent=185691"}],"wp:term":[{"taxonomy":"category","embeddable":true,"href":"https:\/\/www.caririemacao.com\/1\/wp-json\/wp\/v2\/categories?post=185691"},{"taxonomy":"post_tag","embeddable":true,"href":"https:\/\/www.caririemacao.com\/1\/wp-json\/wp\/v2\/tags?post=185691"}],"curies":[{"name":"wp","href":"https:\/\/api.w.org\/{rel}","templated":true}]}}