{"id":185705,"date":"2020-08-27T11:41:26","date_gmt":"2020-08-27T14:41:26","guid":{"rendered":"https:\/\/www.caririemacao.com\/1\/?p=185705"},"modified":"2020-08-27T11:41:26","modified_gmt":"2020-08-27T14:41:26","slug":"pgr-defende-que-stf-rejeite-recurso-contra-foro-privilegiado-de-flavio-bolsonaro-no-caso-das-rachadinhas","status":"publish","type":"post","link":"https:\/\/www.caririemacao.com\/1\/2020\/08\/27\/pgr-defende-que-stf-rejeite-recurso-contra-foro-privilegiado-de-flavio-bolsonaro-no-caso-das-rachadinhas\/","title":{"rendered":"PGR defende que STF rejeite recurso contra foro privilegiado de Fl\u00e1vio Bolsonaro no caso das rachadinhas"},"content":{"rendered":"\n<p>A Procuradoria-Geral da Rep\u00fablica defendeu que o Supremo Tribunal Federal (STF) rejeite o recurso do Minist\u00e9rio P\u00fablico do Rio de Janeiro contra o foro privilegiado para o senador\u00a0Fl\u00e1vio Bolsonaro\u00a0(Republicanos-RJ) no\u00a0caso das rachadinhas.<\/p>\n\n\n\n<p>A decis\u00e3o de reconhecer o foro, questionada pelo MP, \u00e9 da 3\u00aa C\u00e2mara do Tribunal de Justi\u00e7a do estado. Com isso, as investiga\u00e7\u00f5es sobre o caso sa\u00edram da primeira inst\u00e2ncia.<\/p>\n\n\n\n<p>O parecer da PGR \u00e9 assinado pelo vice-procurador-geral da Rep\u00fablica, Humberto Jacques de Medeiros. Agora, o ministro Gilmar Mendes, relator no STF, deve levar o tema a julgamento na segunda turma da Corte. A \u00faltima palavra no caso\u00a0caber\u00e1 ao STF.<\/p>\n\n\n\n<figure class=\"wp-block-image\"><img decoding=\"async\" data-src=\"https:\/\/s01.video.glbimg.com\/x240\/8800696.jpg\" alt=\"Supremo vai decidir sobre foro de Fl\u00e1vio Bolsonaro\" title=\"Supremo vai decidir sobre foro de Fl\u00e1vio Bolsonaro\" src=\"data:image\/svg+xml;base64,PHN2ZyB3aWR0aD0iMSIgaGVpZ2h0PSIxIiB4bWxucz0iaHR0cDovL3d3dy53My5vcmcvMjAwMC9zdmciPjwvc3ZnPg==\" class=\"lazyload\" \/><\/figure>\n\n\n\n<p>De acordo com as novas regras do foro privilegiado, os processos de parlamentares come\u00e7am na primeira inst\u00e2ncia quando o suposto crime n\u00e3o foi cometido em raz\u00e3o do cargo ou em fun\u00e7\u00e3o dele. Mas a Procuradoria afirma que n\u00e3o foi definido o que acontece no caso de &#8220;mandato cruzado&#8221;, quando o fato investigado se relaciona a um mandato diferente do atual.<\/p>\n\n\n\n<p>A defesa de Fl\u00e1vio alega que ele n\u00e3o deixou de ter foro, uma vez que passou de deputado estadual para senador, sem intervalo entre os cargos.<\/p>\n\n\n\n<p>Para o vice-procurador-geral, n\u00e3o h\u00e1 defini\u00e7\u00e3o &#8220;pac\u00edfica&#8221; no STF sobre esse tipo de situa\u00e7\u00e3o.<\/p>\n\n\n\n<p>\u201cDa mesma forma que n\u00e3o h\u00e1 defini\u00e7\u00e3o pac\u00edfica do Supremo Tribunal Federal sobre &#8216;mandatos cruzados&#8217; no n\u00edvel federal, tamb\u00e9m n\u00e3o h\u00e1 defini\u00e7\u00e3o de &#8216;mandatos cruzados&#8217; quando o eleito deixa de ser representante do povo na casa legislativa estadual e passa a ser representante do Estado da Federa\u00e7\u00e3o no Senado Federal (c\u00e2mara representativa dos Estados federados)\u201d, escreveu Medeiros.<\/p>\n\n\n\n<p>Segundo o vice-PGR, a reclama\u00e7\u00e3o, a\u00e7\u00e3o usada pelo MP do Rio, \u201cn\u00e3o pode ser usada para alcan\u00e7ar entendimento in\u00e9dito\u201d no STF. Em seu parecer, o vice-PGR afirma que a via processual escolhida pelo MP do Rio para tratar do assunto n\u00e3o \u00e9 adequada.<\/p>\n\n\n\n<p>\u201cA reclama\u00e7\u00e3o constitucional n\u00e3o \u00e9 instrumento destinado a fazer tese do porvir (criar fonte do direito) no \u00e2mbito da jurisdi\u00e7\u00e3o origin\u00e1ria do Supremo Tribunal Federal sob pena de desvirtuar tanto a sua natureza quanto a compet\u00eancia de direito estrito do pr\u00f3prio Supremo Tribunal Federal\u201d.<\/p>\n\n\n\n<p>COM G1<\/p>\n","protected":false},"excerpt":{"rendered":"<p>A Procuradoria-Geral da Rep\u00fablica defendeu que o Supremo Tribunal Federal (STF) rejeite o recurso do Minist\u00e9rio P\u00fablico do Rio de Janeiro contra o foro privilegiado&hellip; <\/p>\n","protected":false},"author":1,"featured_media":182442,"comment_status":"closed","ping_status":"closed","sticky":false,"template":"","format":"standard","meta":{"sfsi_plus_gutenberg_text_before_share":"","sfsi_plus_gutenberg_show_text_before_share":"","sfsi_plus_gutenberg_icon_type":"","sfsi_plus_gutenberg_icon_alignemt":"","sfsi_plus_gutenburg_max_per_row":"","footnotes":""},"categories":[11],"tags":[],"class_list":["post-185705","post","type-post","status-publish","format-standard","has-post-thumbnail","hentry","category-politica"],"_links":{"self":[{"href":"https:\/\/www.caririemacao.com\/1\/wp-json\/wp\/v2\/posts\/185705","targetHints":{"allow":["GET"]}}],"collection":[{"href":"https:\/\/www.caririemacao.com\/1\/wp-json\/wp\/v2\/posts"}],"about":[{"href":"https:\/\/www.caririemacao.com\/1\/wp-json\/wp\/v2\/types\/post"}],"author":[{"embeddable":true,"href":"https:\/\/www.caririemacao.com\/1\/wp-json\/wp\/v2\/users\/1"}],"replies":[{"embeddable":true,"href":"https:\/\/www.caririemacao.com\/1\/wp-json\/wp\/v2\/comments?post=185705"}],"version-history":[{"count":1,"href":"https:\/\/www.caririemacao.com\/1\/wp-json\/wp\/v2\/posts\/185705\/revisions"}],"predecessor-version":[{"id":185707,"href":"https:\/\/www.caririemacao.com\/1\/wp-json\/wp\/v2\/posts\/185705\/revisions\/185707"}],"wp:featuredmedia":[{"embeddable":true,"href":"https:\/\/www.caririemacao.com\/1\/wp-json\/wp\/v2\/media\/182442"}],"wp:attachment":[{"href":"https:\/\/www.caririemacao.com\/1\/wp-json\/wp\/v2\/media?parent=185705"}],"wp:term":[{"taxonomy":"category","embeddable":true,"href":"https:\/\/www.caririemacao.com\/1\/wp-json\/wp\/v2\/categories?post=185705"},{"taxonomy":"post_tag","embeddable":true,"href":"https:\/\/www.caririemacao.com\/1\/wp-json\/wp\/v2\/tags?post=185705"}],"curies":[{"name":"wp","href":"https:\/\/api.w.org\/{rel}","templated":true}]}}