{"id":185710,"date":"2020-08-27T11:50:50","date_gmt":"2020-08-27T14:50:50","guid":{"rendered":"https:\/\/www.caririemacao.com\/1\/?p=185710"},"modified":"2020-08-27T11:50:50","modified_gmt":"2020-08-27T14:50:50","slug":"hospital-no-amapa-pega-fogo-chamas-e-fumaca-desesperam-funcionarios-e-pacientes","status":"publish","type":"post","link":"https:\/\/www.caririemacao.com\/1\/2020\/08\/27\/hospital-no-amapa-pega-fogo-chamas-e-fumaca-desesperam-funcionarios-e-pacientes\/","title":{"rendered":"Hospital no Amap\u00e1 pega fogo; chamas e fuma\u00e7a desesperam funcion\u00e1rios e pacientes"},"content":{"rendered":"\n<p>O pr\u00e9dio do Hospital Estadual de\u00a0Santana\u00a0(HES), no munic\u00edpio que fica a 17 quil\u00f4metros de\u00a0Macap\u00e1, pegou fogo na manh\u00e3 desta quinta-feira (27). Com desespero provocado pelas chamas e fuma\u00e7a, funcion\u00e1rios levaram pacientes para a \u00e1rea externa.<\/p>\n\n\n\n<p>Segundo o Corpo de Bombeiros, todos os pacientes foram retirados e transferidos para outras unidades de sa\u00fade.<\/p>\n\n\n\n<figure class=\"wp-block-image\"><img decoding=\"async\" data-src=\"https:\/\/s2.glbimg.com\/XZLZ_MdUtXW1DAAn327iS8NJGxw=\/0x0:642x480\/984x0\/smart\/filters:strip_icc()\/i.s3.glbimg.com\/v1\/AUTH_59edd422c0c84a879bd37670ae4f538a\/internal_photos\/bs\/2020\/P\/m\/6XR07dQrmDJ3ZKWR5paQ\/fogostn.jpg\" alt=\"Hospital em Santana, no Amap\u00e1, pega fogo; chamas e fuma\u00e7a desesperam funcion\u00e1rios e pacientes \u2014 Foto: Redes sociais\/reprodu\u00e7\u00e3o\" src=\"data:image\/svg+xml;base64,PHN2ZyB3aWR0aD0iMSIgaGVpZ2h0PSIxIiB4bWxucz0iaHR0cDovL3d3dy53My5vcmcvMjAwMC9zdmciPjwvc3ZnPg==\" class=\"lazyload\" \/><\/figure>\n\n\n\n<p>Hospital em Santana, no Amap\u00e1, pega fogo; chamas e fuma\u00e7a desesperam funcion\u00e1rios e pacientes \u2014 Foto: Redes sociais\/reprodu\u00e7\u00e3o<\/p>\n\n\n\n<p>O capit\u00e3o Raimundo Ferreira, do Corpo de Bombeiros, explicou que o inc\u00eandio come\u00e7ou \u00e0s 8h30 e que os pr\u00f3prios funcion\u00e1rios usaram extintores, o que impediu que as chamas atingissem outros setores. As equipes de socorro chegaram \u00e0s 8h50 e controlaram o sinistro minutos depois.<\/p>\n\n\n\n<figure class=\"wp-block-image\"><img decoding=\"async\" data-src=\"https:\/\/s2.glbimg.com\/fRZo5L9aNoKVKlNQQ_gF7FwAeIc=\/0x0:1032x774\/984x0\/smart\/filters:strip_icc()\/i.s3.glbimg.com\/v1\/AUTH_59edd422c0c84a879bd37670ae4f538a\/internal_photos\/bs\/2020\/4\/s\/LxxplkRFehEUPG3ifPLw\/whatsapp-image-2020-08-27-at-10.36.03.jpeg\" alt=\"Pistas apontam que curto circuito gerou princ\u00edpio de inc\u00eandio em sala de emerg\u00eancia \u2014 Foto: Victor Vidigal\/G1\" src=\"data:image\/svg+xml;base64,PHN2ZyB3aWR0aD0iMSIgaGVpZ2h0PSIxIiB4bWxucz0iaHR0cDovL3d3dy53My5vcmcvMjAwMC9zdmciPjwvc3ZnPg==\" class=\"lazyload\" \/><\/figure>\n\n\n\n<p>Pistas apontam que curto circuito gerou princ\u00edpio de inc\u00eandio em sala de emerg\u00eancia \u2014 Foto: Victor Vidigal\/G1<\/p>\n\n\n\n<p>Ainda de acordo com o capit\u00e3o, as pistas apontam que um curto circuito em um transformador na \u00e1rea externa provocou um princ\u00eddio de inc\u00eandio em um monitor de sala de emerg\u00eancia.<\/p>\n\n\n\n<p>O socorrista Alan Guiomar, de 27 anos, contou que viu a sala pegando fogo. Ele entrou no HES no momento do inc\u00eandio para retirar pacientes internados.<\/p>\n\n\n\n<p>&#8220;Eu estava aqui na frente com o meu colega conversando quando, de repente, deu um curto circuito no transformador. Nesse momento foi que come\u00e7ou o alvoro\u00e7o dentro do hospital, todo mundo saindo. E a gente olhou pra dentro do hospital e tava pegando fogo na sala do trauma. Rapidamente a gente tirou pacientes que estavam l\u00e1. E, gra\u00e7as a Deus, toda a equipe teve \u00eaxito&#8221;, comentou Guiomar.<\/p>\n\n\n\n<p>At\u00e9 a \u00faltima atualiza\u00e7\u00e3o desta reportagem, ainda n\u00e3o havia informa\u00e7\u00f5es sobre quantos pacientes estavam na sala no momento.<\/p>\n\n\n\n<figure class=\"wp-block-image\"><img decoding=\"async\" data-src=\"https:\/\/s2.glbimg.com\/D9hfEpwH4xLoaS2UZHv_SmQ-8AM=\/0x0:720x1280\/984x0\/smart\/filters:strip_icc()\/i.s3.glbimg.com\/v1\/AUTH_59edd422c0c84a879bd37670ae4f538a\/internal_photos\/bs\/2020\/s\/W\/dfw9chR3KJ2m3fgOt0lQ\/whatsapp-image-2020-08-27-at-09.07.49.jpeg\" alt=\"Beb\u00eas e outros pacientes atendidos na unidade foram levados para fora \u2014 Foto: Redes Sociais\/Reprodu\u00e7\u00e3o\" src=\"data:image\/svg+xml;base64,PHN2ZyB3aWR0aD0iMSIgaGVpZ2h0PSIxIiB4bWxucz0iaHR0cDovL3d3dy53My5vcmcvMjAwMC9zdmciPjwvc3ZnPg==\" class=\"lazyload\" \/><\/figure>\n\n\n\n<p>Beb\u00eas e outros pacientes atendidos na unidade foram levados para fora \u2014 Foto: Redes Sociais\/Reprodu\u00e7\u00e3o<\/p>\n\n\n\n<p>O Instituto Brasileiro de Gest\u00e3o Hospitalar (IBGH), que administra o Centro Covid-3 (montado ao lado do HES), informou que alguns pacientes foram transferidos para essa unidade e que o local passaria por desinfec\u00e7\u00e3o.<\/p>\n\n\n\n<p>Os pacientes que internados no Covid-3 foram levados para Covid-1 (UTI) e Covid-2 (enfermaria), ambos em Macap\u00e1, acrescentou a organiza\u00e7\u00e3o.<\/p>\n\n\n\n<figure class=\"wp-block-image\"><img decoding=\"async\" data-src=\"https:\/\/s2.glbimg.com\/VAechZYOPqMZ9ZBR3cZOBEhBTzs=\/0x0:1280x720\/984x0\/smart\/filters:strip_icc()\/i.s3.glbimg.com\/v1\/AUTH_59edd422c0c84a879bd37670ae4f538a\/internal_photos\/bs\/2020\/o\/p\/GFwbebTXeZuBalNNu5uQ\/chamada-1-fogo-em-hospital-1-.jpeg\" alt=\"Chamas e fuma\u00e7a desesperaram funcion\u00e1rios e pacientes \u2014 Foto: Redes sociais\/reprodu\u00e7\u00e3o\" src=\"data:image\/svg+xml;base64,PHN2ZyB3aWR0aD0iMSIgaGVpZ2h0PSIxIiB4bWxucz0iaHR0cDovL3d3dy53My5vcmcvMjAwMC9zdmciPjwvc3ZnPg==\" class=\"lazyload\" \/><\/figure>\n\n\n\n<p>Chamas e fuma\u00e7a desesperaram funcion\u00e1rios e pacientes \u2014 Foto: Redes sociais\/reprodu\u00e7\u00e3o<\/p>\n\n\n\n<figure class=\"wp-block-image\"><img decoding=\"async\" data-src=\"https:\/\/s2.glbimg.com\/ADqmt82ck8wqxjnOanDyRFrjuLo=\/0x0:1032x774\/984x0\/smart\/filters:strip_icc()\/i.s3.glbimg.com\/v1\/AUTH_59edd422c0c84a879bd37670ae4f538a\/internal_photos\/bs\/2020\/z\/O\/AOLG3zQ3utrGVpFjASDw\/whatsapp-image-2020-08-27-at-10.19.37.jpeg\" alt=\"Bombeiros controlaram as chamas com ajuda de funcion\u00e1rios \u2014 Foto: Victor Vidigal\/G1\" src=\"data:image\/svg+xml;base64,PHN2ZyB3aWR0aD0iMSIgaGVpZ2h0PSIxIiB4bWxucz0iaHR0cDovL3d3dy53My5vcmcvMjAwMC9zdmciPjwvc3ZnPg==\" class=\"lazyload\" \/><\/figure>\n\n\n\n<p>Bombeiros controlaram as chamas com ajuda de funcion\u00e1rios \u2014 Foto: Victor Vidigal\/G1<\/p>\n\n\n\n<figure class=\"wp-block-image\"><img decoding=\"async\" data-src=\"https:\/\/s2.glbimg.com\/MPh02Tw4Vl3KXRzYxCTFi1y46Yk=\/0x0:1032x774\/984x0\/smart\/filters:strip_icc()\/i.s3.glbimg.com\/v1\/AUTH_59edd422c0c84a879bd37670ae4f538a\/internal_photos\/bs\/2020\/F\/l\/7LyVwvTsO1Pb6BQOqyaQ\/whatsapp-image-2020-08-27-at-10.19.30.jpeg\" alt=\"Situa\u00e7\u00e3o gerou movimenta\u00e7\u00e3o intensa na unidade \u2014 Foto: Victor Vidigal\/G1\" src=\"data:image\/svg+xml;base64,PHN2ZyB3aWR0aD0iMSIgaGVpZ2h0PSIxIiB4bWxucz0iaHR0cDovL3d3dy53My5vcmcvMjAwMC9zdmciPjwvc3ZnPg==\" class=\"lazyload\" \/><\/figure>\n\n\n\n<p>Situa\u00e7\u00e3o gerou movimenta\u00e7\u00e3o intensa na unidade \u2014 Foto: Victor Vidigal\/G1<\/p>\n\n\n\n<figure class=\"wp-block-image\"><img decoding=\"async\" data-src=\"https:\/\/s2.glbimg.com\/S0_WQVkXFjF6MFdee-glIQGyK-c=\/0x0:1032x774\/984x0\/smart\/filters:strip_icc()\/i.s3.glbimg.com\/v1\/AUTH_59edd422c0c84a879bd37670ae4f538a\/internal_photos\/bs\/2020\/w\/v\/zFkXlJQAWsjJMZfCektQ\/whatsapp-image-2020-08-27-at-10.36.40.jpeg\" alt=\"Suspeita \u00e9 que inc\u00eandio come\u00e7ou com curto circuito em transformador na \u00e1rea externa \u2014 Foto: Victor Vidigal\/G1\" src=\"data:image\/svg+xml;base64,PHN2ZyB3aWR0aD0iMSIgaGVpZ2h0PSIxIiB4bWxucz0iaHR0cDovL3d3dy53My5vcmcvMjAwMC9zdmciPjwvc3ZnPg==\" class=\"lazyload\" \/><\/figure>\n\n\n\n<p>Suspeita \u00e9 que inc\u00eandio come\u00e7ou com curto circuito em transformador na \u00e1rea externa \u2014 Foto: Victor Vidigal\/G1<\/p>\n\n\n\n<figure class=\"wp-block-image\"><img decoding=\"async\" data-src=\"https:\/\/s2.glbimg.com\/zuK1uquUOigSFUQPs3c_EjX16qY=\/0x0:650x649\/984x0\/smart\/filters:strip_icc()\/i.s3.glbimg.com\/v1\/AUTH_59edd422c0c84a879bd37670ae4f538a\/internal_photos\/bs\/2020\/S\/T\/YpZFVtTrSi9BJ7vkmZXg\/hospital.png\" alt=\"Hospital pegou fogo em Santana, no Amap\u00e1, nesta quinta-feira (27) \u2014 Foto: Arte\/G1\" src=\"data:image\/svg+xml;base64,PHN2ZyB3aWR0aD0iMSIgaGVpZ2h0PSIxIiB4bWxucz0iaHR0cDovL3d3dy53My5vcmcvMjAwMC9zdmciPjwvc3ZnPg==\" class=\"lazyload\" \/><\/figure>\n\n\n\n<p>Hospital pegou fogo em Santana, no Amap\u00e1, nesta quinta-feira (27) \u2014 Foto: Arte\/G1<\/p>\n\n\n\n<p>COM G1<\/p>\n","protected":false},"excerpt":{"rendered":"<p>O pr\u00e9dio do Hospital Estadual de\u00a0Santana\u00a0(HES), no munic\u00edpio que fica a 17 quil\u00f4metros de\u00a0Macap\u00e1, pegou fogo na manh\u00e3 desta quinta-feira (27). Com desespero provocado pelas&hellip; <\/p>\n","protected":false},"author":1,"featured_media":185714,"comment_status":"closed","ping_status":"closed","sticky":false,"template":"","format":"standard","meta":{"sfsi_plus_gutenberg_text_before_share":"","sfsi_plus_gutenberg_show_text_before_share":"","sfsi_plus_gutenberg_icon_type":"","sfsi_plus_gutenberg_icon_alignemt":"","sfsi_plus_gutenburg_max_per_row":"","footnotes":""},"categories":[50,2],"tags":[],"class_list":["post-185710","post","type-post","status-publish","format-standard","has-post-thumbnail","hentry","category-destaque","category-geral"],"_links":{"self":[{"href":"https:\/\/www.caririemacao.com\/1\/wp-json\/wp\/v2\/posts\/185710","targetHints":{"allow":["GET"]}}],"collection":[{"href":"https:\/\/www.caririemacao.com\/1\/wp-json\/wp\/v2\/posts"}],"about":[{"href":"https:\/\/www.caririemacao.com\/1\/wp-json\/wp\/v2\/types\/post"}],"author":[{"embeddable":true,"href":"https:\/\/www.caririemacao.com\/1\/wp-json\/wp\/v2\/users\/1"}],"replies":[{"embeddable":true,"href":"https:\/\/www.caririemacao.com\/1\/wp-json\/wp\/v2\/comments?post=185710"}],"version-history":[{"count":1,"href":"https:\/\/www.caririemacao.com\/1\/wp-json\/wp\/v2\/posts\/185710\/revisions"}],"predecessor-version":[{"id":185715,"href":"https:\/\/www.caririemacao.com\/1\/wp-json\/wp\/v2\/posts\/185710\/revisions\/185715"}],"wp:featuredmedia":[{"embeddable":true,"href":"https:\/\/www.caririemacao.com\/1\/wp-json\/wp\/v2\/media\/185714"}],"wp:attachment":[{"href":"https:\/\/www.caririemacao.com\/1\/wp-json\/wp\/v2\/media?parent=185710"}],"wp:term":[{"taxonomy":"category","embeddable":true,"href":"https:\/\/www.caririemacao.com\/1\/wp-json\/wp\/v2\/categories?post=185710"},{"taxonomy":"post_tag","embeddable":true,"href":"https:\/\/www.caririemacao.com\/1\/wp-json\/wp\/v2\/tags?post=185710"}],"curies":[{"name":"wp","href":"https:\/\/api.w.org\/{rel}","templated":true}]}}