{"id":185717,"date":"2020-08-27T13:33:37","date_gmt":"2020-08-27T16:33:37","guid":{"rendered":"https:\/\/www.caririemacao.com\/1\/?p=185717"},"modified":"2020-08-27T13:33:37","modified_gmt":"2020-08-27T16:33:37","slug":"bolsonaro-quer-ate-amanha-proposta-de-paulo-guedes-para-o-renda-brasil","status":"publish","type":"post","link":"https:\/\/www.caririemacao.com\/1\/2020\/08\/27\/bolsonaro-quer-ate-amanha-proposta-de-paulo-guedes-para-o-renda-brasil\/","title":{"rendered":"Bolsonaro quer at\u00e9 amanh\u00e3 proposta de Paulo Guedes para o Renda Brasil"},"content":{"rendered":"\n<p>O presidente Jair Bolsonaro aguarda at\u00e9 a pr\u00f3xima sexta-feira (28) para que o ministro Paulo Guedes (Economia), apresente uma nova proposta para o Renda Brasil, programa social que substituir\u00e1 o Bolsa Fam\u00edlia e deve ser a marca social do governo.<\/p>\n\n\n\n<p>Durante a reuni\u00e3o de ter\u00e7a-feira (25) no Pal\u00e1cio do Planalto, foi apresentado uma proposta previa a revis\u00e3o ou extin\u00e7\u00e3o de outros benef\u00edcios, como o abono salarial, mas Bolsonaro n\u00e3o concordou. Nesta quarta-feira, o presidente avisou que n\u00e3o vai \u201ctirar de pobres para dar a paup\u00e9rrimos\u201d.<\/p>\n\n\n\n<p>Uma nova reuni\u00e3o do presidente e os ministros est\u00e1 prevista para acontecer na pr\u00f3xima sexta. Ainda n\u00e3o h\u00e1 oficializa\u00e7\u00e3o por parte Planalto. Segundo apurou o Broadcast (sistema de not\u00edcias em tempo real do Grupo Estado). T\u00e9cnicos que trabalham no desenho do Renda Brasil se reuniram nesta quarta para dar in\u00edcio aos ajustes pedidos pelo presidente, que quer uma solu\u00e7\u00e3o sem passar pela revis\u00e3o do abono.<\/p>\n\n\n\n<p>A avalia\u00e7\u00e3o na \u00e1rea econ\u00f4mica, por\u00e9m, \u00e9 que a revis\u00e3o do abono salarial era \u201cfundamental\u201d para criar espa\u00e7o no Or\u00e7amento para bancar o novo programa, que teria maior alcance e valor de benef\u00edcio que o Bolsa Fam\u00edlia. S\u00f3 a extin\u00e7\u00e3o do abono, uma esp\u00e9cie de 14.\u00ba sal\u00e1rio pago a trabalhadores com carteira assinada, poderia liberar cerca de R$ 20 bilh\u00f5es.<\/p>\n\n\n\n<p>Entre integrantes da equipe econ\u00f4mica, j\u00e1 h\u00e1 a percep\u00e7\u00e3o de que o Renda Brasil vai acabar com alcance e valor \u201cn\u00e3o t\u00e3o diferente\u201d do Bolsa Fam\u00edlia, que hoje paga em m\u00e9dia R$ 190 a 14 milh\u00f5es de fam\u00edlias, diante das resist\u00eancias do presidente em bancar a revis\u00e3o dos programas considerados ineficientes e a necessidade de respeitar o teto de gastos (que limita o avan\u00e7o das despesas \u00e0 infla\u00e7\u00e3o).<\/p>\n","protected":false},"excerpt":{"rendered":"<p>O presidente Jair Bolsonaro aguarda at\u00e9 a pr\u00f3xima sexta-feira (28) para que o ministro Paulo Guedes (Economia), apresente uma nova proposta para o Renda Brasil,&hellip; <\/p>\n","protected":false},"author":2,"featured_media":185718,"comment_status":"closed","ping_status":"closed","sticky":false,"template":"","format":"standard","meta":{"sfsi_plus_gutenberg_text_before_share":"","sfsi_plus_gutenberg_show_text_before_share":"","sfsi_plus_gutenberg_icon_type":"","sfsi_plus_gutenberg_icon_alignemt":"","sfsi_plus_gutenburg_max_per_row":"","footnotes":""},"categories":[11],"tags":[],"class_list":["post-185717","post","type-post","status-publish","format-standard","has-post-thumbnail","hentry","category-politica"],"_links":{"self":[{"href":"https:\/\/www.caririemacao.com\/1\/wp-json\/wp\/v2\/posts\/185717","targetHints":{"allow":["GET"]}}],"collection":[{"href":"https:\/\/www.caririemacao.com\/1\/wp-json\/wp\/v2\/posts"}],"about":[{"href":"https:\/\/www.caririemacao.com\/1\/wp-json\/wp\/v2\/types\/post"}],"author":[{"embeddable":true,"href":"https:\/\/www.caririemacao.com\/1\/wp-json\/wp\/v2\/users\/2"}],"replies":[{"embeddable":true,"href":"https:\/\/www.caririemacao.com\/1\/wp-json\/wp\/v2\/comments?post=185717"}],"version-history":[{"count":1,"href":"https:\/\/www.caririemacao.com\/1\/wp-json\/wp\/v2\/posts\/185717\/revisions"}],"predecessor-version":[{"id":185719,"href":"https:\/\/www.caririemacao.com\/1\/wp-json\/wp\/v2\/posts\/185717\/revisions\/185719"}],"wp:featuredmedia":[{"embeddable":true,"href":"https:\/\/www.caririemacao.com\/1\/wp-json\/wp\/v2\/media\/185718"}],"wp:attachment":[{"href":"https:\/\/www.caririemacao.com\/1\/wp-json\/wp\/v2\/media?parent=185717"}],"wp:term":[{"taxonomy":"category","embeddable":true,"href":"https:\/\/www.caririemacao.com\/1\/wp-json\/wp\/v2\/categories?post=185717"},{"taxonomy":"post_tag","embeddable":true,"href":"https:\/\/www.caririemacao.com\/1\/wp-json\/wp\/v2\/tags?post=185717"}],"curies":[{"name":"wp","href":"https:\/\/api.w.org\/{rel}","templated":true}]}}