{"id":185728,"date":"2020-08-27T14:08:12","date_gmt":"2020-08-27T17:08:12","guid":{"rendered":"https:\/\/www.caririemacao.com\/1\/?p=185728"},"modified":"2020-08-27T14:08:12","modified_gmt":"2020-08-27T17:08:12","slug":"acude-de-boqueirao-tem-volume-confortavel-mas-populacao-enfrenta-falta-dagua","status":"publish","type":"post","link":"https:\/\/www.caririemacao.com\/1\/2020\/08\/27\/acude-de-boqueirao-tem-volume-confortavel-mas-populacao-enfrenta-falta-dagua\/","title":{"rendered":"A\u00e7ude de Boqueir\u00e3o tem volume \u2018confort\u00e1vel\u2019, mas popula\u00e7\u00e3o enfrenta falta d\u2019\u00e1gua"},"content":{"rendered":"\n<h1 class=\"wp-block-heading\"><\/h1>\n\n\n\n<p><a href=\"https:\/\/www.facebook.com\/sharer.php?u=https%3A%2F%2Fwww.vitrinedocariri.com.br%2F2020%2F08%2Facude-de-boqueirao-tem-volume-confortavel-mas-populacao-enfrenta-falta-dagua%2F\" target=\"_blank\" rel=\"noreferrer noopener\"><\/a><a href=\"https:\/\/twitter.com\/share?url=https%3A%2F%2Fwww.vitrinedocariri.com.br%2F2020%2F08%2Facude-de-boqueirao-tem-volume-confortavel-mas-populacao-enfrenta-falta-dagua%2F&amp;text=Acabei%20de%20ver%20A%C3%A7ude%20de%20Boqueir%C3%A3o%20tem%20volume%20%E2%80%98confort%C3%A1vel%E2%80%99%2C%20mas%20popula%C3%A7%C3%A3o%20enfrenta%20falta%20d%E2%80%99%C3%A1gua%20-%20Clique%20para%20ver%20tamb%C3%A9m%20%E2%98%9B%20\" target=\"_blank\" rel=\"noreferrer noopener\"><\/a><a href=\"\/\/send?text=A%C3%A7ude%20de%20Boqueir%C3%A3o%20tem%20volume%20%E2%80%98confort%C3%A1vel%E2%80%99%2C%20mas%20popula%C3%A7%C3%A3o%20enfrenta%20falta%20d%E2%80%99%C3%A1gua%20%E2%98%9B%20https%3A%2F%2Fwww.vitrinedocariri.com.br%2F2020%2F08%2Facude-de-boqueirao-tem-volume-confortavel-mas-populacao-enfrenta-falta-dagua%2F\" target=\"_blank\" rel=\"noreferrer noopener\"><\/a><a href=\"javascript:void(0);\"><\/a><\/p>\n\n\n\n<p>Um levantamento feito pela Ag\u00eancia Executiva de Gest\u00e3o das \u00c1guas do Estado da Para\u00edba (Aesa) no a\u00e7ude Epit\u00e1cio Pessoa, localizado no munic\u00edpio de Boqueir\u00e3o, no Cariri da Para\u00edba, na quarta-feira (26), mostrou que o reservat\u00f3rio est\u00e1 com 66,8% do volume total. No entanto, a popula\u00e7\u00e3o do munic\u00edpio que sedia o a\u00e7ude reclama da libera\u00e7\u00e3o das \u00e1guas para outros reservat\u00f3rios e da falta de \u00e1gua nas torneiras das casas de bairros das cidade.<\/p>\n\n\n\n<p>O reservat\u00f3rio de Boqueir\u00e3o \u00e9 respons\u00e1vel pelo abastecimento de pelo menos 20 munic\u00edpios na regi\u00e3o. Segundo a Aesa, a situa\u00e7\u00e3o h\u00eddrica do a\u00e7ude \u00e9 confort\u00e1vel e, por isso, a abertura de uma comporta foi autorizada. A \u00e1gua que est\u00e1 sendo liberada pereniza o Rio Para\u00edba at\u00e9 a cidade de Itatuba, onde \u00e9 abastecido o a\u00e7ude Acau\u00e3, que abastece outros 14 munic\u00edpios.<\/p>\n\n\n\n<p>\u00c0 TV Para\u00edba, a agente comunit\u00e1ria e moradora de Boqueir\u00e3o Iz\u00f4nia Maria relatou estar preocupada com a libera\u00e7\u00e3o das \u00e1guas do reservat\u00f3rio. \u201cMe incomoda, pois a gente lembra de como ele esteve antes. A gente n\u00e3o sabe como \u00e9 aproveitada essa \u00e1gua\u201d, disse.<\/p>\n\n\n\n<p>De acordo com o especialista em recursos h\u00eddricos do Departamento Nacional de Obras Contra as Secas (Denocs) Isnaldo C\u00e2ndido, os \u00f3rg\u00e3os respons\u00e1veis pela gest\u00e3o das \u00e1guas s\u00e3o a ANA (Ag\u00eancia Nacional das \u00c1guas) e a Aesa.<\/p>\n\n\n\n<p>\u201cEssas institui\u00e7\u00f5es decidem e essa abertura n\u00e3o \u00e9 desperd\u00edcio. Existe uma vaz\u00e3o calculada, deixando a calha do rio regularizada e chegando ao a\u00e7ude Acau\u00e3. \u00c9 bom que as pessoas compreendam que, se n\u00f3s temos \u00e1gua em um determinado local, nada mais justo que atender as comunidades que est\u00e3o precisando\u201d, informou.<\/p>\n\n\n\n<p>Conforme relato de morados \u00e0 TV Para\u00edba, bairros da cidade de Boqueir\u00e3o n\u00e3o recebem \u00e1gua regularmente, somente em alguns hor\u00e1rios do dia. \u201cAqui s\u00f3 chega \u00e1gua a noite. A gente tem que esperar chegar, encher as vasilhas, para no outro dia lavarmos as roupas\u201d, disse o agricultor Josenilton Macedo, do bairro Malvinas.<\/p>\n\n\n\n<p>Segundo a Cagepa, a falta de \u00e1gua no bairro Malvinas acontece porque h\u00e1 uma dificuldade para que o abastecimento na regi\u00e3o aconte\u00e7a e que, por isso, a \u00e1gua chega em dias alternados. Ainda conforme o \u00f3rg\u00e3o, a previs\u00e3o \u00e9 que o problema seja resolvido nos pr\u00f3ximos 20 dias, com a constru\u00e7\u00e3o de uma nova tubula\u00e7\u00e3o e de um novo sistema de tratamento.<\/p>\n","protected":false},"excerpt":{"rendered":"<p>Um levantamento feito pela Ag\u00eancia Executiva de Gest\u00e3o das \u00c1guas do Estado da Para\u00edba (Aesa) no a\u00e7ude Epit\u00e1cio Pessoa, localizado no munic\u00edpio de Boqueir\u00e3o, no&hellip; <\/p>\n","protected":false},"author":2,"featured_media":164916,"comment_status":"closed","ping_status":"closed","sticky":false,"template":"","format":"standard","meta":{"sfsi_plus_gutenberg_text_before_share":"","sfsi_plus_gutenberg_show_text_before_share":"","sfsi_plus_gutenberg_icon_type":"","sfsi_plus_gutenberg_icon_alignemt":"","sfsi_plus_gutenburg_max_per_row":"","footnotes":""},"categories":[6],"tags":[],"class_list":["post-185728","post","type-post","status-publish","format-standard","has-post-thumbnail","hentry","category-cidades"],"_links":{"self":[{"href":"https:\/\/www.caririemacao.com\/1\/wp-json\/wp\/v2\/posts\/185728","targetHints":{"allow":["GET"]}}],"collection":[{"href":"https:\/\/www.caririemacao.com\/1\/wp-json\/wp\/v2\/posts"}],"about":[{"href":"https:\/\/www.caririemacao.com\/1\/wp-json\/wp\/v2\/types\/post"}],"author":[{"embeddable":true,"href":"https:\/\/www.caririemacao.com\/1\/wp-json\/wp\/v2\/users\/2"}],"replies":[{"embeddable":true,"href":"https:\/\/www.caririemacao.com\/1\/wp-json\/wp\/v2\/comments?post=185728"}],"version-history":[{"count":1,"href":"https:\/\/www.caririemacao.com\/1\/wp-json\/wp\/v2\/posts\/185728\/revisions"}],"predecessor-version":[{"id":185729,"href":"https:\/\/www.caririemacao.com\/1\/wp-json\/wp\/v2\/posts\/185728\/revisions\/185729"}],"wp:featuredmedia":[{"embeddable":true,"href":"https:\/\/www.caririemacao.com\/1\/wp-json\/wp\/v2\/media\/164916"}],"wp:attachment":[{"href":"https:\/\/www.caririemacao.com\/1\/wp-json\/wp\/v2\/media?parent=185728"}],"wp:term":[{"taxonomy":"category","embeddable":true,"href":"https:\/\/www.caririemacao.com\/1\/wp-json\/wp\/v2\/categories?post=185728"},{"taxonomy":"post_tag","embeddable":true,"href":"https:\/\/www.caririemacao.com\/1\/wp-json\/wp\/v2\/tags?post=185728"}],"curies":[{"name":"wp","href":"https:\/\/api.w.org\/{rel}","templated":true}]}}