{"id":185731,"date":"2020-08-27T14:13:08","date_gmt":"2020-08-27T17:13:08","guid":{"rendered":"https:\/\/www.caririemacao.com\/1\/?p=185731"},"modified":"2020-08-27T14:13:08","modified_gmt":"2020-08-27T17:13:08","slug":"pgr-pede-que-flavio-bolsonaro-continue-com-foro-privilegiado","status":"publish","type":"post","link":"https:\/\/www.caririemacao.com\/1\/2020\/08\/27\/pgr-pede-que-flavio-bolsonaro-continue-com-foro-privilegiado\/","title":{"rendered":"PGR pede que Fl\u00e1vio Bolsonaro continue com foro privilegiado"},"content":{"rendered":"\n<h1 class=\"wp-block-heading\"><\/h1>\n\n\n\n<p>A Procuradoria-Geral da Rep\u00fablica pediu que o Supremo Tribunal Federal mantenha o foro privilegiado de Fl\u00e1vio Bolsonaro&nbsp; no caso das rachadinhas, rejeitando o recurso apresentado pelo Minist\u00e9rio P\u00fablico do Rio de Janeiro. A informa\u00e7\u00e3o \u00e9 da&nbsp;TV Globo.<\/p>\n\n\n\n<p>O Tribunal de Justi\u00e7a do Rio tomou a decis\u00e3o de tirar o caso da primeira inst\u00e2ncia, mas a medida foi questionada pelo MP do estado. Ap\u00f3s Humberto Jacques, vice-procurador-geral da Rep\u00fablica, o ministro Gilmar Mender, que \u00e9 o relator do caso, deve colocar o tema em julgamento.<\/p>\n\n\n\n<p>\u201cDa mesma forma que n\u00e3o h\u00e1 defini\u00e7\u00e3o pac\u00edfica do Supremo Tribunal Federal sobre \u2018mandatos cruzados\u2019 no n\u00edvel federal, tamb\u00e9m n\u00e3o h\u00e1 defini\u00e7\u00e3o de \u2018mandatos cruzados\u2019 quando o eleito deixa de ser representante do povo na casa legislativa estadual e passa a ser representante do Estado da Federa\u00e7\u00e3o no Senado Federal (c\u00e2mara representativa dos Estados federados)\u201d, escreveu Medeiros em seu pedido.<\/p>\n\n\n\n<p>\u201cA reclama\u00e7\u00e3o constitucional n\u00e3o \u00e9 instrumento destinado a fazer tese do porvir (criar fonte do direito) no \u00e2mbito da jurisdi\u00e7\u00e3o origin\u00e1ria do Supremo Tribunal Federal sob pena de desvirtuar tanto a sua natureza quanto a compet\u00eancia de direito estrito do pr\u00f3prio Supremo Tribunal Federal\u201d, completou.<\/p>\n\n\n\n<p>A defesa de Fl\u00e1vio Bolsonaro afirma que o filho mais velho do presidente Jair Bolsonaro nunca deixou de ter foro, j\u00e1 que passou do mandato de deputado federal para o de senador sem nenhum intervalo.<\/p>\n","protected":false},"excerpt":{"rendered":"<p>A Procuradoria-Geral da Rep\u00fablica pediu que o Supremo Tribunal Federal mantenha o foro privilegiado de Fl\u00e1vio Bolsonaro&nbsp; no caso das rachadinhas, rejeitando o recurso apresentado&hellip; <\/p>\n","protected":false},"author":2,"featured_media":185732,"comment_status":"closed","ping_status":"closed","sticky":false,"template":"","format":"standard","meta":{"sfsi_plus_gutenberg_text_before_share":"","sfsi_plus_gutenberg_show_text_before_share":"","sfsi_plus_gutenberg_icon_type":"","sfsi_plus_gutenberg_icon_alignemt":"","sfsi_plus_gutenburg_max_per_row":"","footnotes":""},"categories":[11],"tags":[],"class_list":["post-185731","post","type-post","status-publish","format-standard","has-post-thumbnail","hentry","category-politica"],"_links":{"self":[{"href":"https:\/\/www.caririemacao.com\/1\/wp-json\/wp\/v2\/posts\/185731","targetHints":{"allow":["GET"]}}],"collection":[{"href":"https:\/\/www.caririemacao.com\/1\/wp-json\/wp\/v2\/posts"}],"about":[{"href":"https:\/\/www.caririemacao.com\/1\/wp-json\/wp\/v2\/types\/post"}],"author":[{"embeddable":true,"href":"https:\/\/www.caririemacao.com\/1\/wp-json\/wp\/v2\/users\/2"}],"replies":[{"embeddable":true,"href":"https:\/\/www.caririemacao.com\/1\/wp-json\/wp\/v2\/comments?post=185731"}],"version-history":[{"count":1,"href":"https:\/\/www.caririemacao.com\/1\/wp-json\/wp\/v2\/posts\/185731\/revisions"}],"predecessor-version":[{"id":185733,"href":"https:\/\/www.caririemacao.com\/1\/wp-json\/wp\/v2\/posts\/185731\/revisions\/185733"}],"wp:featuredmedia":[{"embeddable":true,"href":"https:\/\/www.caririemacao.com\/1\/wp-json\/wp\/v2\/media\/185732"}],"wp:attachment":[{"href":"https:\/\/www.caririemacao.com\/1\/wp-json\/wp\/v2\/media?parent=185731"}],"wp:term":[{"taxonomy":"category","embeddable":true,"href":"https:\/\/www.caririemacao.com\/1\/wp-json\/wp\/v2\/categories?post=185731"},{"taxonomy":"post_tag","embeddable":true,"href":"https:\/\/www.caririemacao.com\/1\/wp-json\/wp\/v2\/tags?post=185731"}],"curies":[{"name":"wp","href":"https:\/\/api.w.org\/{rel}","templated":true}]}}