{"id":185736,"date":"2020-08-27T14:51:55","date_gmt":"2020-08-27T17:51:55","guid":{"rendered":"https:\/\/www.caririemacao.com\/1\/?p=185736"},"modified":"2020-08-27T15:00:56","modified_gmt":"2020-08-27T18:00:56","slug":"mulher-baleada-durante-tiroteio-no-rio-comprido-morre-vitima-se-curvou-para-proteger-o-filho-e-foi-atingida","status":"publish","type":"post","link":"https:\/\/www.caririemacao.com\/1\/2020\/08\/27\/mulher-baleada-durante-tiroteio-no-rio-comprido-morre-vitima-se-curvou-para-proteger-o-filho-e-foi-atingida\/","title":{"rendered":"Mulher baleada durante tiroteio no Rio Comprido morre; v\u00edtima se curvou para proteger o filho e foi atingida"},"content":{"rendered":"\n<p>A pol\u00edcia investiga a morte de uma&nbsp;mulher que foi baleada&nbsp;na noite desta quarta-feira (26)&nbsp;na Rua Azevedo Lima, no Rio Comprido, Zona Norte do Rio. Ana Cristina da Silva, de 25 anos, estava indo com o filho para o bar onde trabalhava, quando ficou no meio do tiroteio. No momento dos disparos, ela se curvou sobre o filho de 3 anos para proteg\u00ea-lo e acabou sendo atingida por tiros de fuzil na cabe\u00e7a e na barriga.<\/p>\n\n\n\n<p>\u201cA gente pensa que nunca vai acontecer com a gente, mas de uma hora pra outra voc\u00ea morre pra salvar a vida de um filho. Ent\u00e3o, eu acho que n\u00e3o tem mensagem pra deixar, s\u00f3 tem indigna\u00e7\u00e3o, s\u00f3 tem um pedido, n\u00e9: Justi\u00e7a pra ser feita. Foi apenas bandido contra bandido, parece que o Rio todo est\u00e1 tomado de bandidos. Isso que d\u00e1 pra perceber\u201d, lamentou V\u00e2nia Brito, cunhada de Ana Cristina.<\/p>\n\n\n\n<p>\u00c0s 3h55 desta quinta-feira (27), o Corpo de Bombeiros foi novamente acionado para socorrer quatro pessoas baleadas no Morro do S\u00e3o Carlos. Uma chegou morta ao hospital, e outras tr\u00eas foram socorridas.<\/p>\n\n\n\n<p>Desde o in\u00edcio da noite desta quarta, um&nbsp;intenso tiroteio na regi\u00e3o,&nbsp;motivado por uma disputa entre bandidos de fac\u00e7\u00f5es criminosas rivais, assusta os moradores.<\/p>\n\n\n\n<p>Durante a tarde desta quarta, dois criminosos foram presos durante um intenso tiroteio na Lagoa, na Zona Sul. Segundo a pol\u00edcia, eles s\u00e3o da Rocinha e participariam da invas\u00e3o ao Complexo do S\u00e3o Carlos.<\/p>\n\n\n\n<figure class=\"wp-block-image\"><img decoding=\"async\" data-src=\"https:\/\/s2.glbimg.com\/3u557xiW4Fe7u8WOAm1G7s5TkvI=\/0x0:850x954\/984x0\/smart\/filters:strip_icc()\/i.s3.glbimg.com\/v1\/AUTH_59edd422c0c84a879bd37670ae4f538a\/internal_photos\/bs\/2020\/Q\/0\/DOU8qqQmeyzPkp3JRsAQ\/27rc1.jpg\" alt=\"Ana Cristina da Silva, de 25 anos, morreu baleada ao proteger o filho de tiroteio no Rio Comprido \u2014 Foto: Reprodu\u00e7\u00e3o\/TV Globo\" src=\"data:image\/svg+xml;base64,PHN2ZyB3aWR0aD0iMSIgaGVpZ2h0PSIxIiB4bWxucz0iaHR0cDovL3d3dy53My5vcmcvMjAwMC9zdmciPjwvc3ZnPg==\" class=\"lazyload\" \/><\/figure>\n\n\n\n<p>Ana Cristina da Silva, de 25 anos, morreu baleada ao proteger o filho de tiroteio no Rio Comprido \u2014 Foto: Reprodu\u00e7\u00e3o\/TV Globo<\/p>\n\n\n\n<h2 class=\"has-normal-font-size wp-block-heading\">Tiroteio impediu socorro<\/h2>\n\n\n\n<p>O forte tiroteio impediu que Ana Cristina fosse socorrida pelo Corpo de Bombeiros na noite desta quarta. Conforme apurado pela TV Globo, o Quartel Central da corpora\u00e7\u00e3o foi acionado para socorrer a v\u00edtima, mas a Rua Azevedo Lima \u00e9 uma das vias que d\u00e1 acesso ao Morro S\u00e3o Carlos, no Est\u00e1cio.<\/p>\n\n\n\n<p>O forte tiroteio&nbsp;impediu que a mulher fosse socorrida pelo Corpo de Bombeiros, segundo informado pela assessoria da corpora\u00e7\u00e3o.<\/p>\n\n\n\n<figure class=\"wp-block-image\"><img decoding=\"async\" data-src=\"https:\/\/s03.video.glbimg.com\/x720\/8807710.jpg\" alt=\"Disputa entre traficantes provoca intenso tiroteio na regi\u00e3o do Catumbi\" title=\"Disputa entre traficantes provoca intenso tiroteio na regi\u00e3o do Catumbi\" src=\"data:image\/svg+xml;base64,PHN2ZyB3aWR0aD0iMSIgaGVpZ2h0PSIxIiB4bWxucz0iaHR0cDovL3d3dy53My5vcmcvMjAwMC9zdmciPjwvc3ZnPg==\" class=\"lazyload\" \/><\/figure>\n\n\n\n<h2 class=\"has-normal-font-size wp-block-heading\">Invas\u00e3o por grupo rival<\/h2>\n\n\n\n<p>O intenso tiroteio na regi\u00e3o do Catumbi teria iniciado ap\u00f3s a invas\u00e3o de favelas por grupos criminosos rivais. Moradores registraram rajadas e explos\u00e3o de granadas no bairro.<\/p>\n\n\n\n<p>No Catumbi, existem as seguintes favelas: Mineira; S\u00e3o Carlos; Coroa; Querosene; Zinco; Fallet e Fogueteiro.<\/p>\n\n\n\n<h2 class=\"has-normal-font-size wp-block-heading\">Presos na Lagoa participariam de invas\u00e3o<\/h2>\n\n\n\n<p>Durante a tarde desta quarta,&nbsp;dois homens foram presos na Lagoa, na Zona Sul, ap\u00f3s um intenso tiroteio com a pol\u00edcia. Dezenas de c\u00e1psulas foram recolhidas por policiais na Avenida Borges de Medeiros, uma das principais vias do bairro.<\/p>\n\n\n\n<p>Os bandidos estavam em um carro roubado vestidos com roupas camufladas. Com eles foram apreendidas granadas, muita muni\u00e7\u00e3o, carregadores, um fuzil e duas pistolas. Os criminosos s\u00e3o da Rocinha e iam participar da invas\u00e3o no Complexo do S\u00e3o Carlos.<\/p>\n\n\n\n<figure class=\"wp-block-image\"><img decoding=\"async\" data-src=\"https:\/\/s03.video.glbimg.com\/x240\/8807302.jpg\" alt=\"Bandidos trocam tiros com policiais na Lagoa\" title=\"Bandidos trocam tiros com policiais na Lagoa\" src=\"data:image\/svg+xml;base64,PHN2ZyB3aWR0aD0iMSIgaGVpZ2h0PSIxIiB4bWxucz0iaHR0cDovL3d3dy53My5vcmcvMjAwMC9zdmciPjwvc3ZnPg==\" class=\"lazyload\" \/><\/figure>\n\n\n\n<p>Bandidos trocam tiros com policiais na Lagoa<\/p>\n\n\n\n<p>A troca de tiros come\u00e7ou na Avenida Borges de Medeiros, em frente \u00e0 Rua J.J. Seabra. Criminosos usando roupas camufladas e coletes \u00e0 prova de bala praticavam roubos quando cruzaram com agentes da Seguran\u00e7a Presente e atiraram.<\/p>\n\n\n\n<p>Durante o tiroteio, um policial civil que passava em um carro descaracterizado viu a cena e tamb\u00e9m disparou contra os bandidos, ferindo um deles.<\/p>\n\n\n\n<figure class=\"wp-block-image\"><img decoding=\"async\" data-src=\"https:\/\/s2.glbimg.com\/K9VBLCdc3ztPygFSPh_qTyqRoOI=\/0x0:1472x1006\/984x0\/smart\/filters:strip_icc()\/i.s3.glbimg.com\/v1\/AUTH_59edd422c0c84a879bd37670ae4f538a\/internal_photos\/bs\/2020\/j\/N\/WF56bfSUOVFKluLFsJ2w\/img-20200826-151341.jpg\" alt=\"Tiroteio e persegui\u00e7\u00e3o na Lagoa \u2014 Foto: Marcos Serra Lima\/G1\" src=\"data:image\/svg+xml;base64,PHN2ZyB3aWR0aD0iMSIgaGVpZ2h0PSIxIiB4bWxucz0iaHR0cDovL3d3dy53My5vcmcvMjAwMC9zdmciPjwvc3ZnPg==\" class=\"lazyload\" \/><\/figure>\n\n\n\n<p>Tiroteio e persegui\u00e7\u00e3o na Lagoa \u2014 Foto: Marcos Serra Lima\/G1<\/p>\n","protected":false},"excerpt":{"rendered":"<p>A pol\u00edcia investiga a morte de uma&nbsp;mulher que foi baleada&nbsp;na noite desta quarta-feira (26)&nbsp;na Rua Azevedo Lima, no Rio Comprido, Zona Norte do Rio. Ana&hellip; <\/p>\n","protected":false},"author":1,"featured_media":185740,"comment_status":"closed","ping_status":"closed","sticky":false,"template":"","format":"standard","meta":{"sfsi_plus_gutenberg_text_before_share":"","sfsi_plus_gutenberg_show_text_before_share":"","sfsi_plus_gutenberg_icon_type":"","sfsi_plus_gutenberg_icon_alignemt":"","sfsi_plus_gutenburg_max_per_row":"","footnotes":""},"categories":[2,12],"tags":[],"class_list":["post-185736","post","type-post","status-publish","format-standard","has-post-thumbnail","hentry","category-geral","category-policia"],"_links":{"self":[{"href":"https:\/\/www.caririemacao.com\/1\/wp-json\/wp\/v2\/posts\/185736","targetHints":{"allow":["GET"]}}],"collection":[{"href":"https:\/\/www.caririemacao.com\/1\/wp-json\/wp\/v2\/posts"}],"about":[{"href":"https:\/\/www.caririemacao.com\/1\/wp-json\/wp\/v2\/types\/post"}],"author":[{"embeddable":true,"href":"https:\/\/www.caririemacao.com\/1\/wp-json\/wp\/v2\/users\/1"}],"replies":[{"embeddable":true,"href":"https:\/\/www.caririemacao.com\/1\/wp-json\/wp\/v2\/comments?post=185736"}],"version-history":[{"count":2,"href":"https:\/\/www.caririemacao.com\/1\/wp-json\/wp\/v2\/posts\/185736\/revisions"}],"predecessor-version":[{"id":185749,"href":"https:\/\/www.caririemacao.com\/1\/wp-json\/wp\/v2\/posts\/185736\/revisions\/185749"}],"wp:featuredmedia":[{"embeddable":true,"href":"https:\/\/www.caririemacao.com\/1\/wp-json\/wp\/v2\/media\/185740"}],"wp:attachment":[{"href":"https:\/\/www.caririemacao.com\/1\/wp-json\/wp\/v2\/media?parent=185736"}],"wp:term":[{"taxonomy":"category","embeddable":true,"href":"https:\/\/www.caririemacao.com\/1\/wp-json\/wp\/v2\/categories?post=185736"},{"taxonomy":"post_tag","embeddable":true,"href":"https:\/\/www.caririemacao.com\/1\/wp-json\/wp\/v2\/tags?post=185736"}],"curies":[{"name":"wp","href":"https:\/\/api.w.org\/{rel}","templated":true}]}}