{"id":185746,"date":"2020-08-27T15:02:45","date_gmt":"2020-08-27T18:02:45","guid":{"rendered":"https:\/\/www.caririemacao.com\/1\/?p=185746"},"modified":"2020-08-27T15:02:45","modified_gmt":"2020-08-27T18:02:45","slug":"volta-as-aulas-em-2020-e-incerta-e-retorno-so-sera-definido-apos-novos-testes-de-covid-19-em-criancas-e-adolescentes-diz-covas","status":"publish","type":"post","link":"https:\/\/www.caririemacao.com\/1\/2020\/08\/27\/volta-as-aulas-em-2020-e-incerta-e-retorno-so-sera-definido-apos-novos-testes-de-covid-19-em-criancas-e-adolescentes-diz-covas\/","title":{"rendered":"Volta \u00e0s aulas em 2020 \u00e9 incerta e retorno s\u00f3 ser\u00e1 definido ap\u00f3s novos testes de Covid-19 em crian\u00e7as e adolescentes, diz Covas"},"content":{"rendered":"\n<figure class=\"wp-block-image\"><img decoding=\"async\" data-src=\"https:\/\/s03.video.glbimg.com\/x240\/8809822.jpg\" alt=\"7 em cada 10 crian\u00e7as de S\u00e3o Paulo com Covid-19 n\u00e3o tiveram sintomas\" title=\"7 em cada 10 crian\u00e7as de S\u00e3o Paulo com Covid-19 n\u00e3o tiveram sintomas\" src=\"data:image\/svg+xml;base64,PHN2ZyB3aWR0aD0iMSIgaGVpZ2h0PSIxIiB4bWxucz0iaHR0cDovL3d3dy53My5vcmcvMjAwMC9zdmciPjwvc3ZnPg==\" class=\"lazyload\" \/><\/figure>\n\n\n\n<p>O prefeito Bruno Covas (PSDB) disse que a data de reabertura das escolas p\u00fablicas e privadas na cidade de S\u00e3o Paulo ser\u00e1 definida somente ap\u00f3s a realiza\u00e7\u00e3o da terceira fase do inqu\u00e9rito sorol\u00f3gico entre crian\u00e7as e adolescentes. O novo resultado dos testes sorol\u00f3gicos ser\u00e1 divulgado no m\u00eas de setembro. O objetivo da testagem \u00e9 identificar o percentual das crian\u00e7as e adolescentes da rede de ensino que j\u00e1 tiveram contato com o v\u00edrus.<\/p>\n\n\n\n<p>&#8220;A segunda fase mostra o acerto da decis\u00e3o da prefeitura em n\u00e3o autorizar o retorno as aulas no m\u00eas de setembro aqui na cidade. Nos pr\u00f3ximos dias, entre 10 e 15 de setembro, n\u00f3s devemos ter a terceira fase do inqu\u00e9rito realizado com crian\u00e7as, abrangendo n\u00e3o apenas os alunos da rede municipal mas tamb\u00e9m da rede estadual e privada na cidade de S\u00e3o Paulo. E, a partir da terceira fase, a prefeitura vai decidir se teremos ou n\u00e3o retorno \u00e0s aulas neste ano na cidade&#8221;, afirmou o prefeito na tarde desta quinta-feira (26) durante divulga\u00e7\u00e3o da pesquisa que mostra a presen\u00e7a do v\u00edrus entre crian\u00e7as e adolescentes.<\/p>\n\n\n\n<p>Covas ressaltou que a decis\u00e3o da volta \u00e0s aulas ser\u00e1 da \u00e1rea da Sa\u00fade. A segunda fase do inqu\u00e9rito sorol\u00f3gico entre crian\u00e7as e adolescentes, realizada pela Prefeitura de S\u00e3o Paulo, mostra que\u00a0quase 70% das crian\u00e7as infectadas pelo coronav\u00edrus s\u00e3o assintom\u00e1ticas, ou seja, sete em cada dez crian\u00e7as que testaram positivo n\u00e3o apresentaram nenhum sintoma\u00a0da doen\u00e7a.<\/p>\n\n\n\n<p>O secret\u00e1rio municipal de Educa\u00e7\u00e3o, Bruno Caetano, disse que a data ainda n\u00e3o foi definida, mas vai ocorrer quando for poss\u00edvel.<\/p>\n\n\n\n<p>&#8220;A primeira etapa do retorno das aulas se dar\u00e1 quando for poss\u00edvel com ao acolhimento das crian\u00e7as e na sequ\u00eancia a aplica\u00e7\u00e3o de uma prova para que a gente possa saber o que elas aprenderam \u00e0 dist\u00e2ncia e o que a gente precisa refor\u00e7ar&#8221;, declarou.<\/p>\n\n\n\n<figure class=\"wp-block-image\"><img decoding=\"async\" data-src=\"https:\/\/s03.video.glbimg.com\/x240\/8809494.jpg\" alt=\"Sete em cada 10 crian\u00e7a da rede p\u00fablica com teste positivo para covid n\u00e3o t\u00eam sintomas\" title=\"Sete em cada 10 crian\u00e7a da rede p\u00fablica com teste positivo para covid n\u00e3o t\u00eam sintomas\" src=\"data:image\/svg+xml;base64,PHN2ZyB3aWR0aD0iMSIgaGVpZ2h0PSIxIiB4bWxucz0iaHR0cDovL3d3dy53My5vcmcvMjAwMC9zdmciPjwvc3ZnPg==\" class=\"lazyload\" \/><\/figure>\n\n\n\n<p>Sete em cada 10 crian\u00e7a da rede p\u00fablica com teste positivo para covid n\u00e3o t\u00eam sintomas<\/p>\n\n\n\n<p>O mapeamento foi feito com seis mil crian\u00e7as e adolescentes de 4 a 14 anos da rede municipal de ensino.<\/p>\n\n\n\n<ul class=\"wp-block-list\"><li>69,5% das crian\u00e7as e adolescentes testados s\u00e3o assintom\u00e1ticos<\/li><li>preval\u00eancia aumentou de 16,1% para 18,3%<\/li><li>maior parte dos infectados faz parte da popula\u00e7\u00e3o preta\/parda<\/li><\/ul>\n\n\n\n<p>&#8220;N\u00f3s tivemos aumento de preval\u00eancia das crian\u00e7as que tiveram contato e produziram o anticorpo do v\u00edrus aqui na cidade. Tivemos aumento de preval\u00eancia em todas as faixas de idade. Um outro dado importante \u00e9 que a propor\u00e7\u00e3o de crian\u00e7as assintom\u00e1ticas \u00e9 de 69,5%, duas vezes maior do que as cidades que apresentaram sintomas&#8221;, afirmou o secret\u00e1rio municipal de Sa\u00fade, Edson Aparecido.<\/p>\n\n\n\n<p>O estudo tamb\u00e9m aponta aumento na preval\u00eancia da Covid-19 de 16,1% para 18,3% entre a primeira e segunda fase da pesquisa. Isto significa que subiu de 108.823 alunos que possuem o v\u00edrus do coronav\u00edrus para 123.624.<\/p>\n\n\n\n<p>Questionado se o aumento da preval\u00eancia significa que o v\u00edrus est\u00e1 avan\u00e7ando entre as crian\u00e7as e adolescentes, o prefeito Bruno Covas (PSDB) disse que \u00e9 uma pesquisa estat\u00edstica.<\/p>\n\n\n\n<p>&#8220;S\u00f3 a terceira fase, s\u00f3 o terceiro inqu\u00e9rito realizado com as crian\u00e7as vai confirmar se trata-se de um aumento, se n\u00f3s vamos estar com 19 ou 20%, ou o mesmo n\u00famero. Ainda \u00e9 muito cedo pra cravar que \u00e9 um aumento da preval\u00eancia na cidade de S\u00e3o Paulo.&#8221;<\/p>\n\n\n\n<figure class=\"wp-block-image\"><img decoding=\"async\" data-src=\"https:\/\/s2.glbimg.com\/TMeSfotZJsWj7_6ngkVOsfiA1Zw=\/0x167:768x1024\/984x0\/smart\/filters:strip_icc()\/i.s3.glbimg.com\/v1\/AUTH_59edd422c0c84a879bd37670ae4f538a\/internal_photos\/bs\/2020\/O\/t\/gYeWlFSPWaA2PhsAPXqA\/pesquisa.jpg\" alt=\"Inqu\u00e9rito sorol\u00f3gico aponta que 18,3% das crian\u00e7as que residem na cidade de SP j\u00e1 tiveram contato com o coronav\u00edrus \u2014 Foto: Prefeitura de SP\" src=\"data:image\/svg+xml;base64,PHN2ZyB3aWR0aD0iMSIgaGVpZ2h0PSIxIiB4bWxucz0iaHR0cDovL3d3dy53My5vcmcvMjAwMC9zdmciPjwvc3ZnPg==\" class=\"lazyload\" \/><\/figure>\n\n\n\n<p>Inqu\u00e9rito sorol\u00f3gico aponta que 18,3% das crian\u00e7as que residem na cidade de SP j\u00e1 tiveram contato com o coronav\u00edrus \u2014 Foto: Prefeitura de SP<\/p>\n\n\n\n<h2 class=\"has-normal-font-size wp-block-heading\">Perfil<\/h2>\n\n\n\n<p>A pesquisa tamb\u00e9m mostra que a cor \u00e9 um fator preponderante nos casos de contamina\u00e7\u00e3o do coronav\u00edrus e a popula\u00e7\u00e3o preta e parda \u00e9 a mais contaminada pela doen\u00e7a tamb\u00e9m entre as crian\u00e7as e os adolescentes. O v\u00edrus est\u00e1 presente em 20% da popula\u00e7\u00e3o preta\/parda e entre 16,1% dos brancos.<\/p>\n\n\n\n<p>&#8220;Ainda uma preval\u00eancia em crian\u00e7as da cor e ra\u00e7a preta e parda, onde temos 20%, mas sem uma diferen\u00e7a significativa em rela\u00e7\u00e3o a cor e ra\u00e7a branca&#8221;, disse o secret\u00e1rio municipal da Sa\u00fade.<\/p>\n\n\n\n<p>&#8220;N\u00f3s tamb\u00e9m constatamos, nesta fase, indiv\u00edduos com renda de classe D e E maior do que na classe C. N\u00e3o houve aumento significativo em rela\u00e7\u00e3o \u00e0 fase anterior&#8221;, completou.<\/p>\n\n\n\n<p>COM G1<\/p>\n","protected":false},"excerpt":{"rendered":"<p>O prefeito Bruno Covas (PSDB) disse que a data de reabertura das escolas p\u00fablicas e privadas na cidade de S\u00e3o Paulo ser\u00e1 definida somente ap\u00f3s&hellip; <\/p>\n","protected":false},"author":1,"featured_media":185750,"comment_status":"closed","ping_status":"closed","sticky":false,"template":"","format":"standard","meta":{"sfsi_plus_gutenberg_text_before_share":"","sfsi_plus_gutenberg_show_text_before_share":"","sfsi_plus_gutenberg_icon_type":"","sfsi_plus_gutenberg_icon_alignemt":"","sfsi_plus_gutenburg_max_per_row":"","footnotes":""},"categories":[2],"tags":[],"class_list":["post-185746","post","type-post","status-publish","format-standard","has-post-thumbnail","hentry","category-geral"],"_links":{"self":[{"href":"https:\/\/www.caririemacao.com\/1\/wp-json\/wp\/v2\/posts\/185746","targetHints":{"allow":["GET"]}}],"collection":[{"href":"https:\/\/www.caririemacao.com\/1\/wp-json\/wp\/v2\/posts"}],"about":[{"href":"https:\/\/www.caririemacao.com\/1\/wp-json\/wp\/v2\/types\/post"}],"author":[{"embeddable":true,"href":"https:\/\/www.caririemacao.com\/1\/wp-json\/wp\/v2\/users\/1"}],"replies":[{"embeddable":true,"href":"https:\/\/www.caririemacao.com\/1\/wp-json\/wp\/v2\/comments?post=185746"}],"version-history":[{"count":1,"href":"https:\/\/www.caririemacao.com\/1\/wp-json\/wp\/v2\/posts\/185746\/revisions"}],"predecessor-version":[{"id":185751,"href":"https:\/\/www.caririemacao.com\/1\/wp-json\/wp\/v2\/posts\/185746\/revisions\/185751"}],"wp:featuredmedia":[{"embeddable":true,"href":"https:\/\/www.caririemacao.com\/1\/wp-json\/wp\/v2\/media\/185750"}],"wp:attachment":[{"href":"https:\/\/www.caririemacao.com\/1\/wp-json\/wp\/v2\/media?parent=185746"}],"wp:term":[{"taxonomy":"category","embeddable":true,"href":"https:\/\/www.caririemacao.com\/1\/wp-json\/wp\/v2\/categories?post=185746"},{"taxonomy":"post_tag","embeddable":true,"href":"https:\/\/www.caririemacao.com\/1\/wp-json\/wp\/v2\/tags?post=185746"}],"curies":[{"name":"wp","href":"https:\/\/api.w.org\/{rel}","templated":true}]}}