{"id":185752,"date":"2020-08-27T15:06:01","date_gmt":"2020-08-27T18:06:01","guid":{"rendered":"https:\/\/www.caririemacao.com\/1\/?p=185752"},"modified":"2020-08-27T15:06:01","modified_gmt":"2020-08-27T18:06:01","slug":"funcionaria-de-loja-do-shopping-leblon-diz-que-foi-chamada-de-escrava-por-gerente","status":"publish","type":"post","link":"https:\/\/www.caririemacao.com\/1\/2020\/08\/27\/funcionaria-de-loja-do-shopping-leblon-diz-que-foi-chamada-de-escrava-por-gerente\/","title":{"rendered":"Funcion\u00e1ria de loja do Shopping Leblon diz que foi chamada de escrava por gerente"},"content":{"rendered":"\n<p>Uma funcion\u00e1ria de uma loja do Shopping Leblon, na Zona Sul do Rio, denuncia que a gerente dela a chamou de escrava. Ou seja, mais um caso de racismo. Janine de Oliveira Monteiro, de 27 anos, trabalhava como estoquista na loja Rosa Ch\u00e1.<\/p>\n\n\n\n<p>&#8220;Ela apontou para mim e me chamou de escrava, como se fosse algo natural. Resolvi denunciar porque n\u00e3o podemos mais aceitar isso. \u00c9 hora de abrir a boca e expor o racismo&#8221;, desabafou Janine.<\/p>\n\n\n\n<p>A den\u00fancia foi publicada na quarta-feira (26) no Jornal Extra. Janine disse que as ofensas da gerente aconteceram no dia 14 de julho, durante uma reuni\u00e3o de trabalho, na frente de outros colegas.<\/p>\n\n\n\n<p>&#8220;Est\u00e1vamos conversando, eu e outro colega de trabalho, sobre uma receita de bolo de chocolate chamado de &#8216;Nega maluca&#8217; quando ela come\u00e7ou a abordar temas de judeus e escravos, algo que nada tinha a ver com o assunto. Num determinado momento, ela me usou como exemplo e disse &#8220;assim como voc\u00ea, escrava&#8221;. Foi horr\u00edvel. Custei a acreditar que ela estava me chamando dessa forma&#8221;, disse Janine.<\/p>\n\n\n\n<p>Ela disse que registrou o caso na 14\u00aa DP (Leblon), que fica em frente ao shopping. A pol\u00edcia disse que as investiga\u00e7\u00f5es est\u00e3o em andamento e os envolvidos est\u00e3o sendo chamados para prestar depoimento.<\/p>\n\n\n\n<p>Segundo o Instituto de Seguran\u00e7a P\u00fablica, 33.933 ocorr\u00eancias por inj\u00faria, que incluem inj\u00faria racial, foram registradas no ano passado em todo o estado. J\u00e1 os casos de preconceito por cor, ra\u00e7a, etnia, religi\u00e3o ou proced\u00eancia nacional foram 114, em 2019. Um aumento de quase 60% em compara\u00e7\u00e3o com 2018.<\/p>\n\n\n\n<p>A Restoque, companhia respons\u00e1vel pela loja Rosa Ch\u00e1, disse que repudia qualquer tipo de atitude discriminat\u00f3ria e que mant\u00e9m um c\u00f3digo de \u00e9tica que pro\u00edbe esse tipo de conduta. Afirmou que at\u00e9 esta quinta-feira (27) n\u00e3o houve nenhum registro do caso no canal confidencial da empresa. A colaboradora denunciada foi afastada de suas atividades at\u00e9 que os fatos sejam apurados.<\/p>\n\n\n\n<p>O Shopping Leblon disse que a abordagem relatada n\u00e3o condiz com a postura adotada pelo empreendimento e que o shopping vai refor\u00e7ar suas orienta\u00e7\u00f5es de boas pr\u00e1ticas e conduta entre os lojistas.<\/p>\n\n\n\n<p>COM G1<\/p>\n","protected":false},"excerpt":{"rendered":"<p>Uma funcion\u00e1ria de uma loja do Shopping Leblon, na Zona Sul do Rio, denuncia que a gerente dela a chamou de escrava. Ou seja, mais&hellip; <\/p>\n","protected":false},"author":1,"featured_media":185754,"comment_status":"closed","ping_status":"closed","sticky":false,"template":"","format":"standard","meta":{"sfsi_plus_gutenberg_text_before_share":"","sfsi_plus_gutenberg_show_text_before_share":"","sfsi_plus_gutenberg_icon_type":"","sfsi_plus_gutenberg_icon_alignemt":"","sfsi_plus_gutenburg_max_per_row":"","footnotes":""},"categories":[2,12],"tags":[],"class_list":["post-185752","post","type-post","status-publish","format-standard","has-post-thumbnail","hentry","category-geral","category-policia"],"_links":{"self":[{"href":"https:\/\/www.caririemacao.com\/1\/wp-json\/wp\/v2\/posts\/185752","targetHints":{"allow":["GET"]}}],"collection":[{"href":"https:\/\/www.caririemacao.com\/1\/wp-json\/wp\/v2\/posts"}],"about":[{"href":"https:\/\/www.caririemacao.com\/1\/wp-json\/wp\/v2\/types\/post"}],"author":[{"embeddable":true,"href":"https:\/\/www.caririemacao.com\/1\/wp-json\/wp\/v2\/users\/1"}],"replies":[{"embeddable":true,"href":"https:\/\/www.caririemacao.com\/1\/wp-json\/wp\/v2\/comments?post=185752"}],"version-history":[{"count":1,"href":"https:\/\/www.caririemacao.com\/1\/wp-json\/wp\/v2\/posts\/185752\/revisions"}],"predecessor-version":[{"id":185755,"href":"https:\/\/www.caririemacao.com\/1\/wp-json\/wp\/v2\/posts\/185752\/revisions\/185755"}],"wp:featuredmedia":[{"embeddable":true,"href":"https:\/\/www.caririemacao.com\/1\/wp-json\/wp\/v2\/media\/185754"}],"wp:attachment":[{"href":"https:\/\/www.caririemacao.com\/1\/wp-json\/wp\/v2\/media?parent=185752"}],"wp:term":[{"taxonomy":"category","embeddable":true,"href":"https:\/\/www.caririemacao.com\/1\/wp-json\/wp\/v2\/categories?post=185752"},{"taxonomy":"post_tag","embeddable":true,"href":"https:\/\/www.caririemacao.com\/1\/wp-json\/wp\/v2\/tags?post=185752"}],"curies":[{"name":"wp","href":"https:\/\/api.w.org\/{rel}","templated":true}]}}