{"id":185753,"date":"2020-08-27T15:09:05","date_gmt":"2020-08-27T18:09:05","guid":{"rendered":"https:\/\/www.caririemacao.com\/1\/?p=185753"},"modified":"2020-08-27T15:09:05","modified_gmt":"2020-08-27T18:09:05","slug":"furacao-laura-atinge-a-costa-da-louisiana-com-ventos-de-240-km-h","status":"publish","type":"post","link":"https:\/\/www.caririemacao.com\/1\/2020\/08\/27\/furacao-laura-atinge-a-costa-da-louisiana-com-ventos-de-240-km-h\/","title":{"rendered":"Furac\u00e3o Laura atinge a costa da Louisiana com ventos de 240 km\/h"},"content":{"rendered":"\n<p>O olho do furac\u00e3o Laura tocou o solo na madrugada desta quinta-feira (27) na costa do estado da Louisiana, no sul dos\u00a0Estados Unidos, com ventos m\u00e1ximos sustentados de at\u00e9 240 km\/h.<\/p>\n\n\n\n<p>No momento em que alcan\u00e7ou a terra, ele era de categoria 4 (pen\u00faltima em escala que vai at\u00e9 5), mas posteriormente foi reclassificado como 2, e os ventos perderam a pot\u00eancia e passaram a ter velocidade de 175 km\/h .<\/p>\n\n\n\n<p>A amea\u00e7a de inunda\u00e7\u00f5es catastr\u00f3ficas for\u00e7ou centenas de milhares de pessoas a deixarem suas casas na Louisiana e no estado vizinho Texas.<\/p>\n\n\n\n<blockquote class=\"wp-block-quote is-layout-flow wp-block-quote-is-layout-flow\"><p>Uma adolescente de 14 anos da cidade de Vernon Parish, no estado da Lousiana, morreu ao ser atingida por uma \u00e1rvore que caiu na casa dela. \u00c9 o primeiro \u00f3bito confirmado nos EUA, de acordo com o governo estadual.<\/p><\/blockquote>\n\n\n\n<figure class=\"wp-block-image\"><img decoding=\"async\" data-src=\"https:\/\/s01.video.glbimg.com\/x240\/8808440.jpg\" alt=\"Furac\u00e3o Laura atinge o estado americano da Louisiana com chuva e ventos de 240 km\/h\" title=\"Furac\u00e3o Laura atinge o estado americano da Louisiana com chuva e ventos de 240 km\/h\" src=\"data:image\/svg+xml;base64,PHN2ZyB3aWR0aD0iMSIgaGVpZ2h0PSIxIiB4bWxucz0iaHR0cDovL3d3dy53My5vcmcvMjAwMC9zdmciPjwvc3ZnPg==\" class=\"lazyload\" \/><\/figure>\n\n\n\n<p>Furac\u00e3o Laura atinge o estado americano da Louisiana com chuva e ventos de 240 km\/h<\/p>\n\n\n\n<p>A tormenta atingiu a costa perto da cidade de Cameron desde 1h do hor\u00e1rio local (3h de Bras\u00edlia). O centro estava a 45 km ao sul-sudoeste de Lake Charles e se movia na dire\u00e7\u00e3o norte a uma velocidade de 24 km\/h.<\/p>\n\n\n\n<figure class=\"wp-block-image\"><img decoding=\"async\" data-src=\"https:\/\/s2.glbimg.com\/M5cm-l34PGGcvMloaCv0CXNBzuU=\/0x0:1024x681\/1008x0\/smart\/filters:strip_icc()\/i.s3.glbimg.com\/v1\/AUTH_59edd422c0c84a879bd37670ae4f538a\/internal_photos\/bs\/2020\/o\/L\/kSwTxvRwaeXZLoROmrAQ\/000-1ws3nc.jpg\" alt=\"Lago Charles, na Lousiana, est\u00e1 com o n\u00edvel mais alto por causa do furac\u00e3o Laura, em 27 de agosto de 2020 \u2014 Foto: Andrew Caballero-Reynolds \/ AFP\" src=\"data:image\/svg+xml;base64,PHN2ZyB3aWR0aD0iMSIgaGVpZ2h0PSIxIiB4bWxucz0iaHR0cDovL3d3dy53My5vcmcvMjAwMC9zdmciPjwvc3ZnPg==\" class=\"lazyload\" \/><\/figure>\n\n\n\n<p>Lago Charles, na Lousiana, est\u00e1 com o n\u00edvel mais alto por causa do furac\u00e3o Laura, em 27 de agosto de 2020 \u2014 Foto: Andrew Caballero-Reynolds \/ AFP<\/p>\n\n\n\n<p>&#8220;Tempestade catastr\u00f3fica, ventos extremos e inunda\u00e7\u00f5es repentinas est\u00e3o acontecendo em partes da Louisiana&#8221;, alertou o Centro Nacional de Furac\u00f5es (NHC, sigla em ingl\u00eas).<\/p>\n\n\n\n<p>Com a chegada do furac\u00e3o, os principais centros de refino de petr\u00f3leo de Lake Charles, de Beaumont e de Port Arthur, est\u00e3o na rota de risco e j\u00e1 deixaram de funcionar.<\/p>\n\n\n\n<figure class=\"wp-block-image\"><img decoding=\"async\" data-src=\"https:\/\/s2.glbimg.com\/3AY7nxf5SKhVmJ_c6dnyU0pfkRI=\/0x0:700x501\/1008x0\/smart\/filters:strip_icc()\/i.s3.glbimg.com\/v1\/AUTH_59edd422c0c84a879bd37670ae4f538a\/internal_photos\/bs\/2020\/K\/j\/4G3pyXQKmjN1bPCudsvg\/2020-08-26t024138z-1477220032-rc2eli9385rl-rtrmadp-3-storm-laura.jpg\" alt=\"Imagem de sat\u00e9lite mostra raios no furac\u00e3o Laura \u2014 Foto: NOAA \/ Via REUTERS \" src=\"data:image\/svg+xml;base64,PHN2ZyB3aWR0aD0iMSIgaGVpZ2h0PSIxIiB4bWxucz0iaHR0cDovL3d3dy53My5vcmcvMjAwMC9zdmciPjwvc3ZnPg==\" class=\"lazyload\" \/><\/figure>\n\n\n\n<p>Imagem de sat\u00e9lite mostra raios no furac\u00e3o Laura \u2014 Foto: NOAA \/ Via REUTERS<\/p>\n\n\n\n<h2 class=\"wp-block-heading\">620 mil t\u00eam ordem para deixar suas casas<\/h2>\n\n\n\n<p>V\u00e1rias medidas de prote\u00e7\u00e3o foram tomadas pela administra\u00e7\u00e3o da Louisiana, estado que foi devastado causada em 2005 pelo Katrina, furac\u00e3o de categoria 5 \u2013 a m\u00e1xima. Nova Orleans ficou com 80% de seu territ\u00f3rio inundado. Mais de mil pessoas morreram.<\/p>\n\n\n\n<figure class=\"wp-block-image\"><img decoding=\"async\" data-src=\"https:\/\/s2.glbimg.com\/3U6BNNCbYhSw2-KoUwIJH6APMUA=\/0x0:2000x1343\/984x0\/smart\/filters:strip_icc()\/i.s3.glbimg.com\/v1\/AUTH_59edd422c0c84a879bd37670ae4f538a\/internal_photos\/bs\/2020\/c\/S\/djdSBYRzi3WCJAmTsYLw\/vento.jpg\" alt=\"Ventos provocados pelo furac\u00e3o Laura balan\u00e7am \u00e1rvore em Lake Charles, Louisiana, nesta quinta-feira (27)  \u2014 Foto: Joe Raedle \/ Getty Images \/ AFP\" src=\"data:image\/svg+xml;base64,PHN2ZyB3aWR0aD0iMSIgaGVpZ2h0PSIxIiB4bWxucz0iaHR0cDovL3d3dy53My5vcmcvMjAwMC9zdmciPjwvc3ZnPg==\" class=\"lazyload\" \/><\/figure>\n\n\n\n<p>Ventos provocados pelo furac\u00e3o Laura balan\u00e7am \u00e1rvore em Lake Charles, Louisiana, nesta quinta-feira (27) \u2014 Foto: Joe Raedle \/ Getty Images \/ AFP<\/p>\n\n\n\n<p>Para se proteger contra o furac\u00e3o, os edif\u00edcios de arquitetura do hist\u00f3rico Bairro Franc\u00eas foram protegidos com chapas de madeira e sacos de areia foram empilhados diante de portas e janelas.<\/p>\n\n\n\n<p>Cerca de 620 mil pessoas receberam ordens de retirada obrigat\u00f3ria na Louisiana e no Texas. As autoridades da Louisiana est\u00e3o alertando aqueles que se recusaram a deixar as zonas obrigat\u00f3rias antes da chegada do furac\u00e3o que os esfor\u00e7os de resgate n\u00e3o come\u00e7ar\u00e3o at\u00e9 que a tempestade passe e seja seguro fazer isso.<\/p>\n\n\n\n<p>&#8220;Por favor, deixe sua casa. Se voc\u00ea decidir ficar e n\u00e3o pudermos chegar at\u00e9 voc\u00ea, escreva seu nome, endere\u00e7o, n\u00famero do seguro social e de familiares e coloque um saco pl\u00e1stico em seu bolso, rezando para que nada aconte\u00e7a&#8221;, afirmou o comunicado divulgado pelo xerife de Vermilion Parish.<\/p>\n\n\n\n<p>O governador do Texas, Greg Abbott, disse que a Guarda Nacional de seu estado estava preparada com&nbsp;ve\u00edculos para \u00e1gua e helic\u00f3pteros de resgate, enquanto o governador da Louisiana, John Bel Edwards, declarou que toda a Guarda Nacional do Estado foi ativada pela primeira vez desde 2012.<\/p>\n\n\n\n<p>O presidente Donald Trump pediu aos moradores das \u00e1reas afetadas que &#8220;ou\u00e7am as autoridades locais&#8221;. &#8220;Laura \u00e9 um furac\u00e3o muito perigoso e est\u00e1 se intensificando rapidamente. Meu governo continua colaborando totalmente com os gestores de emerg\u00eancia estaduais e locais&#8221;, publicou Trump no Twitter.<\/p>\n\n\n\n<figure class=\"wp-block-image\"><img decoding=\"async\" data-src=\"https:\/\/s2.glbimg.com\/I1KCy4JlGd0FHsJd3g_-0hzhCOc=\/0x0:650x1107\/984x0\/smart\/filters:strip_icc()\/i.s3.glbimg.com\/v1\/AUTH_59edd422c0c84a879bd37670ae4f538a\/internal_photos\/bs\/2020\/R\/7\/84RqCsTqy2v6ADon934A\/2708-furacao-laura-v2.png\" alt=\"Infogr\u00e1fico mostra a rota do furac\u00e3o Laura nos EUA  \u2014 Foto: Foto: Arte\/G1\" src=\"data:image\/svg+xml;base64,PHN2ZyB3aWR0aD0iMSIgaGVpZ2h0PSIxIiB4bWxucz0iaHR0cDovL3d3dy53My5vcmcvMjAwMC9zdmciPjwvc3ZnPg==\" class=\"lazyload\" \/><\/figure>\n\n\n\n<p>Infogr\u00e1fico mostra a rota do furac\u00e3o Laura nos EUA \u2014 Foto: Foto: Arte\/G1<\/p>\n\n\n\n<h2 class=\"wp-block-heading\">Tempestade<\/h2>\n\n\n\n<p>Ainda como uma tempestade, Laura provocou em\u00a0Cuba\u00a0chuvas fortes e alguns danos. No fim de semana, por\u00e9m,\u00a0sua passagem provocou a morte de pelo menos 24 pessoas\u00a0no Haiti e na\u00a0Rep\u00fablica Dominicana.<\/p>\n\n\n\n<p>Ap\u00f3s deixar Cuba, a tempestade ganhou for\u00e7a no Golfo do M\u00e9xico e se tornou um furac\u00e3o antes de chegar \u00e0 costa dos Estados Unidos.<\/p>\n\n\n\n<p>A temporada de tempestades no Atl\u00e2ntico, que vai at\u00e9 novembro, deve ser uma das mais severas. O NHC prev\u00ea at\u00e9 25 fen\u00f4menos, e Laura \u00e9 o 12\u00ba at\u00e9 o momento.<\/p>\n\n\n\n<p>COM G1<\/p>\n","protected":false},"excerpt":{"rendered":"<p>O olho do furac\u00e3o Laura tocou o solo na madrugada desta quinta-feira (27) na costa do estado da Louisiana, no sul dos\u00a0Estados Unidos, com ventos&hellip; <\/p>\n","protected":false},"author":1,"featured_media":185756,"comment_status":"closed","ping_status":"closed","sticky":false,"template":"","format":"standard","meta":{"sfsi_plus_gutenberg_text_before_share":"","sfsi_plus_gutenberg_show_text_before_share":"","sfsi_plus_gutenberg_icon_type":"","sfsi_plus_gutenberg_icon_alignemt":"","sfsi_plus_gutenburg_max_per_row":"","footnotes":""},"categories":[50],"tags":[],"class_list":["post-185753","post","type-post","status-publish","format-standard","has-post-thumbnail","hentry","category-destaque"],"_links":{"self":[{"href":"https:\/\/www.caririemacao.com\/1\/wp-json\/wp\/v2\/posts\/185753","targetHints":{"allow":["GET"]}}],"collection":[{"href":"https:\/\/www.caririemacao.com\/1\/wp-json\/wp\/v2\/posts"}],"about":[{"href":"https:\/\/www.caririemacao.com\/1\/wp-json\/wp\/v2\/types\/post"}],"author":[{"embeddable":true,"href":"https:\/\/www.caririemacao.com\/1\/wp-json\/wp\/v2\/users\/1"}],"replies":[{"embeddable":true,"href":"https:\/\/www.caririemacao.com\/1\/wp-json\/wp\/v2\/comments?post=185753"}],"version-history":[{"count":1,"href":"https:\/\/www.caririemacao.com\/1\/wp-json\/wp\/v2\/posts\/185753\/revisions"}],"predecessor-version":[{"id":185757,"href":"https:\/\/www.caririemacao.com\/1\/wp-json\/wp\/v2\/posts\/185753\/revisions\/185757"}],"wp:featuredmedia":[{"embeddable":true,"href":"https:\/\/www.caririemacao.com\/1\/wp-json\/wp\/v2\/media\/185756"}],"wp:attachment":[{"href":"https:\/\/www.caririemacao.com\/1\/wp-json\/wp\/v2\/media?parent=185753"}],"wp:term":[{"taxonomy":"category","embeddable":true,"href":"https:\/\/www.caririemacao.com\/1\/wp-json\/wp\/v2\/categories?post=185753"},{"taxonomy":"post_tag","embeddable":true,"href":"https:\/\/www.caririemacao.com\/1\/wp-json\/wp\/v2\/tags?post=185753"}],"curies":[{"name":"wp","href":"https:\/\/api.w.org\/{rel}","templated":true}]}}