{"id":185758,"date":"2020-08-27T15:12:02","date_gmt":"2020-08-27T18:12:02","guid":{"rendered":"https:\/\/www.caririemacao.com\/1\/?p=185758"},"modified":"2020-08-27T15:12:02","modified_gmt":"2020-08-27T18:12:02","slug":"policia-faz-em-ms-maior-apreensao-de-droga-da-historia-do-pais-33-toneladas","status":"publish","type":"post","link":"https:\/\/www.caririemacao.com\/1\/2020\/08\/27\/policia-faz-em-ms-maior-apreensao-de-droga-da-historia-do-pais-33-toneladas\/","title":{"rendered":"Pol\u00edcia faz em MS maior apreens\u00e3o de droga da hist\u00f3ria do pa\u00eds: 33 toneladas"},"content":{"rendered":"\n<p>A pol\u00edcia de Mato Grosso do Sul apreendeu quarta-feira (26), 33 toneladas de maconha na maior apreens\u00e3o da droga na hist\u00f3ria do pa\u00eds, segundo o Departamento de Opera\u00e7\u00f5es da Fronteira (DOF), ligado \u00e0 Pol\u00edcia Militar. Dois homens, um de 25 e outro de 45 anos, foram presos.<\/p>\n\n\n\n<p>O DOF fazia patrulhamento na MS-156, em Maracaju, quando deu ordem de parada a uma carreta que seguia no sentido contr\u00e1rio ao da viatura. O motorista desobedeceu os policiais e tentou manobrar para entrar com o ve\u00edculo em uma estrada vicinal.<\/p>\n\n\n\n<p>No entanto, o condutor n\u00e3o conseguiu fazer a manobra, abandonou a carreta \u00e0s margens da rodovia e fugiu a p\u00e9 levando a chave do ve\u00edculo, n\u00e3o sendo localizado. Os policiais revistaram as carrocerias e encontraram os tabletes de maconha. N\u00e3o havia nenhuma carga l\u00edcita. O DOF levou quatro horas para concluir a pesagem do entorpecente.<\/p>\n\n\n\n<p>Um carro que seguia logo atr\u00e1s da carreta foi abordado e nele estavam os dois homens que foram presos. Eles faziam o servi\u00e7o de batedor, avisando ao motorista do ve\u00edculo com a droga sobre a presen\u00e7a de pol\u00edcia nas rodovias.<\/p>\n\n\n\n<figure class=\"wp-block-image\"><img decoding=\"async\" data-src=\"https:\/\/s2.glbimg.com\/VyIoDX5DIvIgeTJpr1Jtl7rcAOQ=\/0x0:1280x720\/984x0\/smart\/filters:strip_icc()\/i.s3.glbimg.com\/v1\/AUTH_59edd422c0c84a879bd37670ae4f538a\/internal_photos\/bs\/2020\/J\/o\/b6DSyGQOicABcArgj4eg\/whatsapp-image-2020-08-27-at-07.46.14.jpeg\" alt=\"Maconha estava em carreta, sem nenhuma carga lic\u00edta \u2014 Foto: Carlos da Cruz\/TV Morena\" src=\"data:image\/svg+xml;base64,PHN2ZyB3aWR0aD0iMSIgaGVpZ2h0PSIxIiB4bWxucz0iaHR0cDovL3d3dy53My5vcmcvMjAwMC9zdmciPjwvc3ZnPg==\" class=\"lazyload\" \/><\/figure>\n\n\n\n<p>Maconha estava em carreta, sem nenhuma carga lic\u00edta \u2014 Foto: Carlos da Cruz\/TV Morenahttps:\/\/tpc.googlesyndication.com\/safeframe\/1-0-37\/html\/container.html<\/p>\n\n\n\n<p>Conforme o boletim de ocorr\u00eancia, o preso mais velho confessou que receberia dinheiro pelo servi\u00e7o. No carro e na carreta foram encontrados r\u00e1dios comunicadores na mesma frequ\u00eancia.<\/p>\n\n\n\n<p>A \u00faltima apreens\u00e3o recorde de maconha havia sido feita em maio deste ano, em uma a\u00e7\u00e3o conjunta entre a Pol\u00edcia Federal e a Pol\u00edcia Rodovi\u00e1ria Federal (PRF), em Iguatemi.\u00a0Na ocasi\u00e3o foram retiradas de circula\u00e7\u00e3o 28 toneladas da droga.\u00a0Um homem foi preso.<\/p>\n\n\n\n<p>De janeiro a agosto de 2019 foram apreendidas 74 toneladas de maconha. No mesmo per\u00edodo de 2020, a quantidade chegou a 180 toneladas.<\/p>\n\n\n\n<p>A pol\u00edcia afirma que as estradas mais vazias, por causa da pandemia, ajudam nas fiscaliza\u00e7\u00f5es e nas apreens\u00f5es.<\/p>\n\n\n\n<p>COM G1<\/p>\n","protected":false},"excerpt":{"rendered":"<p>A pol\u00edcia de Mato Grosso do Sul apreendeu quarta-feira (26), 33 toneladas de maconha na maior apreens\u00e3o da droga na hist\u00f3ria do pa\u00eds, segundo o&hellip; <\/p>\n","protected":false},"author":1,"featured_media":185760,"comment_status":"closed","ping_status":"closed","sticky":false,"template":"","format":"standard","meta":{"sfsi_plus_gutenberg_text_before_share":"","sfsi_plus_gutenberg_show_text_before_share":"","sfsi_plus_gutenberg_icon_type":"","sfsi_plus_gutenberg_icon_alignemt":"","sfsi_plus_gutenburg_max_per_row":"","footnotes":""},"categories":[12],"tags":[],"class_list":["post-185758","post","type-post","status-publish","format-standard","has-post-thumbnail","hentry","category-policia"],"_links":{"self":[{"href":"https:\/\/www.caririemacao.com\/1\/wp-json\/wp\/v2\/posts\/185758","targetHints":{"allow":["GET"]}}],"collection":[{"href":"https:\/\/www.caririemacao.com\/1\/wp-json\/wp\/v2\/posts"}],"about":[{"href":"https:\/\/www.caririemacao.com\/1\/wp-json\/wp\/v2\/types\/post"}],"author":[{"embeddable":true,"href":"https:\/\/www.caririemacao.com\/1\/wp-json\/wp\/v2\/users\/1"}],"replies":[{"embeddable":true,"href":"https:\/\/www.caririemacao.com\/1\/wp-json\/wp\/v2\/comments?post=185758"}],"version-history":[{"count":1,"href":"https:\/\/www.caririemacao.com\/1\/wp-json\/wp\/v2\/posts\/185758\/revisions"}],"predecessor-version":[{"id":185761,"href":"https:\/\/www.caririemacao.com\/1\/wp-json\/wp\/v2\/posts\/185758\/revisions\/185761"}],"wp:featuredmedia":[{"embeddable":true,"href":"https:\/\/www.caririemacao.com\/1\/wp-json\/wp\/v2\/media\/185760"}],"wp:attachment":[{"href":"https:\/\/www.caririemacao.com\/1\/wp-json\/wp\/v2\/media?parent=185758"}],"wp:term":[{"taxonomy":"category","embeddable":true,"href":"https:\/\/www.caririemacao.com\/1\/wp-json\/wp\/v2\/categories?post=185758"},{"taxonomy":"post_tag","embeddable":true,"href":"https:\/\/www.caririemacao.com\/1\/wp-json\/wp\/v2\/tags?post=185758"}],"curies":[{"name":"wp","href":"https:\/\/api.w.org\/{rel}","templated":true}]}}