{"id":185759,"date":"2020-08-27T15:14:13","date_gmt":"2020-08-27T18:14:13","guid":{"rendered":"https:\/\/www.caririemacao.com\/1\/?p=185759"},"modified":"2020-08-27T15:14:13","modified_gmt":"2020-08-27T18:14:13","slug":"pf-faz-operacao-contra-familia-de-chefe-do-trafico-na-fronteira-com-o-paraguai","status":"publish","type":"post","link":"https:\/\/www.caririemacao.com\/1\/2020\/08\/27\/pf-faz-operacao-contra-familia-de-chefe-do-trafico-na-fronteira-com-o-paraguai\/","title":{"rendered":"PF faz opera\u00e7\u00e3o contra fam\u00edlia de chefe do tr\u00e1fico na fronteira com o Paraguai"},"content":{"rendered":"\n<p>A Pol\u00edcia Federal come\u00e7ou a cumprir, na manh\u00e3 desta quinta-feira (27), 21 mandados de pris\u00e3o \u201316 preventivas e cinco tempor\u00e1rias \u2013 e 67 de busca e apreens\u00e3o no Distrito Federal e outros quatro estados. As ordens s\u00e3o parte da opera\u00e7\u00e3o Pavo Real, que tem como alvo uma organiza\u00e7\u00e3o criminosa liderada pelo traficante Jarvis Pav\u00e3o.<\/p>\n\n\n\n<p>Jarvis foi apontado como associado da fac\u00e7\u00e3o criminosa paulista Primeiro Comando da Capital e \u00e9, segundo investigadores, &#8220;o rei da fronteira entre Brasil e Paraguai&#8221;. Tamb\u00e9m foi investigado por envolvimento na morte do traficante Jorge Rafaat, em uma disputa pelo controle do tr\u00e1fico na regi\u00e3o (<strong>veja mais abaixo<\/strong>). Desde agosto do ano passado, est\u00e1 na Penitenci\u00e1ria Federal de Bras\u00edlia.<\/p>\n\n\n\n<blockquote class=\"wp-block-quote is-layout-flow wp-block-quote-is-layout-flow\"><p>&#8220;[Jarvis] \u00e9 considerado o rei da fronteira entre Brasil e Paraguai. Por muito tempo teve o controle das drogas por Peru, Col\u00f4mbia, Bol\u00edvia e a maconha do Paraguai, que eram importadas no Brasil por Ponta Por\u00e3&#8221;, disse em coletiva de imprensa o chefe da Diretoria de Opera\u00e7\u00f5es de Repress\u00e3o a Drogas da Pol\u00edcia Federal, Leonardo Marino.<\/p><\/blockquote>\n\n\n\n<p>Segundo as investiga\u00e7\u00f5es, mesmo preso, Jarvis comandava um esquema de lavagem de dinheiro e oculta\u00e7\u00e3o de bens obtidos por meio do tr\u00e1fico internacional de drogas. A organiza\u00e7\u00e3o criminosa contava com a esposa, a m\u00e3e, o padrasto, filhos, genros, irm\u00e3os e sobrinhos dele. Todos foram alvos de mandados de pris\u00e3o nesta quinta.<\/p>\n\n\n\n<figure class=\"wp-block-image\"><img decoding=\"async\" data-src=\"https:\/\/s2.glbimg.com\/6WrRZWpcU2dueNyMPT1gRKEt-nQ=\/0x0:1280x720\/984x0\/smart\/filters:strip_icc()\/i.s3.glbimg.com\/v1\/AUTH_59edd422c0c84a879bd37670ae4f538a\/internal_photos\/bs\/2020\/p\/m\/VPZ5gkSmSz5BMizibGOA\/whatsapp-image-2020-08-27-at-08.40.31.jpg\" alt=\"Material apreendido na opera\u00e7\u00e3o Pavo Real, que tem como alvo o traficante Jarvis Pav\u00e3o \u2014 Foto: Pol\u00edcia Federal\/Divulga\u00e7\u00e3o\" src=\"data:image\/svg+xml;base64,PHN2ZyB3aWR0aD0iMSIgaGVpZ2h0PSIxIiB4bWxucz0iaHR0cDovL3d3dy53My5vcmcvMjAwMC9zdmciPjwvc3ZnPg==\" class=\"lazyload\" \/><\/figure>\n\n\n\n<p>Material apreendido na opera\u00e7\u00e3o Pavo Real, que tem como alvo o traficante Jarvis Pav\u00e3o \u2014 Foto: Pol\u00edcia Federal\/Divulga\u00e7\u00e3o<\/p>\n\n\n\n<p>De acordo com as investiga\u00e7\u00f5es, al\u00e9m da oculta\u00e7\u00e3o de bens, o grupo tamb\u00e9m participou de disputas pelo controle do tr\u00e1fico internacional de drogas na fronteira entre o Mato Grosso do Sul e o Paraguai, &#8220;em uma verdadeira &#8216;guerra&#8217; contra fac\u00e7\u00f5es e organiza\u00e7\u00f5es rivais&#8221;.<\/p>\n\n\n\n<p>&#8220;Ao longo da atividade criminal, ele constituiu um patrim\u00f4nio milion\u00e1rio. Tem v\u00e1rios bens em nomes de terceiros. Nenhum familiar exerce atividade l\u00edcita. Todos os familiares v\u00eam ostentando riqueza oriunda do tr\u00e1fico de drogas&#8221;, afirmou Leandro Marino.<\/p>\n\n\n\n<h2 class=\"has-normal-font-size wp-block-heading\">Bloqueio de bens<\/h2>\n\n\n\n<p>Segundo a PF, Jarvis ser\u00e1 indiciado por 56 atos de lavagem de dinheiro, organiza\u00e7\u00e3o criminosa, associa\u00e7\u00e3o para o tr\u00e1fico e evas\u00e3o de divisas.<\/p>\n\n\n\n<p>Ao todo, foram bloqueados R$ 300 milh\u00f5es das contas banc\u00e1rias de 96 investigados, entre pessoas f\u00edsicas e jur\u00eddicas, al\u00e9m do sequestro de 50 im\u00f3veis. A Justi\u00e7a Federal tamb\u00e9m ordenou a suspens\u00e3o da atividade comercial de 22 empresas que, segundo a PF, eram usadas para a movimenta\u00e7\u00e3o dos valores il\u00edcitos.<\/p>\n\n\n\n<blockquote class=\"wp-block-quote is-layout-flow wp-block-quote-is-layout-flow\"><p>&#8220;Percebemos que os familiares recebiam mesada para manter o padr\u00e3o de vida, inclusive empresas de c\u00e2mbio que retornavam esse valor para compra de ve\u00edculos, passagens&#8221;, disse o delegado.<\/p><\/blockquote>\n\n\n\n<p>Ainda de acordo com Leandro Mariano, a opera\u00e7\u00e3o desta quinta faz parte de um planejamento de a\u00e7\u00f5es contra o tr\u00e1fico de drogas previsto para o segundo semestre. &#8220;A apreens\u00e3o de drogas n\u00e3o leva um grande preju\u00edzo \u00e0s organiza\u00e7\u00f5es. \u00c9 um preju\u00edzo esperado. A PF est\u00e1 focando no n\u00facleo financeiro e consequentemente a pris\u00e3o dos seus l\u00edderes.&#8221;<\/p>\n\n\n\n<p>&#8220;Essa opera\u00e7\u00e3o de hoje visa a descapitaliza\u00e7\u00e3o patrimonial. Ela ataca as lideran\u00e7as e n\u00e3o h\u00e1 sequer apreens\u00e3o de um grama de droga nessa opera\u00e7\u00e3o. \u00c9 uma opera\u00e7\u00e3o que vinculou diretamente \u00e0 quest\u00e3o da lavagem de dinheiro, \u00e0 quest\u00e3o da identifica\u00e7\u00e3o de im\u00f3veis, de ve\u00edculos de luxo, de interpostas pessoas a servi\u00e7o do crime, os laranjas.&#8221;<\/p>\n\n\n\n<p>Os mandados foram expedidos pela Justi\u00e7a Federal de Rond\u00f4nia e foram cumpridos tamb\u00e9m nos estados de Rond\u00f4nia, Mato Grosso do Sul, S\u00e3o Paulo e Santa Catarina. A opera\u00e7\u00e3o ainda contou com o apoio do Departamento Penitenci\u00e1rio Nacional (Depen) e da Receita Federal.<\/p>\n\n\n\n<h2 class=\"wp-block-heading\">Opera\u00e7\u00e3o Pavo Real<\/h2>\n\n\n\n<figure class=\"wp-block-image\"><img decoding=\"async\" data-src=\"https:\/\/s2.glbimg.com\/R7wKug_zGnTIg3mZ4RhaDYhN9O4=\/0x0:1280x720\/984x0\/smart\/filters:strip_icc()\/i.s3.glbimg.com\/v1\/AUTH_59edd422c0c84a879bd37670ae4f538a\/internal_photos\/bs\/2020\/j\/z\/lgsi0hSwagAaxrLWtbXA\/whatsapp-image-2020-08-27-at-08.40.30.jpg\" alt=\"Itens apreendidos na opera\u00e7\u00e3o Pavo Real, da Pol\u00edcia Federal \u2014 Foto: PF\/Divulga\u00e7\u00e3o\" src=\"data:image\/svg+xml;base64,PHN2ZyB3aWR0aD0iMSIgaGVpZ2h0PSIxIiB4bWxucz0iaHR0cDovL3d3dy53My5vcmcvMjAwMC9zdmciPjwvc3ZnPg==\" class=\"lazyload\" \/><\/figure>\n\n\n\n<p>Itens apreendidos na opera\u00e7\u00e3o Pavo Real, da Pol\u00edcia Federal \u2014 Foto: PF\/Divulga\u00e7\u00e3o<\/p>\n\n\n\n<p>Jarvis est\u00e1 detido na Penitenci\u00e1ria Federal de Bras\u00edlia h\u00e1 um ano. Segundo a PF, as apura\u00e7\u00f5es come\u00e7aram em fevereiro de 2019, quando quando ele estava na Penitenci\u00e1ria Federal de Porto Velho (RO).<\/p>\n\n\n\n<p>\u00c0 ocasi\u00e3o, policiais encontraram diversos bilhetes escritos \u00e0 m\u00e3o e com anota\u00e7\u00f5es de im\u00f3veis codificados por siglas e codinomes. Segundo a Pol\u00edcia Federal, h\u00e1 um n\u00facleo de familiares que viaja junto com o traficante sempre que h\u00e1 transfer\u00eancia de pres\u00eddio.<\/p>\n\n\n\n<p>A primeira fase da opera\u00e7\u00e3o foi deflagrada em junho do ano passado. \u00c0 \u00e9poca, foram cumpridos mandados de busca e apreens\u00e3o em im\u00f3veis de alto padr\u00e3o em Porto Velho, que teriam sido alugados pelo grupo criminoso para ficar mais pr\u00f3ximo \u00e0 penitenci\u00e1ria federal da cidade.<\/p>\n\n\n\n<p>Nesses locais, os policiais tamb\u00e9m encontraram armas, muni\u00e7\u00e3o e diversos documentos e equipamentos eletr\u00f4nicos que, segundo a PF, refor\u00e7aram o esquema de lavagem de capitais.<\/p>\n\n\n\n<h2 class=\"has-normal-font-size wp-block-heading\">Jarvis Pav\u00e3o<\/h2>\n\n\n\n<p>Jarvis Chimenes Pav\u00e3o era, segundo a Justi\u00e7a brasileira, um dos principais fornecedores de coca\u00edna do pa\u00eds. De acordo com a Pol\u00edcia Federal, j\u00e1 foi condenado a mais de 60 anos de pris\u00e3o pelos crimes de lavagem de dinheiro e tr\u00e1fico internacional e drogas.<\/p>\n\n\n\n<p>Em 2009, come\u00e7ou a cumprir pena no Paraguai, ap\u00f3s ser condenado tamb\u00e9m no pa\u00eds vizinho. Em junho de 2016, foi considerado suspeito da\u00a0morte do traficante Jorge Rafaat, em uma disputa pelo controle do tr\u00e1fico na regi\u00e3o da fronteira.<\/p>\n\n\n\n<figure class=\"wp-block-image\"><img decoding=\"async\" data-src=\"https:\/\/s02.video.glbimg.com\/x240\/5099729.jpg\" alt=\"Imagens mostram momento em que traficante foi morto na fronteira\" title=\"Imagens mostram momento em que traficante foi morto na fronteira\" src=\"data:image\/svg+xml;base64,PHN2ZyB3aWR0aD0iMSIgaGVpZ2h0PSIxIiB4bWxucz0iaHR0cDovL3d3dy53My5vcmcvMjAwMC9zdmciPjwvc3ZnPg==\" class=\"lazyload\" \/><\/figure>\n\n\n\n<p>Imagens mostram momento em que traficante foi morto na fronteira<\/p>\n\n\n\n<p>Rafaat caiu em uma emboscada em Pedro Juan Caballero, cidade paraguaia que faz fronteira com o Brasil e que \u00e9 vizinha de Ponta Por\u00e3. O traficante estava em uma caminhonete, quando foi surpreendido por um outro ve\u00edculo que seguia \u00e0 frente.<\/p>\n\n\n\n<p>Pela parte traseira, um homem atirou contra Rafaat usando uma metralhadora ponto 50. A caminhonete, mesmo blindada, n\u00e3o resistiu ao armamento de guerra. Rafaat morreu ainda no local. Uma c\u00e2mera de seguran\u00e7a registrou toda a a\u00e7\u00e3o. A investiga\u00e7\u00e3o \u00e9 da pol\u00edcia paraguaia.<\/p>\n\n\n\n<p>Em dezembro de 2017, ap\u00f3s a conclus\u00e3o da senten\u00e7a no pa\u00eds vizinho, Pav\u00e3o foi extraditado para o Brasil para cumprir pena de 17 anos e oito meses de pris\u00e3o, por tr\u00e1fico de drogas e lavagem de dinheiro. Inicialmente, ele foi transferido para o Pres\u00eddio Federal de Mossor\u00f3.<\/p>\n\n\n\n<p>Em 2018, veio uma nova condena\u00e7\u00e3o, de 10 anos, 9 meses e 15 dias de reclus\u00e3o, por tr\u00e1fico internacional de drogas. Nos \u00faltimos anos, tamb\u00e9m foi transferido para as penitenci\u00e1rias de Bras\u00edlia e Porto Velho, onde ficou at\u00e9 o in\u00edcio do ano passado, quando voltou \u00e0 capital federal.<\/p>\n\n\n\n<p>COM G1<\/p>\n","protected":false},"excerpt":{"rendered":"<p>A Pol\u00edcia Federal come\u00e7ou a cumprir, na manh\u00e3 desta quinta-feira (27), 21 mandados de pris\u00e3o \u201316 preventivas e cinco tempor\u00e1rias \u2013 e 67 de busca&hellip; <\/p>\n","protected":false},"author":1,"featured_media":185762,"comment_status":"closed","ping_status":"closed","sticky":false,"template":"","format":"standard","meta":{"sfsi_plus_gutenberg_text_before_share":"","sfsi_plus_gutenberg_show_text_before_share":"","sfsi_plus_gutenberg_icon_type":"","sfsi_plus_gutenberg_icon_alignemt":"","sfsi_plus_gutenburg_max_per_row":"","footnotes":""},"categories":[50,12],"tags":[],"class_list":["post-185759","post","type-post","status-publish","format-standard","has-post-thumbnail","hentry","category-destaque","category-policia"],"_links":{"self":[{"href":"https:\/\/www.caririemacao.com\/1\/wp-json\/wp\/v2\/posts\/185759","targetHints":{"allow":["GET"]}}],"collection":[{"href":"https:\/\/www.caririemacao.com\/1\/wp-json\/wp\/v2\/posts"}],"about":[{"href":"https:\/\/www.caririemacao.com\/1\/wp-json\/wp\/v2\/types\/post"}],"author":[{"embeddable":true,"href":"https:\/\/www.caririemacao.com\/1\/wp-json\/wp\/v2\/users\/1"}],"replies":[{"embeddable":true,"href":"https:\/\/www.caririemacao.com\/1\/wp-json\/wp\/v2\/comments?post=185759"}],"version-history":[{"count":1,"href":"https:\/\/www.caririemacao.com\/1\/wp-json\/wp\/v2\/posts\/185759\/revisions"}],"predecessor-version":[{"id":185763,"href":"https:\/\/www.caririemacao.com\/1\/wp-json\/wp\/v2\/posts\/185759\/revisions\/185763"}],"wp:featuredmedia":[{"embeddable":true,"href":"https:\/\/www.caririemacao.com\/1\/wp-json\/wp\/v2\/media\/185762"}],"wp:attachment":[{"href":"https:\/\/www.caririemacao.com\/1\/wp-json\/wp\/v2\/media?parent=185759"}],"wp:term":[{"taxonomy":"category","embeddable":true,"href":"https:\/\/www.caririemacao.com\/1\/wp-json\/wp\/v2\/categories?post=185759"},{"taxonomy":"post_tag","embeddable":true,"href":"https:\/\/www.caririemacao.com\/1\/wp-json\/wp\/v2\/tags?post=185759"}],"curies":[{"name":"wp","href":"https:\/\/api.w.org\/{rel}","templated":true}]}}