{"id":185765,"date":"2020-08-27T16:06:01","date_gmt":"2020-08-27T19:06:01","guid":{"rendered":"https:\/\/www.caririemacao.com\/1\/?p=185765"},"modified":"2020-08-27T16:06:01","modified_gmt":"2020-08-27T19:06:01","slug":"jovem-confessa-ter-matado-motorista-por-ter-sido-vitima-de-estupro","status":"publish","type":"post","link":"https:\/\/www.caririemacao.com\/1\/2020\/08\/27\/jovem-confessa-ter-matado-motorista-por-ter-sido-vitima-de-estupro\/","title":{"rendered":"Jovem confessa ter matado motorista por ter sido v\u00edtima de estupro"},"content":{"rendered":"\n<p>Pol\u00edcia Civil do Maranh\u00e3o (PC-MA) prendeu, nesta semana, um jovem de 19 anos, acusado de assassinar e carbonizar o corpo de um homem identificado como Francisco de Sousa, de 58 anos, no povoado Lagoa, localizado no munic\u00edpio de Tasso Fragoso, a 1.518 km de S\u00e3o Lu\u00eds.<\/p>\n\n\n\n<p>O crime foi registrado em 22 de julho. As investiga\u00e7\u00f5es estavam sendo realizadas h\u00e1 quase dois meses. Ap\u00f3s a pris\u00e3o, o adolescente confessou \u00e0 pol\u00edcia que matou Francisco, conhecido como \u2018Chico Mago\u2019, por vingan\u00e7a. Ele afirmou ter sido estuprado por ele quando tinha 11 anos.<\/p>\n\n\n\n<p>Na \u00e9poca, segundo o autor, o homem fazia o transporte de estudantes da zona rural do munic\u00edpio e dormia na casa do adolescente. O autor relatou que os abusos aconteciam durante \u00e0 noite, enquanto os outros moradores da casa dormiam.<\/p>\n\n\n\n<p><strong>Investiga\u00e7\u00f5es<\/strong><br>O corpo de Francisco de Sousa foi encontrado carbonizado em uma casa abandonada. Segundo a pol\u00edcia, ele havia sido visto pela \u00faltima vez um dia antes do crime, saindo sozinho de um bar e indo em dire\u00e7\u00e3o \u00e0 casa onde morava.<\/p>\n\n\n\n<p>Ap\u00f3s per\u00edcia realizada pelo Instituto M\u00e9dico Legal (IML) de Imperatriz, a pol\u00edcia apontou in\u00fameros suspeitos, at\u00e9 chegar ao nome do adolescente. Durante um primeiro depoimento, ele negou a autoria do crime, mas ap\u00f3s a apresenta\u00e7\u00e3o de algumas provas, acabou confessando o crime.<\/p>\n\n\n\n<p>Em depoimento, o adolescente contou que na noite do crime, Francisco mandou \u2018recados\u2019 dizendo que queria ficar com ele. Segundo a pol\u00edcia, o adolescente j\u00e1 estava decidido a praticar o homic\u00eddio e ent\u00e3o, marcou um encontro com a v\u00edtima em uma casa abandonada da regi\u00e3o. No local, ele matou Francisco com um golpe de faca e ateou fogo na casa. Em seguida, ele fugiu.<\/p>\n\n\n\n<p>O adolescente foi levado ao Sistema Penitenci\u00e1rio do Maranh\u00e3o onde vai permanecer \u00e0 disposi\u00e7\u00e3o da justi\u00e7a. Segundo a pol\u00edcia, ele ser\u00e1 indiciado por homic\u00eddio duplamente qualificado, por motivo torpe e \u00e0 trai\u00e7\u00e3o, e tamb\u00e9m por destrui\u00e7\u00e3o de cad\u00e1ver. Ao todo, as penas somadas podem chegar a 33 anos.<\/p>\n\n\n\n<p>CENTRAL DE NOTICIAS<\/p>\n","protected":false},"excerpt":{"rendered":"<p>Pol\u00edcia Civil do Maranh\u00e3o (PC-MA) prendeu, nesta semana, um jovem de 19 anos, acusado de assassinar e carbonizar o corpo de um homem identificado como&hellip; <\/p>\n","protected":false},"author":1,"featured_media":185355,"comment_status":"closed","ping_status":"closed","sticky":false,"template":"","format":"standard","meta":{"sfsi_plus_gutenberg_text_before_share":"","sfsi_plus_gutenberg_show_text_before_share":"","sfsi_plus_gutenberg_icon_type":"","sfsi_plus_gutenberg_icon_alignemt":"","sfsi_plus_gutenburg_max_per_row":"","footnotes":""},"categories":[2,12],"tags":[],"class_list":["post-185765","post","type-post","status-publish","format-standard","has-post-thumbnail","hentry","category-geral","category-policia"],"_links":{"self":[{"href":"https:\/\/www.caririemacao.com\/1\/wp-json\/wp\/v2\/posts\/185765","targetHints":{"allow":["GET"]}}],"collection":[{"href":"https:\/\/www.caririemacao.com\/1\/wp-json\/wp\/v2\/posts"}],"about":[{"href":"https:\/\/www.caririemacao.com\/1\/wp-json\/wp\/v2\/types\/post"}],"author":[{"embeddable":true,"href":"https:\/\/www.caririemacao.com\/1\/wp-json\/wp\/v2\/users\/1"}],"replies":[{"embeddable":true,"href":"https:\/\/www.caririemacao.com\/1\/wp-json\/wp\/v2\/comments?post=185765"}],"version-history":[{"count":1,"href":"https:\/\/www.caririemacao.com\/1\/wp-json\/wp\/v2\/posts\/185765\/revisions"}],"predecessor-version":[{"id":185766,"href":"https:\/\/www.caririemacao.com\/1\/wp-json\/wp\/v2\/posts\/185765\/revisions\/185766"}],"wp:featuredmedia":[{"embeddable":true,"href":"https:\/\/www.caririemacao.com\/1\/wp-json\/wp\/v2\/media\/185355"}],"wp:attachment":[{"href":"https:\/\/www.caririemacao.com\/1\/wp-json\/wp\/v2\/media?parent=185765"}],"wp:term":[{"taxonomy":"category","embeddable":true,"href":"https:\/\/www.caririemacao.com\/1\/wp-json\/wp\/v2\/categories?post=185765"},{"taxonomy":"post_tag","embeddable":true,"href":"https:\/\/www.caririemacao.com\/1\/wp-json\/wp\/v2\/tags?post=185765"}],"curies":[{"name":"wp","href":"https:\/\/api.w.org\/{rel}","templated":true}]}}