{"id":185767,"date":"2020-08-27T16:52:57","date_gmt":"2020-08-27T19:52:57","guid":{"rendered":"https:\/\/www.caririemacao.com\/1\/?p=185767"},"modified":"2020-08-27T16:52:57","modified_gmt":"2020-08-27T19:52:57","slug":"caso-flordelis-policia-investiga-participacao-de-outros-filhos-no-crime","status":"publish","type":"post","link":"https:\/\/www.caririemacao.com\/1\/2020\/08\/27\/caso-flordelis-policia-investiga-participacao-de-outros-filhos-no-crime\/","title":{"rendered":"Caso Flordelis: pol\u00edcia investiga participa\u00e7\u00e3o de outros filhos no crime"},"content":{"rendered":"\n<p>Ap\u00f3s a pris\u00e3o de sete filhos e uma neta da deputada federal Flordelis (PSD-RJ), a Pol\u00edcia Civil do Rio ainda investiga o suposto envolvimento de outros filhos adotivos da parlamentar no assassinato do pastor Anderson do Carmo, morto a tiros na madrugada de 16 de junho de 2019 dentro da pr\u00f3pria casa em Niter\u00f3i.<\/p>\n\n\n\n<p>De acordo com a investiga\u00e7\u00e3o, tamb\u00e9m h\u00e1 a suspeita de participa\u00e7\u00e3o de pessoas ligadas \u00e0 fam\u00edlia no crime. Na \u00faltima segunda-feira (24),\u00a0a parlamentar foi denunciada \u00e0 Justi\u00e7a por suspeita de ter sido a mandante do assassinato. Ao todo, a pol\u00edcia j\u00e1 prendeu 11 pessoas por suspeita de envolvimento no homic\u00eddio.<\/p>\n\n\n\n<p>COM UOL<\/p>\n","protected":false},"excerpt":{"rendered":"<p>Ap\u00f3s a pris\u00e3o de sete filhos e uma neta da deputada federal Flordelis (PSD-RJ), a Pol\u00edcia Civil do Rio ainda investiga o suposto envolvimento de&hellip; <\/p>\n","protected":false},"author":1,"featured_media":185769,"comment_status":"closed","ping_status":"closed","sticky":false,"template":"","format":"standard","meta":{"sfsi_plus_gutenberg_text_before_share":"","sfsi_plus_gutenberg_show_text_before_share":"","sfsi_plus_gutenberg_icon_type":"","sfsi_plus_gutenberg_icon_alignemt":"","sfsi_plus_gutenburg_max_per_row":"","footnotes":""},"categories":[2,12],"tags":[],"class_list":["post-185767","post","type-post","status-publish","format-standard","has-post-thumbnail","hentry","category-geral","category-policia"],"_links":{"self":[{"href":"https:\/\/www.caririemacao.com\/1\/wp-json\/wp\/v2\/posts\/185767","targetHints":{"allow":["GET"]}}],"collection":[{"href":"https:\/\/www.caririemacao.com\/1\/wp-json\/wp\/v2\/posts"}],"about":[{"href":"https:\/\/www.caririemacao.com\/1\/wp-json\/wp\/v2\/types\/post"}],"author":[{"embeddable":true,"href":"https:\/\/www.caririemacao.com\/1\/wp-json\/wp\/v2\/users\/1"}],"replies":[{"embeddable":true,"href":"https:\/\/www.caririemacao.com\/1\/wp-json\/wp\/v2\/comments?post=185767"}],"version-history":[{"count":1,"href":"https:\/\/www.caririemacao.com\/1\/wp-json\/wp\/v2\/posts\/185767\/revisions"}],"predecessor-version":[{"id":185770,"href":"https:\/\/www.caririemacao.com\/1\/wp-json\/wp\/v2\/posts\/185767\/revisions\/185770"}],"wp:featuredmedia":[{"embeddable":true,"href":"https:\/\/www.caririemacao.com\/1\/wp-json\/wp\/v2\/media\/185769"}],"wp:attachment":[{"href":"https:\/\/www.caririemacao.com\/1\/wp-json\/wp\/v2\/media?parent=185767"}],"wp:term":[{"taxonomy":"category","embeddable":true,"href":"https:\/\/www.caririemacao.com\/1\/wp-json\/wp\/v2\/categories?post=185767"},{"taxonomy":"post_tag","embeddable":true,"href":"https:\/\/www.caririemacao.com\/1\/wp-json\/wp\/v2\/tags?post=185767"}],"curies":[{"name":"wp","href":"https:\/\/api.w.org\/{rel}","templated":true}]}}