{"id":185773,"date":"2020-08-27T17:08:40","date_gmt":"2020-08-27T20:08:40","guid":{"rendered":"https:\/\/www.caririemacao.com\/1\/?p=185773"},"modified":"2020-08-27T17:08:40","modified_gmt":"2020-08-27T20:08:40","slug":"guerra-do-trafico-no-rio-tem-invasao-tiroteios-sequestro-e-vitimas-mae-morre-baleada-ao-proteger-o-filho","status":"publish","type":"post","link":"https:\/\/www.caririemacao.com\/1\/2020\/08\/27\/guerra-do-trafico-no-rio-tem-invasao-tiroteios-sequestro-e-vitimas-mae-morre-baleada-ao-proteger-o-filho\/","title":{"rendered":"Guerra do tr\u00e1fico no Rio tem invas\u00e3o, tiroteios, sequestro e v\u00edtimas; m\u00e3e morre baleada ao proteger o filho"},"content":{"rendered":"\n<p>Uma &#8220;guerra&#8221; entre traficantes pelo controle do Complexo de favelas do S\u00e3o Carlos, na Regi\u00e3o Central do Rio,&nbsp;j\u00e1 dura mais de 24 horas.&nbsp;Criminosos de fac\u00e7\u00f5es rivais est\u00e3o em confronto desde quarta-feira (26) e novas a\u00e7\u00f5es dos traficantes seguiram durante a tarde desta quinta-feira (27).<\/p>\n\n\n\n<p>Movimentos de criminosos indo para o conjunto de favelas come\u00e7aram na tarde de quarta. \u00c0 noite,\u00a0um forte tiroteio\u00a0p\u00f4de ser ouvido de v\u00e1rias partes do Rio Comprido e de bairros vizinhos. No in\u00edcio da tarde desta quinta,\u00a0mais disparos voltaram a ocorrer, como mostraram a TV Globo e a GloboNews ao vivo.<\/p>\n\n\n\n<p>Pelo menos&nbsp;<strong>quatro epis\u00f3dios<\/strong>&nbsp;est\u00e3o, segundo a PM, ligados \u00e0 invas\u00e3o:<\/p>\n\n\n\n<ol class=\"wp-block-list\"><li>o\u00a0confronto a tiros na Lagoa, Zona Sul, com dezenas de disparos e granadas;<\/li><li>a\u00a0morte de Ana Cristina, atingida por tiros de fuzil, quando protegia o filho de um tiroteio;<\/li><li>o\u00a0sequestro de uma fam\u00edlia em um condom\u00ednio\u00a0por um bandido que fugia da pol\u00edcia;<\/li><li>um\u00a0segundo sequestro de\u00a0moradores numa vila da regi\u00e3o.<\/li><\/ol>\n\n\n\n<figure class=\"wp-block-image\"><img decoding=\"async\" data-src=\"https:\/\/s03.video.glbimg.com\/x240\/8808614.jpg\" alt=\"Guerra entre fac\u00e7\u00f5es rivais leva madrugada de terror ao Rio de Janeiro\" title=\"Guerra entre fac\u00e7\u00f5es rivais leva madrugada de terror ao Rio de Janeiro\" src=\"data:image\/svg+xml;base64,PHN2ZyB3aWR0aD0iMSIgaGVpZ2h0PSIxIiB4bWxucz0iaHR0cDovL3d3dy53My5vcmcvMjAwMC9zdmciPjwvc3ZnPg==\" class=\"lazyload\" \/><\/figure>\n\n\n\n<p>N\u00e3o se sabia ainda, at\u00e9 a \u00faltima atualiza\u00e7\u00e3o desta reportagem, se os morros que integram o complexo de favelas \u2013 Querosene, S\u00e3o Carlos, Mineira e Zinco \u2013 foram de fato tomados pelos traficantes.<\/p>\n\n\n\n<p>A disputa pelo controle do complexo se d\u00e1 entre criminosos do Comando Vermelho e do Terceiro Comando Puro.<\/p>\n\n\n\n<figure class=\"wp-block-image\"><img decoding=\"async\" data-src=\"https:\/\/s2.glbimg.com\/9xIQvyDDY3vjrICnl4NLJ6v65_s=\/0x0:650x927\/984x0\/smart\/filters:strip_icc()\/i.s3.glbimg.com\/v1\/AUTH_59edd422c0c84a879bd37670ae4f538a\/internal_photos\/bs\/2020\/X\/L\/rs9eOxStSclbWSpLw4fw\/guerra-do-trafico-no-rio.jpg\" alt=\"Guerra do tr\u00e1fico no Rio  \u2014 Foto: Aparecido Gon\u00e7alves\/Editoria de Arte G1\" src=\"data:image\/svg+xml;base64,PHN2ZyB3aWR0aD0iMSIgaGVpZ2h0PSIxIiB4bWxucz0iaHR0cDovL3d3dy53My5vcmcvMjAwMC9zdmciPjwvc3ZnPg==\" class=\"lazyload\" \/><\/figure>\n\n\n\n<p>Guerra do tr\u00e1fico no Rio \u2014 Foto: Aparecido Gon\u00e7alves\/Editoria de Arte G1<\/p>\n\n\n\n<p>At\u00e9 a \u00faltima atualiza\u00e7\u00e3o desta reportagem:<\/p>\n\n\n\n<ul class=\"wp-block-list\"><li><strong>duas pessoas morreram<\/strong>&nbsp;\u2014 um suspeito, antes do 1\u00ba sequestro, e Ana Cristina;<\/li><li><strong>cinco pessoas foram feridas<\/strong>&nbsp;\u2014 o porteiro do condom\u00ednio feito ref\u00e9m, o 1\u00ba sequestrador e dois comparsas, al\u00e9m de um PM;<\/li><li><strong>cinco homens foram presos<\/strong>&nbsp;\u2014 dois no confronto da Lagoa (quarta-feira \u00e0 tarde), dois antes do 1\u00ba sequestro e o sequestrador desse primeiro caso.<\/li><\/ul>\n\n\n\n<p>Abaixo, o&nbsp;<strong>G1<\/strong>&nbsp;resume as&nbsp;mais de 24 horas de viol\u00eancia no Rio:<\/p>\n\n\n\n<h2 class=\"has-normal-font-size wp-block-heading\">13h30 de quarta: confronto na Lagoa<\/h2>\n\n\n\n<figure class=\"wp-block-image\"><img decoding=\"async\" data-src=\"https:\/\/s03.video.glbimg.com\/x240\/8807302.jpg\" alt=\"Bandidos trocam tiros com policiais na Lagoa\" title=\"Bandidos trocam tiros com policiais na Lagoa\" src=\"data:image\/svg+xml;base64,PHN2ZyB3aWR0aD0iMSIgaGVpZ2h0PSIxIiB4bWxucz0iaHR0cDovL3d3dy53My5vcmcvMjAwMC9zdmciPjwvc3ZnPg==\" class=\"lazyload\" \/><\/figure>\n\n\n\n<p>Criminosos usando&nbsp;roupas camufladas e coletes \u00e0 prova de bala&nbsp;seguiam de carro da Rocinha, em S\u00e3o Conrado, para a Ladeira dos Tabajaras, em Copacabana, quando o ve\u00edculo quebrou na Avenida Borges de Medeiros, em frente \u00e0 Rua J.J. Seabra, na Lagoa.<\/p>\n\n\n\n<p>Eles sa\u00edram armados na via e foram surpreendidos por policiais militares do Programa Lagoa Presente.\u00a0Houve tiroteio\u00a0e um policial civil que passava em um carro descaracterizado viu a cena e tamb\u00e9m entrou no confronto.<\/p>\n\n\n\n<figure class=\"wp-block-image\"><img decoding=\"async\" data-src=\"https:\/\/s2.glbimg.com\/ksSFIicQpCYmFC0h-LEu1tWFxuM=\/0x0:1422x1002\/984x0\/smart\/filters:strip_icc()\/i.s3.glbimg.com\/v1\/AUTH_59edd422c0c84a879bd37670ae4f538a\/internal_photos\/bs\/2020\/X\/Q\/9YT8iHQO2CpQcpAnZ8SQ\/img-20200826-151301.jpg\" alt=\"Tiro acerta parabrisa de carro durante a\u00e7\u00e3o de criminosos na Lagoa, Zona Sul do Rio \u2014 Foto: Marcos Serra Lima\/G1\" src=\"data:image\/svg+xml;base64,PHN2ZyB3aWR0aD0iMSIgaGVpZ2h0PSIxIiB4bWxucz0iaHR0cDovL3d3dy53My5vcmcvMjAwMC9zdmciPjwvc3ZnPg==\" class=\"lazyload\" \/><\/figure>\n\n\n\n<p>Tiro acerta parabrisa de carro durante a\u00e7\u00e3o de criminosos na Lagoa, Zona Sul do Rio \u2014 Foto: Marcos Serra Lima\/G1<\/p>\n\n\n\n<p>O bando conseguiu fugir em dire\u00e7\u00e3o ao T\u00fanel Rebou\u00e7as e roubou o carro de um casal na fuga. A persegui\u00e7\u00e3o continuou com intensa troca de tiros.<\/p>\n\n\n\n<p>Ao menos duas pessoas ficaram feridas \u2014 um policial e um bandido. Dois homens foram presos. Um deles&nbsp;estava escondido numa parte de manguezal&nbsp;que margeia a Lagoa.<\/p>\n\n\n\n<p>Uma per\u00edcia feita pela pol\u00edcia no local&nbsp;encontrou mais de 40 c\u00e1psulas espalhadas pela rua e pela cal\u00e7ada. No carro, foram apreendidos um fuzil (com muni\u00e7\u00e3o e carregadores), 14 granadas, uma pistola e dois radiocomunicadores.<\/p>\n\n\n\n<p>Porta-voz da PM, o coronel Mauro Fliess afirmou nesta quinta (27) que&nbsp;o objetivo dos bandidos era invadir o S\u00e3o Carlos.<\/p>\n\n\n\n<figure class=\"wp-block-image\"><img decoding=\"async\" data-src=\"https:\/\/s2.glbimg.com\/7VpN0W3cvE-Nbl8Kyd2wVmtIkPY=\/0x0:1280x960\/984x0\/smart\/filters:strip_icc()\/i.s3.glbimg.com\/v1\/AUTH_59edd422c0c84a879bd37670ae4f538a\/internal_photos\/bs\/2020\/7\/u\/hgiDqLSc64ANogBspPSw\/whatsapp-image-2020-08-26-at-15.06.52.jpeg\" alt=\"Per\u00edcia da Pol\u00edcia Civil confirmou ao menos 39 tiros realizados na a\u00e7\u00e3o \u2014 Foto: G1\" src=\"data:image\/svg+xml;base64,PHN2ZyB3aWR0aD0iMSIgaGVpZ2h0PSIxIiB4bWxucz0iaHR0cDovL3d3dy53My5vcmcvMjAwMC9zdmciPjwvc3ZnPg==\" class=\"lazyload\" \/><\/figure>\n\n\n\n<h2 class=\"has-normal-font-size wp-block-heading\">18h de quarta: intenso tiroteio<\/h2>\n\n\n\n<figure class=\"wp-block-image\"><img decoding=\"async\" data-src=\"https:\/\/s03.video.glbimg.com\/x240\/8807306.jpg\" alt=\"Traficantes disputam controle de morro no Catumbi\" title=\"Traficantes disputam controle de morro no Catumbi\" src=\"data:image\/svg+xml;base64,PHN2ZyB3aWR0aD0iMSIgaGVpZ2h0PSIxIiB4bWxucz0iaHR0cDovL3d3dy53My5vcmcvMjAwMC9zdmciPjwvc3ZnPg==\" class=\"lazyload\" \/><\/figure>\n\n\n\n<p>Traficantes disputam controle de morro no Catumbi<\/p>\n\n\n\n<p>Desde o in\u00edcio da noite de quarta, moradores relatavam\u00a0um intenso tiroteio no Complexo do S\u00e3o Carlos, com rajadas e explos\u00e3o de granadas.<\/p>\n\n\n\n<p>O comando do 5\u00b0 BPM (Pra\u00e7a da Harmonia) enviou equipes ao local, e policiais do Batalh\u00e3o de Opera\u00e7\u00f5es Policiais Especiais (Bope) tamb\u00e9m foram \u00e0 regi\u00e3o para tentar conter o confronto.<\/p>\n\n\n\n<h2 class=\"has-normal-font-size wp-block-heading\">19h de quarta: m\u00e3e morre baleada<\/h2>\n\n\n\n<figure class=\"wp-block-image\"><img decoding=\"async\" data-src=\"https:\/\/s04.video.glbimg.com\/x240\/8808251.jpg\" alt=\"Tiroteio no Complexo do S\u00e3o Carlos deixa moradora morta\" title=\"Tiroteio no Complexo do S\u00e3o Carlos deixa moradora morta\" src=\"data:image\/svg+xml;base64,PHN2ZyB3aWR0aD0iMSIgaGVpZ2h0PSIxIiB4bWxucz0iaHR0cDovL3d3dy53My5vcmcvMjAwMC9zdmciPjwvc3ZnPg==\" class=\"lazyload\" \/><\/figure>\n\n\n\n<p>Tiroteio no Complexo do S\u00e3o Carlos deixa moradora morta<\/p>\n\n\n\n<p>Ana Cristina da Silva, de 25 anos,\u00a0estava indo com o filho para o bar onde trabalhava\u00a0quando ficou no meio do tiroteio, na Rua Azevedo Lima &#8212; um dos acessos ao S\u00e3o Carlos.<\/p>\n\n\n\n<p>No momento dos disparos,&nbsp;ela se curvou sobre o filho de 3 anos para proteg\u00ea-lo e acabou atingida por dois tiros de fuzil, um na cabe\u00e7a e outro na barriga.<\/p>\n\n\n\n<p>O forte tiroteio impediu que a Ana Cristina fosse socorrida pelo Corpo de Bombeiros, segundo informado pela assessoria da corpora\u00e7\u00e3o.<\/p>\n\n\n\n<p>Parentes a levaram para o Hospital Souza Aguiar, no Centro, mas Ana Cristina j\u00e1 chegou morta \u00e0 unidade de sa\u00fade.<\/p>\n\n\n\n<figure class=\"wp-block-image\"><img decoding=\"async\" data-src=\"https:\/\/s2.glbimg.com\/3u557xiW4Fe7u8WOAm1G7s5TkvI=\/0x0:850x954\/984x0\/smart\/filters:strip_icc()\/i.s3.glbimg.com\/v1\/AUTH_59edd422c0c84a879bd37670ae4f538a\/internal_photos\/bs\/2020\/Q\/0\/DOU8qqQmeyzPkp3JRsAQ\/27rc1.jpg\" alt=\"Ana Cristina da Silva, de 25 anos, morreu baleada ao proteger o filho de tiroteio no Rio Comprido \u2014 Foto: Reprodu\u00e7\u00e3o\/TV Globo\" src=\"data:image\/svg+xml;base64,PHN2ZyB3aWR0aD0iMSIgaGVpZ2h0PSIxIiB4bWxucz0iaHR0cDovL3d3dy53My5vcmcvMjAwMC9zdmciPjwvc3ZnPg==\" class=\"lazyload\" \/><\/figure>\n\n\n\n<p>Ana Cristina da Silva, de 25 anos, morreu baleada ao proteger o filho de tiroteio no Rio Comprido \u2014 Foto: Reprodu\u00e7\u00e3o\/TV Globo<\/p>\n\n\n\n<h2 class=\"has-normal-font-size wp-block-heading\">2h de quinta: novo confronto e sequestro<\/h2>\n\n\n\n<figure class=\"wp-block-image\"><img decoding=\"async\" data-src=\"https:\/\/s01.video.glbimg.com\/x240\/8808348.jpg\" alt=\"Fam\u00edlia \u00e9 feita ref\u00e9m por bandidos no Rio\" title=\"Fam\u00edlia \u00e9 feita ref\u00e9m por bandidos no Rio\" src=\"data:image\/svg+xml;base64,PHN2ZyB3aWR0aD0iMSIgaGVpZ2h0PSIxIiB4bWxucz0iaHR0cDovL3d3dy53My5vcmcvMjAwMC9zdmciPjwvc3ZnPg==\" class=\"lazyload\" \/><\/figure>\n\n\n\n<p>Fam\u00edlia \u00e9 feita ref\u00e9m por bandidos no Rio<\/p>\n\n\n\n<p>Oito bandidos fugiam em um carro branco quando foram surpreendidos pela PM&nbsp;na Rua Aristides Lobo, no Rio Comprido.<\/p>\n\n\n\n<p>Na troca de tiros,&nbsp;Renan Fortunato do Couto,&nbsp;que estava no carro, fugiu para um condom\u00ednio,&nbsp;atirando no porteiro do pr\u00e9dio.<\/p>\n\n\n\n<p>Com o porteiro como ref\u00e9m, Renan subiu at\u00e9 o 17\u00ba andar e&nbsp;conseguiu entrar em um apartamento onde fez tr\u00eas ref\u00e9ns &#8212; uma mulher, a filha pequena e a m\u00e3e, idosa.<\/p>\n\n\n\n<p>Imagens mostram que\u00a0Renan abriu o port\u00e3o do condom\u00ednio a tiros\u00a0e, depois de atirar no porteiro,\u00a0o arrastou pelo elevador.<\/p>\n\n\n\n<figure class=\"wp-block-image\"><img decoding=\"async\" data-src=\"https:\/\/s03.video.glbimg.com\/x240\/8809750.jpg\" alt=\"Imagens de c\u00e2meras de seguran\u00e7a mostram criminoso em pr\u00e9dio invadido no Rio Comprido\" title=\"Imagens de c\u00e2meras de seguran\u00e7a mostram criminoso em pr\u00e9dio invadido no Rio Comprido\" src=\"data:image\/svg+xml;base64,PHN2ZyB3aWR0aD0iMSIgaGVpZ2h0PSIxIiB4bWxucz0iaHR0cDovL3d3dy53My5vcmcvMjAwMC9zdmciPjwvc3ZnPg==\" class=\"lazyload\" \/><\/figure>\n\n\n\n<p>Imagens de c\u00e2meras de seguran\u00e7a mostram criminoso em pr\u00e9dio invadido no Rio Comprido<\/p>\n\n\n\n<p>Segundo Fliess, uma das ref\u00e9ns conseguiu enviar uma mensagem por celular \u00e0 patroa relatando o ocorrido. A pol\u00edcia, ent\u00e3o, foi acionada e rapidamente cercou o pr\u00e9dio.<\/p>\n\n\n\n<p>Esse primeiro sequestro durou quase cinco horas e&nbsp;foi encerrado pelo Bope por volta das 7h.<\/p>\n\n\n\n<p>Dos oito ocupantes do carro branco, um morreu e dois foram baleados e levados sob cust\u00f3dia para o hospital. Os outros quatro fugiram. O sequestrador foi preso.<\/p>\n\n\n\n<figure class=\"wp-block-image\"><img decoding=\"async\" data-src=\"https:\/\/s2.glbimg.com\/RRncTAiR49DJtAY6ZvoKywjRNPY=\/0x0:1280x960\/984x0\/smart\/filters:strip_icc()\/i.s3.glbimg.com\/v1\/AUTH_59edd422c0c84a879bd37670ae4f538a\/internal_photos\/bs\/2020\/0\/6\/KS1NFZQBCBBAJ14syysw\/27rc2.jpeg\" alt=\"Carro onde o sequestrador estava antes de entrar em condom\u00ednio no Rio Comprido \u2014 Foto: L\u00edvia Torres\/TV Globo\" src=\"data:image\/svg+xml;base64,PHN2ZyB3aWR0aD0iMSIgaGVpZ2h0PSIxIiB4bWxucz0iaHR0cDovL3d3dy53My5vcmcvMjAwMC9zdmciPjwvc3ZnPg==\" class=\"lazyload\" \/><\/figure>\n\n\n\n<p>Carro onde o sequestrador estava antes de entrar em condom\u00ednio no Rio Comprido \u2014 Foto: L\u00edvia Torres\/TV Globo<\/p>\n\n\n\n<figure class=\"wp-block-image\"><img decoding=\"async\" data-src=\"https:\/\/s2.glbimg.com\/u6qFukV2wWoyxuUzIceP6XgnyeA=\/0x0:1280x960\/984x0\/smart\/filters:strip_icc()\/i.s3.glbimg.com\/v1\/AUTH_59edd422c0c84a879bd37670ae4f538a\/internal_photos\/bs\/2020\/3\/j\/o6E8AGTEeE8HH0RXEFpA\/27rc4.jpeg\" alt=\"Corpo de suspeito morto ap\u00f3s confronto qna Rua Aristides Lobo \u2014 Foto: L\u00edvia Torres\/TV Globo\" src=\"data:image\/svg+xml;base64,PHN2ZyB3aWR0aD0iMSIgaGVpZ2h0PSIxIiB4bWxucz0iaHR0cDovL3d3dy53My5vcmcvMjAwMC9zdmciPjwvc3ZnPg==\" class=\"lazyload\" \/><\/figure>\n\n\n\n<h2 class=\"has-normal-font-size wp-block-heading\">12h10 de quinta: mais tiros<\/h2>\n\n\n\n<p>A Rua Aristides Lobo tinha sido liberada ao tr\u00e1fego quando\u00a0come\u00e7ou um novo confronto, e a via foi novamente interditada. Muitos tiros foram ouvidos.<\/p>\n\n\n\n<p>Um carro do Batalh\u00e3o de Choque apontou armas para dentro de um pr\u00e9dio. Segundo a PM, bandidos tentavam sair do Morro do S\u00e3o Carlos.<\/p>\n\n\n\n<p>O Batalh\u00e3o de Opera\u00e7\u00f5es Especiais (Bope) vasculhou o local \u00e0 procura de criminosos. O com\u00e9rcio se preparava para abrir, mas lojistas decidiram manter as portas fechadas.<\/p>\n\n\n\n<figure class=\"wp-block-image\"><img decoding=\"async\" data-src=\"https:\/\/s03.video.glbimg.com\/x240\/8809318.jpg\" alt=\"Intenso tiroteio assusta moradores do Catumbi\" title=\"Intenso tiroteio assusta moradores do Catumbi\" src=\"data:image\/svg+xml;base64,PHN2ZyB3aWR0aD0iMSIgaGVpZ2h0PSIxIiB4bWxucz0iaHR0cDovL3d3dy53My5vcmcvMjAwMC9zdmciPjwvc3ZnPg==\" class=\"lazyload\" \/><\/figure>\n\n\n\n<p>Intenso tiroteio assusta moradores do Catumbi<\/p>\n\n\n\n<h2 class=\"has-normal-font-size wp-block-heading\">14h50 desta quinta: outro sequestro<\/h2>\n\n\n\n<p>O sequestro de outra\u00a0fam\u00edlia\u00a0ocorreu no in\u00edcio da tarde desta quinta. Por volta das 16h, os criminosos se renderam ap\u00f3s negocia\u00e7\u00e3o conduzida pelo Batalh\u00e3o de Opera\u00e7\u00f5es Especiais (Bope).<\/p>\n\n\n\n<p>O local \u00e9 pr\u00f3ximo ao complexo de favelas do S\u00e3o Carlos, onde desde quarta h\u00e1 uma &#8220;guerra&#8221; entre traficantes rivais. Com a chegada de policiais, os criminosos fugiram e invadiram a casa dessa fam\u00edlia.<\/p>\n\n\n\n<h2 class=\"has-normal-font-size wp-block-heading\">M\u00e3e em p\u00e2nico durante a invas\u00e3o<\/h2>\n\n\n\n<p>Uma m\u00e3e flagrou o momento em que homens armados subiam a comunidade. No v\u00eddeo,\u00a0\u00e9 poss\u00edvel ver as silhuetas de homens com fuzis\u00a0passando por tr\u00e1s da porta.<\/p>\n\n\n\n<p>Enquanto a mulher filmava, uma crian\u00e7a balbuciava e cantava, brincando.<\/p>\n\n\n\n<blockquote class=\"wp-block-quote is-layout-flow wp-block-quote-is-layout-flow\"><p>Com medo, a m\u00e3e repetia para o filho: \u201cCala a boca!\u201d<\/p><\/blockquote>\n\n\n\n<figure class=\"wp-block-image\"><img decoding=\"async\" data-src=\"https:\/\/s02.video.glbimg.com\/x240\/8808533.jpg\" alt=\"Em meio \u00e0 viol\u00eancia no Rio Comprido, a inoc\u00eancia de uma crian\u00e7a\" title=\"Em meio \u00e0 viol\u00eancia no Rio Comprido, a inoc\u00eancia de uma crian\u00e7a\" src=\"data:image\/svg+xml;base64,PHN2ZyB3aWR0aD0iMSIgaGVpZ2h0PSIxIiB4bWxucz0iaHR0cDovL3d3dy53My5vcmcvMjAwMC9zdmciPjwvc3ZnPg==\" class=\"lazyload\" \/><\/figure>\n\n\n\n<p>Em meio \u00e0 viol\u00eancia no Rio Comprido, a inoc\u00eancia de uma crian\u00e7a<\/p>\n\n\n\n<p>Em nota, a Secretaria de Estado de Vitimados (Sevit) afirmou que ofereceu atendimento psicol\u00f3gico e social para a fam\u00edlia de Ana Cristina da Silva.<\/p>\n\n\n\n<p>A equipe psicossocial tamb\u00e9m esteve no Hospital Municipal Souza Aguiar, no Centro, conversando com parentes do porteiro que foi mantido ref\u00e9m com outros moradores de um pr\u00e9dio no mesmo bairro.<\/p>\n\n\n\n<h2 class=\"has-normal-font-size wp-block-heading\">Pol\u00edcia Civil avisou PM de poss\u00edvel invas\u00e3o<\/h2>\n\n\n\n<p>Em nota divulgada tamb\u00e9m nesta quinta,\u00a0a Pol\u00edcia Civil afirmou ter alertado a PM\u00a0\u2013 h\u00e1 duas semanas \u2013 para uma\u00a0poss\u00edvel tentativa de invas\u00e3o do Complexo do S\u00e3o Carlos.<\/p>\n\n\n\n<p>Os dados, segundo a Civil,&nbsp;foram repassados para o setor Intelig\u00eancia da Secretaria de Pol\u00edcia Militar. O comunicado da Pol\u00edcia Civil, no entanto, n\u00e3o especificava dia ou hor\u00e1rio do ataque.<\/p>\n\n\n\n<p>Ap\u00f3s contato, a Pol\u00edcia Militar, ainda de acordo com a mesma nota, n\u00e3o teria confirmado informa\u00e7\u00f5es de que essa invas\u00e3o ocorreria na quarta-feira.<\/p>\n\n\n\n<h2 class=\"has-normal-font-size wp-block-heading\">O que diz a Pol\u00edcia Civil<\/h2>\n\n\n\n<p>Em nota, a Secretaria de Estado de Pol\u00edcia Civil informou &#8220;que h\u00e1 cerca de duas semanas o setor de intelig\u00eancia da 6\u00aa DP (Cidade Nova) detectou uma movimenta\u00e7\u00e3o de traficantes de uma fac\u00e7\u00e3o criminosa que pretendiam tomar o territ\u00f3rio de comunidades que fazem parte do Complexo do S\u00e3o Carlos e t\u00eam influ\u00eancia de outra fac\u00e7\u00e3o&#8221;, mas &#8220;n\u00e3o havia informa\u00e7\u00e3o de data e hor\u00e1rio definidos&#8221;.<\/p>\n\n\n\n<p>&#8220;Os dados foram difundidos para a Subsecretaria de Intelig\u00eancia da Pol\u00edcia Civil, que repassou as informa\u00e7\u00f5es para a Intelig\u00eancia da Pol\u00edcia Militar. Apesar da continuidade do monitoramento, n\u00e3o foram captadas mais informa\u00e7\u00f5es de que o fato seria nesta quarta-feira.<\/p>\n\n\n\n<p>Cabe ressaltar que todas as vezes em que h\u00e1 not\u00edcias desse tipo de movimenta\u00e7\u00e3o, mesmo sem uma defini\u00e7\u00e3o se o fato ocorrer\u00e1 efetivamente, as Pol\u00edcias Civil e Militar planejam a\u00e7\u00f5es de ocupa\u00e7\u00e3o e de capturas de criminosos. O planejamento visa enfraquecer a eventual articula\u00e7\u00e3o e movimenta\u00e7\u00e3o de traficantes nesse sentido.<\/p>\n\n\n\n<p>A Sepol esclarece que respeita e vem cumprindo todas as decis\u00f5es judiciais. Com a decis\u00e3o do STF, que determina a realiza\u00e7\u00e3o de opera\u00e7\u00f5es em hip\u00f3teses \u201cabsolutamente excepcionais\u201d, sem elencar quais seriam essas hip\u00f3teses, gerando enorme inseguran\u00e7a jur\u00eddica no planejamento, atua\u00e7\u00e3o e rotina das pol\u00edcias, a\u00e7\u00f5es preventivas para conter eventuais disputas territoriais ficam fora desse conceito de excepcionalidade por n\u00e3o terem data prevista. Dessa forma a decis\u00e3o obriga que as pol\u00edcias hajam apenas de forma reativa, pois se enquadra na hip\u00f3tese de \u201ccasos extraordin\u00e1rios\u201d mencionados na decis\u00e3o do STF.&#8221;<\/p>\n\n\n\n<p>COM G1<\/p>\n","protected":false},"excerpt":{"rendered":"<p>Uma &#8220;guerra&#8221; entre traficantes pelo controle do Complexo de favelas do S\u00e3o Carlos, na Regi\u00e3o Central do Rio,&nbsp;j\u00e1 dura mais de 24 horas.&nbsp;Criminosos de fac\u00e7\u00f5es&hellip; <\/p>\n","protected":false},"author":1,"featured_media":185776,"comment_status":"closed","ping_status":"closed","sticky":false,"template":"","format":"standard","meta":{"sfsi_plus_gutenberg_text_before_share":"","sfsi_plus_gutenberg_show_text_before_share":"","sfsi_plus_gutenberg_icon_type":"","sfsi_plus_gutenberg_icon_alignemt":"","sfsi_plus_gutenburg_max_per_row":"","footnotes":""},"categories":[50,12],"tags":[],"class_list":["post-185773","post","type-post","status-publish","format-standard","has-post-thumbnail","hentry","category-destaque","category-policia"],"_links":{"self":[{"href":"https:\/\/www.caririemacao.com\/1\/wp-json\/wp\/v2\/posts\/185773","targetHints":{"allow":["GET"]}}],"collection":[{"href":"https:\/\/www.caririemacao.com\/1\/wp-json\/wp\/v2\/posts"}],"about":[{"href":"https:\/\/www.caririemacao.com\/1\/wp-json\/wp\/v2\/types\/post"}],"author":[{"embeddable":true,"href":"https:\/\/www.caririemacao.com\/1\/wp-json\/wp\/v2\/users\/1"}],"replies":[{"embeddable":true,"href":"https:\/\/www.caririemacao.com\/1\/wp-json\/wp\/v2\/comments?post=185773"}],"version-history":[{"count":1,"href":"https:\/\/www.caririemacao.com\/1\/wp-json\/wp\/v2\/posts\/185773\/revisions"}],"predecessor-version":[{"id":185777,"href":"https:\/\/www.caririemacao.com\/1\/wp-json\/wp\/v2\/posts\/185773\/revisions\/185777"}],"wp:featuredmedia":[{"embeddable":true,"href":"https:\/\/www.caririemacao.com\/1\/wp-json\/wp\/v2\/media\/185776"}],"wp:attachment":[{"href":"https:\/\/www.caririemacao.com\/1\/wp-json\/wp\/v2\/media?parent=185773"}],"wp:term":[{"taxonomy":"category","embeddable":true,"href":"https:\/\/www.caririemacao.com\/1\/wp-json\/wp\/v2\/categories?post=185773"},{"taxonomy":"post_tag","embeddable":true,"href":"https:\/\/www.caririemacao.com\/1\/wp-json\/wp\/v2\/tags?post=185773"}],"curies":[{"name":"wp","href":"https:\/\/api.w.org\/{rel}","templated":true}]}}