{"id":185774,"date":"2020-08-27T17:15:03","date_gmt":"2020-08-27T20:15:03","guid":{"rendered":"https:\/\/www.caririemacao.com\/1\/?p=185774"},"modified":"2020-08-27T17:15:03","modified_gmt":"2020-08-27T20:15:03","slug":"temos-esperanca-de-encontrar-os-11-desaparecidos-ate-novembro-diz-coronel-dos-bombeiros-na-volta-a-brumadinho","status":"publish","type":"post","link":"https:\/\/www.caririemacao.com\/1\/2020\/08\/27\/temos-esperanca-de-encontrar-os-11-desaparecidos-ate-novembro-diz-coronel-dos-bombeiros-na-volta-a-brumadinho\/","title":{"rendered":"&#8216;Temos esperan\u00e7a de encontrar os 11 desaparecidos at\u00e9 novembro&#8217;, diz coronel dos bombeiros na volta a Brumadinho"},"content":{"rendered":"\n<figure class=\"wp-block-image\"><img decoding=\"async\" data-src=\"https:\/\/s04.video.glbimg.com\/x240\/8810027.jpg\" alt=\"Buscas s\u00e3o retomadas em Brumadinho, ap\u00f3s 5 meses de interrup\u00e7\u00e3o\" title=\"Buscas s\u00e3o retomadas em Brumadinho, ap\u00f3s 5 meses de interrup\u00e7\u00e3o\" src=\"data:image\/svg+xml;base64,PHN2ZyB3aWR0aD0iMSIgaGVpZ2h0PSIxIiB4bWxucz0iaHR0cDovL3d3dy53My5vcmcvMjAwMC9zdmciPjwvc3ZnPg==\" class=\"lazyload\" \/><\/figure>\n\n\n\n<p>&#8220;Queremos encerrar as buscas\u00a0em meados de novembro com o encontro das 11 v\u00edtimas&#8221;. A fala \u00e9 do coronel do Corpo de Bombeiros Alexandre Gomes Rodrigues, nesta quinta-feira em que\u00a0as buscas em Brumadinho foram retomadas, ap\u00f3s mais de cinco meses suspensas por causa da pandemia do novo coronav\u00edrus.<\/p>\n\n\n\n<p>O rompimento da barragem da Vale,\u00a0em janeiro de 2019, deixou 259 pessoas mortas e outras\u00a011 continuam soterradas na lama. \u00c9 a essas v\u00edtimas desaparecidas que o coronel se refere, nesta expectativa de buscas nos pr\u00f3ximos tr\u00eas meses.<\/p>\n\n\n\n<figure class=\"wp-block-image\"><img decoding=\"async\" data-src=\"https:\/\/s2.glbimg.com\/a8Ai0hPyOCw2eUne62uBvYKAAn0=\/0x0:481x270\/984x0\/smart\/filters:strip_icc()\/i.s3.glbimg.com\/v1\/AUTH_59edd422c0c84a879bd37670ae4f538a\/internal_photos\/bs\/2020\/2\/F\/kdAWvxQv65ujb8rZAP4w\/bombeiros-fazendo-afericao-de-pessoas.jpg\" alt=\"Bombeiros aferindo temperatura antes do in\u00edcio dos trabalhos nesta quinta-feira (27). \u2014 Foto: Reprodu\u00e7\u00e3o\/TV Globo\" src=\"data:image\/svg+xml;base64,PHN2ZyB3aWR0aD0iMSIgaGVpZ2h0PSIxIiB4bWxucz0iaHR0cDovL3d3dy53My5vcmcvMjAwMC9zdmciPjwvc3ZnPg==\" class=\"lazyload\" \/><\/figure>\n\n\n\n<p>Bombeiros aferindo temperatura antes do in\u00edcio dos trabalhos nesta quinta-feira (27). \u2014 Foto: Reprodu\u00e7\u00e3o\/TV Globo<\/p>\n\n\n\n<blockquote class=\"wp-block-quote is-layout-flow wp-block-quote-is-layout-flow\"><p>&#8220;Junto com a Vale, fizemos a drenagem no terreno para o militar n\u00e3o ter contato com a lama. O local est\u00e1 seco e mais prop\u00edcio \u00e0s buscas&#8221;, justifica o coronel sobre o prazo enxuto para encerrar a tarefa, que gera\u00a0grande expectativa nos familiares das v\u00edtimas.<\/p><\/blockquote>\n\n\n\n<p>As buscas em Brumadinho, na Regi\u00e3o Metropolitana de Belo Horizonte,\u00a0foram suspensas no dia 21 de mar\u00e7o, por causa da pandemia do novo coronav\u00edrus. Para o retorno, os militares est\u00e3o seguindo os protocolos de seguran\u00e7a para evitar a transmiss\u00e3o da Covid-19. De acordo com o coronel Alexandre Gomes Rodrigues, todos est\u00e3o sendo testados na cidade de origem e fazendo o uso de \u00e1lcool em gel e da m\u00e1scara de prote\u00e7\u00e3o durante o servi\u00e7o,\u00a0al\u00e9m de aferir a temperatura.<\/p>\n\n\n\n<figure class=\"wp-block-image\"><img decoding=\"async\" data-src=\"https:\/\/s2.glbimg.com\/-ZSec9W0W2uD2CCuAyj7u2JYzz8=\/0x0:485x274\/984x0\/smart\/filters:strip_icc()\/i.s3.glbimg.com\/v1\/AUTH_59edd422c0c84a879bd37670ae4f538a\/internal_photos\/bs\/2020\/d\/s\/52QfxMS5KYRmnAX04XxA\/alcool-em-gel-em-militares-brumadinho.jpg\" alt=\"Bombeiros seguem medidas de seguran\u00e7a em retorno \u00e0s buscas em Brumadinho \u2014 Foto: Divulga\u00e7\u00e3o\/Cobom\" src=\"data:image\/svg+xml;base64,PHN2ZyB3aWR0aD0iMSIgaGVpZ2h0PSIxIiB4bWxucz0iaHR0cDovL3d3dy53My5vcmcvMjAwMC9zdmciPjwvc3ZnPg==\" class=\"lazyload\" \/><\/figure>\n\n\n\n<p>Bombeiros seguem medidas de seguran\u00e7a em retorno \u00e0s buscas em Brumadinho \u2014 Foto: Divulga\u00e7\u00e3o\/Cobom<\/p>\n\n\n\n<p>Um efetivo de aproximadamente 60 militares vai trabalhar no per\u00edmetro da trag\u00e9dia, que foi devidamente preservado, segundo o Corpo de Bombeiros.<\/p>\n\n\n\n<blockquote class=\"wp-block-quote is-layout-flow wp-block-quote-is-layout-flow\"><p>\u201cOs militares est\u00e3o vindo de v\u00e1rias cidades ent\u00e3o desde o local de origem fazemos a testagem. J\u00e1 faz\u00edamos em rela\u00e7\u00e3o aos metais pesados e agora com 10 dias de anteced\u00eancia testamos todos para ver se t\u00eam coronav\u00edrus. N\u00e3o podemos colocar em risco os militares nem os familiares deles\u201d, disse Rodrigues.<\/p><\/blockquote>\n\n\n\n<p>Para garantir o encontro dos 11 desaparecidos, os bombeiros v\u00e3o focar no que foi mais efetivo nas estrat\u00e9gias feitas desde o in\u00edcio das buscas.<\/p>\n\n\n\n<blockquote class=\"wp-block-quote is-layout-flow wp-block-quote-is-layout-flow\"><p>\u201cFizemos 5 estrat\u00e9gias e o que mais deu resultado \u00e9 o que vamos adotar a partir de agora. Isso vai dar efetividade ao trabalho. Sabemos o local onde h\u00e1 maior probabilidade de encontro\u201d, contou Rodrigues<\/p><\/blockquote>\n\n\n\n<figure class=\"wp-block-image\"><img decoding=\"async\" data-src=\"https:\/\/s2.glbimg.com\/hBD3ZRKVsaf0faWx7dqOrc88jnY=\/0x0:1010x768\/984x0\/smart\/filters:strip_icc()\/i.s3.glbimg.com\/v1\/AUTH_59edd422c0c84a879bd37670ae4f538a\/internal_photos\/bs\/2020\/2\/3\/Tv1hBTQqGRBCbXpg1Lwg\/retomam-buscas-bombeiros.jpg\" alt=\"Bombeiros retomam buscas por desaparecidos em Brumadinho \u2014 Foto: Divulga\u00e7\u00e3o\/Cobom\" src=\"data:image\/svg+xml;base64,PHN2ZyB3aWR0aD0iMSIgaGVpZ2h0PSIxIiB4bWxucz0iaHR0cDovL3d3dy53My5vcmcvMjAwMC9zdmciPjwvc3ZnPg==\" class=\"lazyload\" \/><\/figure>\n\n\n\n<p>Bombeiros retomam buscas por desaparecidos em Brumadinho \u2014 Foto: Divulga\u00e7\u00e3o\/Cobom<\/p>\n\n\n\n<p>Para isso, de acordo com os bombeiros, foram escolhidas seis frentes de trabalho que ser\u00e3o feitas durante o per\u00edodo de estiagem entre agosto e novembro:<\/p>\n\n\n\n<ul class=\"wp-block-list\"><li>Remanso I;<\/li><li>Remanso II;<\/li><li>Remanso III;<\/li><li>Remanso IV;<\/li><li>\u00c1reas perto da pousada;<\/li><li>\u00c1rea perto do pontilh\u00e3o;<\/li><\/ul>\n","protected":false},"excerpt":{"rendered":"<p>&#8220;Queremos encerrar as buscas\u00a0em meados de novembro com o encontro das 11 v\u00edtimas&#8221;. A fala \u00e9 do coronel do Corpo de Bombeiros Alexandre Gomes Rodrigues,&hellip; <\/p>\n","protected":false},"author":1,"featured_media":185782,"comment_status":"closed","ping_status":"closed","sticky":false,"template":"","format":"standard","meta":{"sfsi_plus_gutenberg_text_before_share":"","sfsi_plus_gutenberg_show_text_before_share":"","sfsi_plus_gutenberg_icon_type":"","sfsi_plus_gutenberg_icon_alignemt":"","sfsi_plus_gutenburg_max_per_row":"","footnotes":""},"categories":[2],"tags":[],"class_list":["post-185774","post","type-post","status-publish","format-standard","has-post-thumbnail","hentry","category-geral"],"_links":{"self":[{"href":"https:\/\/www.caririemacao.com\/1\/wp-json\/wp\/v2\/posts\/185774","targetHints":{"allow":["GET"]}}],"collection":[{"href":"https:\/\/www.caririemacao.com\/1\/wp-json\/wp\/v2\/posts"}],"about":[{"href":"https:\/\/www.caririemacao.com\/1\/wp-json\/wp\/v2\/types\/post"}],"author":[{"embeddable":true,"href":"https:\/\/www.caririemacao.com\/1\/wp-json\/wp\/v2\/users\/1"}],"replies":[{"embeddable":true,"href":"https:\/\/www.caririemacao.com\/1\/wp-json\/wp\/v2\/comments?post=185774"}],"version-history":[{"count":1,"href":"https:\/\/www.caririemacao.com\/1\/wp-json\/wp\/v2\/posts\/185774\/revisions"}],"predecessor-version":[{"id":185783,"href":"https:\/\/www.caririemacao.com\/1\/wp-json\/wp\/v2\/posts\/185774\/revisions\/185783"}],"wp:featuredmedia":[{"embeddable":true,"href":"https:\/\/www.caririemacao.com\/1\/wp-json\/wp\/v2\/media\/185782"}],"wp:attachment":[{"href":"https:\/\/www.caririemacao.com\/1\/wp-json\/wp\/v2\/media?parent=185774"}],"wp:term":[{"taxonomy":"category","embeddable":true,"href":"https:\/\/www.caririemacao.com\/1\/wp-json\/wp\/v2\/categories?post=185774"},{"taxonomy":"post_tag","embeddable":true,"href":"https:\/\/www.caririemacao.com\/1\/wp-json\/wp\/v2\/tags?post=185774"}],"curies":[{"name":"wp","href":"https:\/\/api.w.org\/{rel}","templated":true}]}}