{"id":185775,"date":"2020-08-27T17:11:33","date_gmt":"2020-08-27T20:11:33","guid":{"rendered":"https:\/\/www.caririemacao.com\/1\/?p=185775"},"modified":"2020-08-27T17:11:33","modified_gmt":"2020-08-27T20:11:33","slug":"acusada-de-mandar-matar-o-marido-flordelis-convoca-fieis-para-culto-e-diz-que-ja-ja-tudo-vai-ser-esclarecido","status":"publish","type":"post","link":"https:\/\/www.caririemacao.com\/1\/2020\/08\/27\/acusada-de-mandar-matar-o-marido-flordelis-convoca-fieis-para-culto-e-diz-que-ja-ja-tudo-vai-ser-esclarecido\/","title":{"rendered":"Acusada de mandar matar o marido, Flordelis convoca fi\u00e9is para culto e diz que &#8216;j\u00e1 j\u00e1 tudo vai ser esclarecido&#8217;"},"content":{"rendered":"\n<p>Um \u00e1udio da deputada federal Flordelis que est\u00e1 sendo compartilhado em grupos de mensagens, sugere que\u00a0a parlamentar continua pedindo apoio dos fieis na internet diante da acusa\u00e7\u00e3o de ser ela a\u00a0mandante do assassinato\u00a0do pr\u00f3prio marido, o pastor Anderson do Carmo.<\/p>\n\n\n\n<blockquote class=\"wp-block-quote is-layout-flow wp-block-quote-is-layout-flow\"><p>\u201cA paz do Senhor, pessoal! Hoje eu quero todo mundo no culto, t\u00e1 bom? Hoje, Piratininga, o culto permanece. Nada \u00e9 permanente. Tudo vai passar. J\u00e1 j\u00e1 tudo vai ser esclarecido\u201d, diz a deputada no \u00e1udio em que convoca fieis para participar da celebra\u00e7\u00e3o evang\u00e9lica que ela comanda em Niter\u00f3i, Regi\u00e3o Metropolitana do Rio.<\/p><\/blockquote>\n\n\n\n<p>O pastor Anderson\u00a0foi executado com 30 tiros, dentro da casa da fam\u00edlia, em Niter\u00f3i, em junho do ano passado. Na segunda-feira (24), a Pol\u00edcia Civil indiciou a deputada, seis filhos e uma neta dela pelo envolvimento no crime. Ao todo,\u00a0onze pessoas foram denunciadas pelo Minist\u00e9rio P\u00fablico por envolvimento no crime, inclusive a deputada, que\u00a0tornou-se r\u00e9 perante \u00e0 Justi\u00e7a.<\/p>\n\n\n\n<p>Cinco filhos (Adriano, Andr\u00e9, Carlos, Marzy e Simone) e uma neta (Rayabe) da deputada foram presos ap\u00f3s conclus\u00e3o do inqu\u00e9rito. Outros dois j\u00e1 estavam presos desde o ano passado &#8211; Flavio dos Santos Rodrigues (filho biol\u00f3gico), apontado como autor dos disparos, e Marcos Siqueira (ex-policial).<\/p>\n\n\n\n<figure class=\"wp-block-image\"><img decoding=\"async\" data-src=\"https:\/\/s2.glbimg.com\/Y6oPDppE7LKlaqoA99bJROXvwtY=\/0x0:1920x1080\/984x0\/smart\/filters:strip_icc()\/i.s3.glbimg.com\/v1\/AUTH_59edd422c0c84a879bd37670ae4f538a\/internal_photos\/bs\/2020\/F\/E\/uffnMPSBW6Hm7KxGpz6Q\/frame-03-33-47.748.jpg\" alt=\"Onze pessoas foram denunciadas pela morte do pastor Anderson; 9 s\u00e3o da fam\u00edlia do casal \u2014 Foto: Reprodu\u00e7\u00e3o\/TV Globo\" src=\"data:image\/svg+xml;base64,PHN2ZyB3aWR0aD0iMSIgaGVpZ2h0PSIxIiB4bWxucz0iaHR0cDovL3d3dy53My5vcmcvMjAwMC9zdmciPjwvc3ZnPg==\" class=\"lazyload\" \/><\/figure>\n\n\n\n<p>Onze pessoas foram denunciadas pela morte do pastor Anderson; 9 s\u00e3o da fam\u00edlia do casal \u2014 Foto: Reprodu\u00e7\u00e3o\/TV Globo<\/p>\n\n\n\n<p>A\u00a0pol\u00edcia concluiu que a deputada foi a mentora do crime. De acordo com os investigadores, ela come\u00e7ou a tentar matar o marido em maio de 2018,\u00a0botando veneno na comida dele.\u00a0O motivo do crime, segundo a pol\u00edcia, teve raz\u00f5es financeiras e de poder na fam\u00edlia\u00a0&#8212; o pastor controlava todo o dinheiro do Minist\u00e9rio Flordelis, hoje rebatizado de Comunidade Evang\u00e9lica Cidade do Fogo.<\/p>\n\n\n\n<p>Segundo as investiga\u00e7\u00f5es,\u00a0pessoas pr\u00f3ximas \u00e0 fam\u00edlia de Flordelis afirmam que a imagem de religiosa e pastora esconde uma farsa. Em um depoimento \u00e0 pol\u00edcia, Karla, uma das integrantes da Igreja Minist\u00e9rio Flordelis, disse que n\u00e3o concordava com v\u00e1rias situa\u00e7\u00f5es.<\/p>\n\n\n\n<p>A testemunha afirmou \u00e0 pol\u00edcia que o casal de pastores comprava muitas pessoas com cargos na pol\u00edtica. Disse, ainda, que o\u00a0pastor Anderson era ganancioso\u00a0e que ele s\u00f3 pensava no crescimento da igreja e da m\u00eddia e que\u00a0define Flordelis como \u201cuma psicopata gananciosa\u201d.<\/p>\n\n\n\n<p>Flordelis vai responder ao crime em liberdade. Ela foi indiciada por cinco crimes:\u00a0homic\u00eddio triplamente qualificado\u00a0(por motivo torpe, meio cruel e impossibilidade de defesa da v\u00edtima),\u00a0associa\u00e7\u00e3o criminosa, falsidade ideol\u00f3gica, uso de documento falso e tentativa de homic\u00eddio\u00a0(pelo envenenamento).<\/p>\n\n\n\n<p>O presidente da C\u00e2mara dos Deputados, Rodrigo Maia, anunciou que vai reunir l\u00edderes na semana que vem para\u00a0decidir sobre o futuro da deputada.\u00a0Um pedido de cassa\u00e7\u00e3o do mandato dela j\u00e1 foi entregue \u00e0 mesa diretora da Casa. Se perder o cargo, perde tamb\u00e9m a imunidade parlamentar e, ent\u00e3o, pode vir a ser presa mesmo antes do julgamento.<\/p>\n\n\n\n<p>COM G1<\/p>\n","protected":false},"excerpt":{"rendered":"<p>Um \u00e1udio da deputada federal Flordelis que est\u00e1 sendo compartilhado em grupos de mensagens, sugere que\u00a0a parlamentar continua pedindo apoio dos fieis na internet diante&hellip; <\/p>\n","protected":false},"author":1,"featured_media":185778,"comment_status":"closed","ping_status":"closed","sticky":false,"template":"","format":"standard","meta":{"sfsi_plus_gutenberg_text_before_share":"","sfsi_plus_gutenberg_show_text_before_share":"","sfsi_plus_gutenberg_icon_type":"","sfsi_plus_gutenberg_icon_alignemt":"","sfsi_plus_gutenburg_max_per_row":"","footnotes":""},"categories":[2,12],"tags":[],"class_list":["post-185775","post","type-post","status-publish","format-standard","has-post-thumbnail","hentry","category-geral","category-policia"],"_links":{"self":[{"href":"https:\/\/www.caririemacao.com\/1\/wp-json\/wp\/v2\/posts\/185775","targetHints":{"allow":["GET"]}}],"collection":[{"href":"https:\/\/www.caririemacao.com\/1\/wp-json\/wp\/v2\/posts"}],"about":[{"href":"https:\/\/www.caririemacao.com\/1\/wp-json\/wp\/v2\/types\/post"}],"author":[{"embeddable":true,"href":"https:\/\/www.caririemacao.com\/1\/wp-json\/wp\/v2\/users\/1"}],"replies":[{"embeddable":true,"href":"https:\/\/www.caririemacao.com\/1\/wp-json\/wp\/v2\/comments?post=185775"}],"version-history":[{"count":1,"href":"https:\/\/www.caririemacao.com\/1\/wp-json\/wp\/v2\/posts\/185775\/revisions"}],"predecessor-version":[{"id":185779,"href":"https:\/\/www.caririemacao.com\/1\/wp-json\/wp\/v2\/posts\/185775\/revisions\/185779"}],"wp:featuredmedia":[{"embeddable":true,"href":"https:\/\/www.caririemacao.com\/1\/wp-json\/wp\/v2\/media\/185778"}],"wp:attachment":[{"href":"https:\/\/www.caririemacao.com\/1\/wp-json\/wp\/v2\/media?parent=185775"}],"wp:term":[{"taxonomy":"category","embeddable":true,"href":"https:\/\/www.caririemacao.com\/1\/wp-json\/wp\/v2\/categories?post=185775"},{"taxonomy":"post_tag","embeddable":true,"href":"https:\/\/www.caririemacao.com\/1\/wp-json\/wp\/v2\/tags?post=185775"}],"curies":[{"name":"wp","href":"https:\/\/api.w.org\/{rel}","templated":true}]}}