{"id":185780,"date":"2020-08-27T17:21:46","date_gmt":"2020-08-27T20:21:46","guid":{"rendered":"https:\/\/www.caririemacao.com\/1\/?p=185780"},"modified":"2020-08-27T17:21:46","modified_gmt":"2020-08-27T20:21:46","slug":"apos-esposa-entrar-em-coma-marido-faz-emocionante-post-de-despedida-leia","status":"publish","type":"post","link":"https:\/\/www.caririemacao.com\/1\/2020\/08\/27\/apos-esposa-entrar-em-coma-marido-faz-emocionante-post-de-despedida-leia\/","title":{"rendered":"Ap\u00f3s esposa entrar em coma, marido faz emocionante post de despedida; leia"},"content":{"rendered":"\n<figure class=\"wp-block-image\"><img decoding=\"async\" data-src=\"https:\/\/s2.glbimg.com\/hFSn0_mao0Jxl3ynpk5WUEZ1ocg=\/0x125:720x938\/984x0\/smart\/filters:strip_icc()\/i.s3.glbimg.com\/v1\/AUTH_59edd422c0c84a879bd37670ae4f538a\/internal_photos\/bs\/2020\/5\/n\/L0OMTZRFSY9f6jr38zKQ\/whatsapp-image-2020-08-26-at-21.12.22.jpeg\" alt=\"Segundo o enfermeiro, mulher amava a profiss\u00e3o e se dedicava muito ao que fazia \u2014 Foto: Reprodu\u00e7\u00e3o\/Facebook\" src=\"data:image\/svg+xml;base64,PHN2ZyB3aWR0aD0iMSIgaGVpZ2h0PSIxIiB4bWxucz0iaHR0cDovL3d3dy53My5vcmcvMjAwMC9zdmciPjwvc3ZnPg==\" class=\"lazyload\" \/><\/figure>\n\n\n\n<p>Uma postagem de despedida feita para a esposa que estava com c\u00e2ncer, em Santos, no litoral de S\u00e3o Paulo, acabou viralizando nas redes sociais. O post foi feito pelo enfermeiro Bruno Barbosa Moura, de 41 anos, marido de Graziella Cristina Silva Barbosa, de 38, tamb\u00e9m enfermeira. Na publica\u00e7\u00e3o, ele escreve como se fosse a mulher falando, em primeira pessoa. Ela morreu em 23 de agosto, ap\u00f3s lutar contra um c\u00e2ncer no p\u00e2ncreas.<\/p>\n\n\n\n<p>A postagem foi feita no perfil de Graziella no Facebook, no dia 19 de agosto, data em que a enfermeira j\u00e1 estava em coma devido \u00e0 doen\u00e7a.<\/p>\n\n\n\n<blockquote class=\"wp-block-quote is-layout-flow wp-block-quote-is-layout-flow\"><p>&#8220;Apesar de o m\u00e9dico da UTI ter me falado que o quadro era irrevers\u00edvel, eu aceitei a situa\u00e7\u00e3o de vez s\u00f3 tr\u00eas dias depois que ela foi internada. Eu estava em casa, indo dormir, e come\u00e7ou a vir uma inspira\u00e7\u00e3o de escrever algo para explicar para as pessoas o que estava acontecendo. A minha preocupa\u00e7\u00e3o era que a partida dela pegasse muita gente de surpresa. Ent\u00e3o, publiquei no perfil dela, para que todos que a acompanhavam pudessem ler aquilo&#8221;.<\/p><\/blockquote>\n\n\n\n<p>Na publica\u00e7\u00e3o, o marido descreveu o que a esposa estava vivendo nos \u00faltimos dias, tudo que amava fazer e o que deixou de aprendizado \u00e0 fam\u00edlia, e tudo como se fosse ela mesma explicando. &#8220;&#8230;Preciso compartilhar com voc\u00eas que est\u00e1 chegando minha hora de partir. Na verdade, nem estou mais aqui. Estou presa nos meus pensamentos, aguardando o momento de ser libertada. E estou em paz, porque nesta vida fiz tudo o que quis. E lutei o quanto pude para vencer mais este desafio&#8221;, escreveu em um dos trechos.https:\/\/tpc.googlesyndication.com\/safeframe\/1-0-37\/html\/container.html<\/p>\n\n\n\n<figure class=\"wp-block-image\"><img decoding=\"async\" data-src=\"https:\/\/s2.glbimg.com\/aUkXkFNYXo7zoSVexUsqLnarn0U=\/0x0:1200x800\/984x0\/smart\/filters:strip_icc()\/i.s3.glbimg.com\/v1\/AUTH_59edd422c0c84a879bd37670ae4f538a\/internal_photos\/bs\/2020\/0\/1\/BhkhAjTeezGajYfTsWxQ\/fotojet-20-.jpg\" alt=\"Marido fez postagem de despedida para esposa ap\u00f3s m\u00e9dico falar que quadro era irrevers\u00edvel  \u2014 Foto: Reprodu\u00e7\u00e3o\/Facebook\" src=\"data:image\/svg+xml;base64,PHN2ZyB3aWR0aD0iMSIgaGVpZ2h0PSIxIiB4bWxucz0iaHR0cDovL3d3dy53My5vcmcvMjAwMC9zdmciPjwvc3ZnPg==\" class=\"lazyload\" \/><\/figure>\n\n\n\n<p>Marido fez postagem de despedida para esposa ap\u00f3s m\u00e9dico falar que quadro era irrevers\u00edvel \u2014 Foto: Reprodu\u00e7\u00e3o\/Facebook<\/p>\n\n\n\n<p>Graziella e Bruno estavam juntos h\u00e1 13 anos, depois de se conhecerem pelas redes sociais, j\u00e1 que ele morava no Rio de Janeiro e ela em Santos. O casal teve tr\u00eas filhos, um menino de 8 anos e g\u00eameas de 3. As filhas foram um dos sonhos realizados por Graziella, j\u00e1 que elas nasceram de parto natural.<\/p>\n\n\n\n<p>Na postagem, o marido destacou: &#8220;Eu sei que deixo um legado. Um legado de amor, companheirismo, bondade, amizade, comprometimento, empatia e profissionalismo. Sobretudo, um legado de alegria. Lembrem-se de mim assim: alegre. A minha vida foi feliz. Quero agradecer a todos por tudo. E quero me despedir dizendo que todos voc\u00eas est\u00e3o em meu cora\u00e7\u00e3o&#8221;.<\/p>\n\n\n\n<p>O enfermeiro conta que a mulher come\u00e7ou a sentir dores nas costas em maio. Naquele m\u00eas, ela foi ao ortopedista, mas foi medicada e liberada. Por n\u00e3o apresentar melhoras, voltou ao hospital para novo atendimento m\u00e9dico, e a especialista solicitou resson\u00e2ncia. O exame foi feito no in\u00edcio de junho, e ela foi diagnosticada com met\u00e1stase \u00f3ssea na coluna. Apesar de muito abalada, o marido conta que ela continuou trabalhando, e em nova consulta m\u00e9dica, foram solicitados outros exames.<\/p>\n\n\n\n<p>A mulher, ent\u00e3o, fez ultrassonografia do abd\u00f4men. &#8220;Esse exame mostrou que ela tinha v\u00e1rios tumores no f\u00edgado, e ela j\u00e1 estava bem abatida, bem fraca, com o abd\u00f4men dolorido. No dia 8, liguei a um hospital de S\u00e3o Paulo e agendei consulta com o oncologista. Assim que chegou l\u00e1, no dia 9 de junho, ela j\u00e1 foi internada, e alguns dias depois ela teve o diagn\u00f3stico definitivo, que foi de c\u00e2ncer de p\u00e2ncreas com met\u00e1stase no f\u00edgado e coluna&#8221;, conta.<\/p>\n\n\n\n<p>Desde ent\u00e3o, ela iniciou tratamento, com sess\u00f5es de quimioterapia de 15 em 15 dias. &#8220;Os efeitos colaterais eram muito devastadores e ela n\u00e3o apresentou resultados, ent\u00e3o, foi definido que ela faria um novo tipo de quimioterapia&#8221;, diz o marido. Graziella chegou a ser internada outras vezes por piora no estado de sa\u00fade.<\/p>\n\n\n\n<figure class=\"wp-block-image\"><img decoding=\"async\" data-src=\"https:\/\/s2.glbimg.com\/d2tLaPJDCVECGxGGrE-gO4JoMaA=\/0x38:720x722\/984x0\/smart\/filters:strip_icc()\/i.s3.glbimg.com\/v1\/AUTH_59edd422c0c84a879bd37670ae4f538a\/internal_photos\/bs\/2020\/5\/u\/SUD87EQ8WBnsqCB2O6RQ\/whatsapp-image-2020-08-26-at-21.11.44.jpeg\" alt=\"Graziella e os tr\u00eas filhos: o menino, de 8 anos, e as g\u00eameas, de 3 \u2014 Foto: Reprodu\u00e7\u00e3o\/Facebook\" src=\"data:image\/svg+xml;base64,PHN2ZyB3aWR0aD0iMSIgaGVpZ2h0PSIxIiB4bWxucz0iaHR0cDovL3d3dy53My5vcmcvMjAwMC9zdmciPjwvc3ZnPg==\" class=\"lazyload\" \/><\/figure>\n\n\n\n<p>Graziella e os tr\u00eas filhos: o menino, de 8 anos, e as g\u00eameas, de 3 \u2014 Foto: Reprodu\u00e7\u00e3o\/Facebook<\/p>\n\n\n\n<p>No dia 7 de julho, Graziella fazia a primeira sess\u00e3o da nova quimioterapia. Mas, no dia 13, teve piora no quadro de sa\u00fade e n\u00e3o pode fazer a segunda sess\u00e3o. Em 15 de julho, Graziella apresentou confus\u00e3o mental e teve que ser internada. Poucos dias depois, entrou em coma e n\u00e3o acordou mais. Ela morreu no dia 23 de agosto.<\/p>\n\n\n\n<p>Os desafios do tratamento tamb\u00e9m foram retratados por Moura na publica\u00e7\u00e3o. &#8220;Nos \u00faltimos meses, eu passei por maus bocados. Precisei deixar o trabalho que amo para me cuidar, sofri com dores e com os efeitos colaterais do tratamento, chorei por medo do futuro e fui perdendo minha autonomia aos poucos&#8221;.<\/p>\n\n\n\n<p>&#8220;Todos os dias a acompanhei no hospital. Foi tr\u00e1gico como tudo aconteceu, a vida dela foi interrompida de repente. Eu senti que ela gostaria de se despedir com uma mensagem bem positiva, porque momentos antes de perder a consci\u00eancia, fez posts agradecendo as pessoas que a estavam apoiando. Eu queria que todos soubessem que ela gostaria que lembrassem dela com alegria e estava indo em paz. Eu tive o cuidado de n\u00e3o focar nos meus sentimentos, porque eu queria tentar descrever o que ela estava sentindo. E toda vez que leio, sinto como se fosse ela que tivesse escrito aquilo ali&#8221;, conta o enfermeiro.<\/p>\n\n\n\n<p>A postagem de despedida teve mais de 5 mil curtidas e centenas de compartilhamentos e coment\u00e1rios nas redes sociais. O que era para alcan\u00e7ar amigos de Graziella acabou se estendendo para diversos internautas.<\/p>\n\n\n\n<p>De acordo com o marido, Graziella era ativista em prol do Sistema \u00danico de Sa\u00fade (SUS), da amamenta\u00e7\u00e3o e do parto humanizado. &#8220;Ela era uma pessoa forte, que investia no que acreditava. Sempre trabalhou com muito amor, acreditava na igualdade e falava o que pensava. Defendia os direitos das mulheres. Era uma pessoa que amava ser m\u00e3e e sempre estava muito alegre&#8221;, relembra o enfermeiro.<\/p>\n\n\n\n<figure class=\"wp-block-image\"><img decoding=\"async\" data-src=\"https:\/\/s2.glbimg.com\/-CIbkQ0O9RIRj_JK9GJEUOyywLg=\/0x39:1280x914\/984x0\/smart\/filters:strip_icc()\/i.s3.glbimg.com\/v1\/AUTH_59edd422c0c84a879bd37670ae4f538a\/internal_photos\/bs\/2020\/y\/P\/OXVsAgRGSNFkfr6V3V6w\/whatsapp-image-2020-08-26-at-21.15.39.jpeg\" alt=\"Bruno, Graziella e os filhos em comemora\u00e7\u00e3o ao 1\u00ba anivers\u00e1rio das g\u00eameas \u2014 Foto: Reprodu\u00e7\u00e3o\/Facebook\" src=\"data:image\/svg+xml;base64,PHN2ZyB3aWR0aD0iMSIgaGVpZ2h0PSIxIiB4bWxucz0iaHR0cDovL3d3dy53My5vcmcvMjAwMC9zdmciPjwvc3ZnPg==\" class=\"lazyload\" \/><\/figure>\n\n\n\n<p>Bruno, Graziella e os filhos em comemora\u00e7\u00e3o ao 1\u00ba anivers\u00e1rio das g\u00eameas \u2014 Foto: Reprodu\u00e7\u00e3o\/Facebook<\/p>\n\n\n\n<h2 class=\"wp-block-heading\">\u00cdntegra da postagem<\/h2>\n\n\n\n<p>Leia, abaixo, a \u00edntegra da mensagem publicada pelo marido de Graziella:<\/p>\n\n\n\n<p><em>&#8220;Meus queridos amigos<\/em><\/p>\n\n\n\n<p><em>Bruno esteve aqui no hospital e me contou sobre como todos est\u00e3o preocupados comigo, ent\u00e3o resolvi dar not\u00edcias para tentar amenizar a ang\u00fastia de voc\u00eas. Infelizmente eu mesma n\u00e3o estou em condi\u00e7\u00f5es de fazer isto, portanto pedi a ele que fizesse por mim. Tenho certeza de que ele escreveu exatamente o que eu gostaria de dizer, pois depois de tantos anos juntos ele me conhece muito bem e eu a ele.<\/em><\/p>\n\n\n\n<p><em>Nos \u00faltimos meses eu passei por maus bocados. Precisei deixar o trabalho que amo para me cuidar, sofri com dores e com os efeitos colaterais do tratamento, chorei por medo do futuro e fui perdendo minha autonomia aos poucos.<\/em><\/p>\n\n\n\n<p><em>Entretanto, fui inundada de carinho por tanta gente que meu cora\u00e7\u00e3o se encheu de otimismo. Amigos \u00edntimos e distantes, colegas, parceiros, familiares e at\u00e9 pessoas que nem me conheciam mas me admiravam. Encarei minha realidade cheia de coragem e for\u00e7a. Claro que tive meus momentos de fraqueza, mas logo enxugava as l\u00e1grimas e erguia a cabe\u00e7a para enfrentar o que viesse pela frente.<\/em><\/p>\n\n\n\n<p><em>Afinal, eu adoro viver. Adoro o p\u00f4r do sol na praia, reunir os amigos, ir ao cinema, viajar. Ah, como eu amo viajar. E adoro sorrir tamb\u00e9m. \u00c0s vezes sorrio at\u00e9 quando estou triste, na tentativa de esquecer minhas pr\u00f3prias tristezas.<\/em><\/p>\n\n\n\n<p><em>Amo ser m\u00e3e. \u00c9 algo que eu sempre quis ser. Ter sido presenteada com 3 filhos foi muito mais do que eu poderia esperar. E dar \u00e0 luz g\u00eameas, de parto natural, foi minha maior realiza\u00e7\u00e3o. E olha que n\u00e3o foram poucas as coisas que conquistei.<\/em><\/p>\n\n\n\n<p><em>\u00c9 por isto, amigos, que preciso compartilhar com voc\u00eas que est\u00e1 chegando minha hora de partir. Na verdade nem estou mais aqui. Estou presa nos meus pensamentos aguardando o momento de ser libertada. E estou em paz, porque nesta vida fiz tudo o que quis. E lutei o quanto pude para vencer mais este desafio.<\/em><\/p>\n\n\n\n<p><em>Mas n\u00e3o se pode ganhar todas. Esta batalha estou perdendo, mas pelo menos agora n\u00e3o sofro mais. Estou indo para algum lugar desconhecido mas sei que l\u00e1 n\u00e3o h\u00e1 tristeza nem dor. Por isto, n\u00e3o fiquem tristes. Entendam que minha jornada est\u00e1 chegando ao fim.<\/em><\/p>\n\n\n\n<p><em>Juro que queria ficar. Eu tentei, fiz de tudo, aguentei firme o quanto pude. Mas estou cansada. Agora estou descansando enquanto espero o momento derradeiro.<\/em><\/p>\n\n\n\n<p><em>Bruno, meu amor, ter\u00e1 que se virar sem mim. Eu sei o quanto ele me ama e o quanto vai sentir minha falta mas era angustiante ver em seus olhos o quanto ele sofria me vendo sofrer e o esfor\u00e7o que fazia para se segurar e me dar for\u00e7a. Agora ele j\u00e1 pode chorar. N\u00e3o precisa mais se conter. E estou tranquila porque sei que ele cuidar\u00e1 maravilhosamente dos nossos filhos.<\/em><\/p>\n\n\n\n<p><em>Eu sei que deixo um legado. Um legado de amor, companheirismo, bondade, amizade, comprometimento, empatia e profissionalismo. Sobretudo, um legado de alegria. Lembrem-se de mim assim: alegre. A minha vida foi feliz.<\/em><\/p>\n\n\n\n<p><em>Quero agradecer a todos por tudo. E quero me despedir dizendo que todos voc\u00eas est\u00e3o em meu cora\u00e7\u00e3o.<\/em><\/p>\n\n\n\n<p><em>At\u00e9 breve.&#8221;<\/em><\/p>\n\n\n\n<figure class=\"wp-block-image\"><img decoding=\"async\" data-src=\"https:\/\/s2.glbimg.com\/wwURIdZ-fdp4bF-iKA3PGGEPDpE=\/0x0:933x618\/984x0\/smart\/filters:strip_icc()\/i.s3.glbimg.com\/v1\/AUTH_59edd422c0c84a879bd37670ae4f538a\/internal_photos\/bs\/2020\/R\/W\/p8CXRETPG7eDP132gA9w\/publi-face.png\" alt=\"Publica\u00e7\u00e3o teve mais de 5 mil curtidas nas redes sociais \u2014 Foto: Reprodu\u00e7\u00e3o\/Facebook\" src=\"data:image\/svg+xml;base64,PHN2ZyB3aWR0aD0iMSIgaGVpZ2h0PSIxIiB4bWxucz0iaHR0cDovL3d3dy53My5vcmcvMjAwMC9zdmciPjwvc3ZnPg==\" class=\"lazyload\" \/><\/figure>\n\n\n\n<p>Publica\u00e7\u00e3o teve mais de 5 mil curtidas nas redes sociais \u2014 Foto: Reprodu\u00e7\u00e3o\/Facebook<\/p>\n\n\n\n<p>COM G1<\/p>\n","protected":false},"excerpt":{"rendered":"<p>Uma postagem de despedida feita para a esposa que estava com c\u00e2ncer, em Santos, no litoral de S\u00e3o Paulo, acabou viralizando nas redes sociais. O&hellip; <\/p>\n","protected":false},"author":1,"featured_media":185786,"comment_status":"closed","ping_status":"closed","sticky":false,"template":"","format":"standard","meta":{"sfsi_plus_gutenberg_text_before_share":"","sfsi_plus_gutenberg_show_text_before_share":"","sfsi_plus_gutenberg_icon_type":"","sfsi_plus_gutenberg_icon_alignemt":"","sfsi_plus_gutenburg_max_per_row":"","footnotes":""},"categories":[2],"tags":[],"class_list":["post-185780","post","type-post","status-publish","format-standard","has-post-thumbnail","hentry","category-geral"],"_links":{"self":[{"href":"https:\/\/www.caririemacao.com\/1\/wp-json\/wp\/v2\/posts\/185780","targetHints":{"allow":["GET"]}}],"collection":[{"href":"https:\/\/www.caririemacao.com\/1\/wp-json\/wp\/v2\/posts"}],"about":[{"href":"https:\/\/www.caririemacao.com\/1\/wp-json\/wp\/v2\/types\/post"}],"author":[{"embeddable":true,"href":"https:\/\/www.caririemacao.com\/1\/wp-json\/wp\/v2\/users\/1"}],"replies":[{"embeddable":true,"href":"https:\/\/www.caririemacao.com\/1\/wp-json\/wp\/v2\/comments?post=185780"}],"version-history":[{"count":1,"href":"https:\/\/www.caririemacao.com\/1\/wp-json\/wp\/v2\/posts\/185780\/revisions"}],"predecessor-version":[{"id":185787,"href":"https:\/\/www.caririemacao.com\/1\/wp-json\/wp\/v2\/posts\/185780\/revisions\/185787"}],"wp:featuredmedia":[{"embeddable":true,"href":"https:\/\/www.caririemacao.com\/1\/wp-json\/wp\/v2\/media\/185786"}],"wp:attachment":[{"href":"https:\/\/www.caririemacao.com\/1\/wp-json\/wp\/v2\/media?parent=185780"}],"wp:term":[{"taxonomy":"category","embeddable":true,"href":"https:\/\/www.caririemacao.com\/1\/wp-json\/wp\/v2\/categories?post=185780"},{"taxonomy":"post_tag","embeddable":true,"href":"https:\/\/www.caririemacao.com\/1\/wp-json\/wp\/v2\/tags?post=185780"}],"curies":[{"name":"wp","href":"https:\/\/api.w.org\/{rel}","templated":true}]}}