{"id":185781,"date":"2020-08-27T17:19:29","date_gmt":"2020-08-27T20:19:29","guid":{"rendered":"https:\/\/www.caririemacao.com\/1\/?p=185781"},"modified":"2020-08-27T17:19:29","modified_gmt":"2020-08-27T20:19:29","slug":"justica-de-sp-arquiva-caso-de-menino-morto-ha-3-anos-no-habibs-sem-apontar-ou-punir-culpados","status":"publish","type":"post","link":"https:\/\/www.caririemacao.com\/1\/2020\/08\/27\/justica-de-sp-arquiva-caso-de-menino-morto-ha-3-anos-no-habibs-sem-apontar-ou-punir-culpados\/","title":{"rendered":"Justi\u00e7a de SP arquiva caso de menino morto h\u00e1 3 anos no Habib&#8217;s sem apontar ou punir culpados"},"content":{"rendered":"\n<figure class=\"wp-block-image\"><img decoding=\"async\" data-src=\"https:\/\/s02.video.glbimg.com\/x240\/8809621.jpg\" alt=\"Justi\u00e7a arquiva caso de menino morto em frente a lanchonete em 2017\" title=\"Justi\u00e7a arquiva caso de menino morto em frente a lanchonete em 2017\" src=\"data:image\/svg+xml;base64,PHN2ZyB3aWR0aD0iMSIgaGVpZ2h0PSIxIiB4bWxucz0iaHR0cDovL3d3dy53My5vcmcvMjAwMC9zdmciPjwvc3ZnPg==\" class=\"lazyload\" \/><\/figure>\n\n\n\n<p>A\u00a0Justi\u00e7a arquivou\u00a0nesta semana o caso do\u00a0menino morto em 2017\u00a0em frente ao\u00a0Habib&#8217;s\u00a0na Zona Norte de\u00a0S\u00e3o Paulo, sem apontar ou punir culpados.\u00a0Jo\u00e3o Victor Souza de Carvalho\u00a0tinha 13 anos quando morreu ap\u00f3s confus\u00e3o com dois funcion\u00e1rios da lanchonete que o teriam agredido.<\/p>\n\n\n\n<p>A causa da morte, por\u00e9m, foi\u00a0problema card\u00edaco decorrente do consumo de drogas, segundo a per\u00edcia. N\u00e3o ficou comprovado nos exames que ele tenha sido agredido e que eventuais agress\u00f5es o mataram. O advogado da fam\u00edlia da crian\u00e7a criticou a decis\u00e3o judicial.<\/p>\n\n\n\n<p>O arquivamento do processo foi pedido pelo\u00a0Minist\u00e9rio P\u00fablico (MP), que n\u00e3o responsabilizou ningu\u00e9m pela morte. Em mar\u00e7o de 2019, a\u00a0Pol\u00edcia Civil, que investigava as\u00a0causas e eventuais responsabilidades\u00a0pela morte do menino, j\u00e1\u00a0havia conclu\u00eddo o inqu\u00e9rito sem indiciamentos.<\/p>\n\n\n\n<p><strong>Jo\u00e3o Victor&nbsp;<\/strong>morreu em 26 de fevereiro de 2017 ap\u00f3s pedir esmolas a clientes do Habib&#8217;s da Avenida Itaberaba, na Vila Nova Cachoerinha.<\/p>\n\n\n\n<h2 class=\"has-normal-font-size wp-block-heading\">\u00c1udio<\/h2>\n\n\n\n<figure class=\"wp-block-image\"><img decoding=\"async\" data-src=\"https:\/\/s04.video.glbimg.com\/x240\/8809051.jpg\" alt=\"Motorista liga para a PM para contar que funcion\u00e1rios do Habib\u2019s bateram em menino em 2017\" title=\"Motorista liga para a PM para contar que funcion\u00e1rios do Habib\u2019s bateram em menino em 2017\" src=\"data:image\/svg+xml;base64,PHN2ZyB3aWR0aD0iMSIgaGVpZ2h0PSIxIiB4bWxucz0iaHR0cDovL3d3dy53My5vcmcvMjAwMC9zdmciPjwvc3ZnPg==\" class=\"lazyload\" \/><\/figure>\n\n\n\n<p>Um motorista de \u00f4nibus, testemunha do caso, chegou a telefonar para o n\u00famero 190 da\u00a0Pol\u00edcia Militar (PM)\u00a0para pedir socorro e contar que tinha visto dois empregados da lanchonete agredirem e arrastarem o garoto do lado de fora do estabelecimento. O\u00a0<strong>G1<\/strong>\u00a0teve acesso ao \u00e1udio gravado pela corpora\u00e7\u00e3o no qual o homem conta o que viu.<\/p>\n\n\n\n<blockquote class=\"wp-block-quote is-layout-flow wp-block-quote-is-layout-flow\"><p>\u201cPor favor, voc\u00ea manda uma viatura aqui no Habib&#8217;s do lado do Japon\u00eas? Tem um menino de 7 anos que tava roubando e tem um seguran\u00e7a batendo nele. Arrastando no meio da rua aqui. Isso n\u00e3o pode&#8221;, diz o motorista no \u00e1udio gravado pela PM.<\/p><\/blockquote>\n\n\n\n<p>&#8220;O moleque desmaiou, t\u00e1 aqui no ch\u00e3o desmaiado de tanto que eles bateram. S\u00e3o os seguran\u00e7as do Habib&#8217;s\u201d, diz a testemunha. \u201cE o seguran\u00e7a bateu \u00e0 be\u00e7a nele\u201d.<\/p>\n\n\n\n<blockquote class=\"wp-block-quote is-layout-flow wp-block-quote-is-layout-flow\"><p>&#8220;O moleque est\u00e1 convulsionando agora&#8230; convulsionando. Vai ter que mandar uma ambul\u00e2ncia aqui. O moleque t\u00e1 todinho roxo e convulsionando. E os palha\u00e7os do Habib&#8217;s est\u00e3o aqui do lado olhando. Quero ver se eles v\u00e3o assumir que eles bateram&#8221;, fala o motorista.<\/p><\/blockquote>\n\n\n\n<figure class=\"wp-block-image\"><img decoding=\"async\" data-src=\"https:\/\/s2.glbimg.com\/9i_u1-Aa1Qr_fQw16kAK7WQ07xQ=\/0x0:620x465\/984x0\/smart\/filters:strip_icc()\/i.s3.glbimg.com\/v1\/AUTH_59edd422c0c84a879bd37670ae4f538a\/internal_photos\/bs\/2017\/4\/R\/EIQsJkRwKtnbeMXESqpg\/menino-morto-habibs.jpg\" alt=\"Jo\u00e3o Victor morreu ap\u00f3s confus\u00e3o no Habib's \u2014 Foto: Reprodu\u00e7\u00e3o\/Arquivo pessoal \/ Newton Menezes\/Futura Press\/Estad\u00e3o Conte\u00fado \" src=\"data:image\/svg+xml;base64,PHN2ZyB3aWR0aD0iMSIgaGVpZ2h0PSIxIiB4bWxucz0iaHR0cDovL3d3dy53My5vcmcvMjAwMC9zdmciPjwvc3ZnPg==\" class=\"lazyload\" \/><\/figure>\n\n\n\n<p>Jo\u00e3o Victor morreu ap\u00f3s confus\u00e3o no Habib&#8217;s \u2014 Foto: Reprodu\u00e7\u00e3o\/Arquivo pessoal \/ Newton Menezes\/Futura Press\/Estad\u00e3o Conte\u00fado<\/p>\n\n\n\n<p>Um gerente e um supervisor do Habib&#8217;s chegaram a ser investigados pela pol\u00edcia por suspeita de agredirem a crian\u00e7a ap\u00f3s discuss\u00e3o, mas eles n\u00e3o foram responsabilizados pela morte de Jo\u00e3o Victor. Em suas defesas, os dois alegaram que s\u00f3 levantaram o menino.<\/p>\n\n\n\n<p>Al\u00e9m do motorista, uma vendedora de balas disse ter visto o gerente e o supervisor do Habib&#8217;s darem socos na nuca do adolescente.<\/p>\n\n\n\n<p>C\u00e2meras de seguran\u00e7a do local n\u00e3o gravaram as supostas agress\u00f5es, mas registraram o momento que Jo\u00e3o Victor discute com os funcion\u00e1rios,\u00a0tenta agredir um deles\u00a0com um peda\u00e7o de pau no estacionamento e quando \u00e9 arrastado por eles. Depois, eles largam Jo\u00e3o Victor na cal\u00e7ada, aparentemente desacordado.<\/p>\n\n\n\n<figure class=\"wp-block-image\"><img decoding=\"async\" data-src=\"https:\/\/s03.video.glbimg.com\/x240\/5730198.jpg\" alt=\"Imagens mostram discuss\u00e3o entre funcion\u00e1rio de lanchonete e menino que morreu em S\u00e3o Paulo\" title=\"Imagens mostram discuss\u00e3o entre funcion\u00e1rio de lanchonete e menino que morreu em S\u00e3o Paulo\" src=\"data:image\/svg+xml;base64,PHN2ZyB3aWR0aD0iMSIgaGVpZ2h0PSIxIiB4bWxucz0iaHR0cDovL3d3dy53My5vcmcvMjAwMC9zdmciPjwvc3ZnPg==\" class=\"lazyload\" \/><\/figure>\n\n\n\n<p>Imagens mostram discuss\u00e3o entre funcion\u00e1rio de lanchonete e menino que morreu em S\u00e3o Paulo<\/p>\n\n\n\n<p>Mas a mesma testemunha, que antes havia dito no \u00e1udio gravado pela PM que viu os dois funcion\u00e1rios da lanchonete baterem em Jo\u00e3o Victor, mudou de vers\u00e3o quando falou \u00e0 Pol\u00edcia Civil.<\/p>\n\n\n\n<p>O motorista alegou depois que n\u00e3o tinha visto os empregados baterem no menino, e que falou que inventou a agress\u00e3o para chamar a aten\u00e7\u00e3o da PM para que enviasse um socorro rapidamente porque o menino estava passando mal.<\/p>\n\n\n\n<p>A testemunha contou ainda que viu os funcion\u00e1rios do Habib&#8217;s correndo atr\u00e1s de Jo\u00e3o Victor. E que um deles o pegou pelo bra\u00e7o. Em seguida, a crian\u00e7a &#8220;desfaleceu&#8221; e foi arrastada pelos bra\u00e7os pelo gerente e supervisor.<\/p>\n\n\n\n<figure class=\"wp-block-image\"><img decoding=\"async\" data-src=\"https:\/\/s01.video.glbimg.com\/x240\/5702420.jpg\" alt=\"Pol\u00edcia investiga todas as vers\u00f5es para a morte de menino de 13 anos em SP\" title=\"Pol\u00edcia investiga todas as vers\u00f5es para a morte de menino de 13 anos em SP\" src=\"data:image\/svg+xml;base64,PHN2ZyB3aWR0aD0iMSIgaGVpZ2h0PSIxIiB4bWxucz0iaHR0cDovL3d3dy53My5vcmcvMjAwMC9zdmciPjwvc3ZnPg==\" class=\"lazyload\" \/><\/figure>\n\n\n\n<p>Pol\u00edcia investiga todas as vers\u00f5es para a morte de menino de 13 anos em SPhttps:\/\/tpc.googlesyndication.com\/safeframe\/1-0-37\/html\/container.html<\/p>\n\n\n\n<p>Laudos da\u00a0Pol\u00edcia T\u00e9cnico-Cient\u00edfica\u00a0conclu\u00edram que a causa da morte do menino foi infarto em decorr\u00eancia do uso cont\u00ednuo de droga, como lan\u00e7a-perfume, por exemplo. N\u00e3o h\u00e1 men\u00e7\u00e3o de que supostas agress\u00f5es tamb\u00e9m colaboraram para a morte de Jo\u00e3o Victor.<\/p>\n\n\n\n<p>Em sua decis\u00e3o pelo arquivamento do caso, a ju\u00edza\u00a0Ana Carolina Munhoz de Almeida, da 2\u00aa Vara do J\u00fari do F\u00f3rum Criminal da Barra Funda, na Zona Oeste da capital, escreveu na segunda-feira (24): &#8220;Acolho as pondera\u00e7\u00f5es do Minist\u00e9rio P\u00fablico e determino o arquivamento do presente inqu\u00e9rito policial no qual figura como v\u00edtima Jo\u00e3o Victor Souza de Carvalho&#8221;.<\/p>\n\n\n\n<h2 class=\"has-normal-font-size wp-block-heading\">Advogado da fam\u00edlia<\/h2>\n\n\n\n<figure class=\"wp-block-image\"><img decoding=\"async\" data-src=\"https:\/\/s2.glbimg.com\/fDKW8Cx6JCQfaQSDhM0hDYPWJjk=\/0x0:1700x1065\/984x0\/smart\/filters:strip_icc()\/i.s3.glbimg.com\/v1\/AUTH_59edd422c0c84a879bd37670ae4f538a\/internal_photos\/bs\/2017\/L\/M\/wV2AJ2TQulWdUPUdODDQ\/habib02.jpg\" alt=\"Pol\u00edcia faz reconstiui\u00e7\u00e3o da morte de menino ap\u00f3s confus\u00e3o em estacionamento do Habib's, em S\u00e3o Paulo \u2014 Foto: GloboNews\/Reprodu\u00e7\u00e3o\" src=\"data:image\/svg+xml;base64,PHN2ZyB3aWR0aD0iMSIgaGVpZ2h0PSIxIiB4bWxucz0iaHR0cDovL3d3dy53My5vcmcvMjAwMC9zdmciPjwvc3ZnPg==\" class=\"lazyload\" \/><\/figure>\n\n\n\n<p>Pol\u00edcia faz reconstiui\u00e7\u00e3o da morte de menino ap\u00f3s confus\u00e3o em estacionamento do Habib&#8217;s, em S\u00e3o Paulo \u2014 Foto: GloboNews\/Reprodu\u00e7\u00e3o<\/p>\n\n\n\n<p>Para o advogado da fam\u00edlia da crian\u00e7a,\u00a0Francisco Carlos da Silva, a mudan\u00e7a de vers\u00e3o no depoimento do motorista contribuiu para que a Pol\u00edcia Civil, o MP e a Justi\u00e7a decidissem n\u00e3o apontar culpados pela morte de Jo\u00e3o Victor.<\/p>\n\n\n\n<blockquote class=\"wp-block-quote is-layout-flow wp-block-quote-is-layout-flow\"><p>&#8220;Desde o come\u00e7o j\u00e1 queriam o arquivamento do inqu\u00e9rito policial&#8221;, disse Francisco \u00e0 reportagem. &#8220;Muda toda a sua vers\u00e3o, mas no dia que ocorreu o assassinato de Jo\u00e3o Victor, at\u00e9 ele estava revoltado&#8221;.<\/p><\/blockquote>\n\n\n\n<p>De acordo ao advogado, os dois funcion\u00e1rios tinham de ser responsabilizados pela morte de Jo\u00e3o Victor. Ele, por\u00e9m, n\u00e3o poder\u00e1 recorrer da decis\u00e3o do arquivamento da Justi\u00e7a. Isso caberia ao Minist\u00e9rio P\u00fablico, que foi quem pediu para arquivar o processo.<\/p>\n\n\n\n<p>A reportagem n\u00e3o conseguiu encontrar os pais de Jo\u00e3o Victor,\u00a0Marcelo Fernandes de Carvalho\u00a0e\u00a0Fernanda Cassia de Souza, que s\u00e3o separados, para comentarem o assunto.<\/p>\n\n\n\n<h2 class=\"has-normal-font-size wp-block-heading\">Laudos e reconstitui\u00e7\u00e3o<\/h2>\n\n\n\n<p>Segundo o relat\u00f3rio policial, os pr\u00f3prios pais do menino confirmaram que ele chegou a usar lan\u00e7a-perfume, mas estava em tratamento m\u00e9dico e era saud\u00e1vel.<\/p>\n\n\n\n<p>Segundo exames do\u00a0Instituto M\u00e9dico Legal (IML)\u00a0e da\u00a0exuma\u00e7\u00e3o do corpo, o menino teve parada cardiorrespirat\u00f3ria por causa de entorpecente e o cora\u00e7\u00e3o dele era compat\u00edvel com o de uma pessoa de 90 anos.<\/p>\n\n\n\n<figure class=\"wp-block-image\"><img decoding=\"async\" data-src=\"https:\/\/s2.glbimg.com\/2OIfozaV83uXXCYV-X6rVQlNY8s=\/0x0:868x338\/984x0\/smart\/filters:strip_icc()\/i.s3.glbimg.com\/v1\/AUTH_59edd422c0c84a879bd37670ae4f538a\/internal_photos\/bs\/2017\/2\/d\/6eK3GiQD6uPn8BN6xKcQ\/laudo-habibs.jpg\" alt=\"Trecho de laudo necrosc\u00f3pico do Instituto M\u00e9dico Legal sobre a morte de adolescente no Habib's \u2014 Foto: Reprodu\u00e7\u00e3o\" src=\"data:image\/svg+xml;base64,PHN2ZyB3aWR0aD0iMSIgaGVpZ2h0PSIxIiB4bWxucz0iaHR0cDovL3d3dy53My5vcmcvMjAwMC9zdmciPjwvc3ZnPg==\" class=\"lazyload\" \/><\/figure>\n\n\n\n<p>Trecho de laudo necrosc\u00f3pico do Instituto M\u00e9dico Legal sobre a morte de adolescente no Habib&#8217;s \u2014 Foto: Reprodu\u00e7\u00e3o<\/p>\n\n\n\n<p>Os laudos periciais tamb\u00e9m n\u00e3o mencionaram agress\u00f5es ou les\u00f5es aparentes no cad\u00e1ver.<\/p>\n\n\n\n<figure class=\"wp-block-image\"><img decoding=\"async\" data-src=\"https:\/\/s04.video.glbimg.com\/x240\/5773255.jpg\" alt=\"M\u00e3e de menino morto em confus\u00e3o no Habib's acompanha exuma\u00e7\u00e3o do corpo\" title=\"M\u00e3e de menino morto em confus\u00e3o no Habib's acompanha exuma\u00e7\u00e3o do corpo\" src=\"data:image\/svg+xml;base64,PHN2ZyB3aWR0aD0iMSIgaGVpZ2h0PSIxIiB4bWxucz0iaHR0cDovL3d3dy53My5vcmcvMjAwMC9zdmciPjwvc3ZnPg==\" class=\"lazyload\" \/><\/figure>\n\n\n\n<p>M\u00e3e de menino morto em confus\u00e3o no Habib&#8217;s acompanha exuma\u00e7\u00e3o do corpohttps:\/\/tpc.googlesyndication.com\/safeframe\/1-0-37\/html\/container.html<\/p>\n\n\n\n<p>Pareceres t\u00e9cnicos particulares, feitos por peritos contratados pelos advogados da fam\u00edlia de Jo\u00e3o Victor e que chegaram a ser inclu\u00eddos no inqu\u00e9rito policial, contestaram a conclus\u00e3o dos laudos oficiais do IML sobre a causa da morte do garoto.<\/p>\n\n\n\n<p>Um dos pareceres, feito pelo chileno\u00a0Eduardo Llanos, da\u00a0empresa Sewell, analisou os v\u00eddeos e a reprodu\u00e7\u00e3o simulada e apontou que o adolescente morreu provavelmente em raz\u00e3o de agress\u00f5es dos empregados e asfixia.<\/p>\n\n\n\n<p>Na reprodu\u00e7\u00e3o simulada, nome t\u00e9cnico dado a\u00a0reconstitui\u00e7\u00e3o, foram apresentadas as vers\u00f5es dos empregados, que negam ter batido no garoto, e das testemunhas, que os acusam de agress\u00e3o.<\/p>\n\n\n\n<figure class=\"wp-block-image\"><img decoding=\"async\" data-src=\"https:\/\/s2.glbimg.com\/5GpD10h8uygpJya1ekIvN-bghK8=\/0x0:1700x1065\/984x0\/smart\/filters:strip_icc()\/i.s3.glbimg.com\/v1\/AUTH_59edd422c0c84a879bd37670ae4f538a\/internal_photos\/bs\/2017\/e\/I\/z8pTUTSl6NCEBPT178pw\/habib01.jpg\" alt=\"Pol\u00edcia faz reconstui\u00e7\u00e3o de morte de menino ap\u00f3s confus\u00e3o no Habib's, em S\u00e3o Paulo \u2014 Foto: GloboNews\/Reprodu\u00e7\u00e3o\" src=\"data:image\/svg+xml;base64,PHN2ZyB3aWR0aD0iMSIgaGVpZ2h0PSIxIiB4bWxucz0iaHR0cDovL3d3dy53My5vcmcvMjAwMC9zdmciPjwvc3ZnPg==\" class=\"lazyload\" \/><\/figure>\n\n\n\n<p>Pol\u00edcia faz reconstui\u00e7\u00e3o de morte de menino ap\u00f3s confus\u00e3o no Habib&#8217;s, em S\u00e3o Paulo \u2014 Foto: GloboNews\/Reprodu\u00e7\u00e3o<\/p>\n\n\n\n<h2 class=\"has-normal-font-size wp-block-heading\">Funcion\u00e1rios<\/h2>\n\n\n\n<p>Em entrevista ao\u00a0<strong>G1\u00a0<\/strong>em 2017, os\u00a0empregados, que pediram para n\u00e3o ter os nomes divulgados \u00e0 \u00e9poca, negaram a agress\u00e3o\u00a0e disseram que quem bateu no adolescente foi um cliente n\u00e3o identificado.<\/p>\n\n\n\n<p>Contaram ainda que o menino teve um mal s\u00fabito ap\u00f3s correr e cair quando foi perseguido por pessoas que estavam na lanchonete.<\/p>\n\n\n\n<p>Segundo os funcion\u00e1rios, eles tinham ido atr\u00e1s de Jo\u00e3o Victor porque o menino amea\u00e7ou jogar peda\u00e7os de pau nos vidros do Habib&#8217;s e dos carros dos clientes. O garoto era conhecido na regi\u00e3o por pedir esmolas.<\/p>\n\n\n\n<p>Tamb\u00e9m est\u00e3o na reconstitui\u00e7\u00e3o fotos feitas a partir do que disseram duas testemunhas, uma catadora de latinhas e um motorista, que contaram ter visto o menino apanhar dos funcion\u00e1rios, que deram soco na nuca da v\u00edtima, que depois teve convuls\u00f5es.<\/p>\n\n\n\n<h2 class=\"has-normal-font-size wp-block-heading\">Habib&#8217;s<\/h2>\n\n\n\n<p>A reportagem procurou a assessoria de imprensa do Habib&#8217;s para comentar o assunto e aguarda o seu posicionamento. Em outras ocasi\u00f5es, a rede de fast food havia informado que cooperava &#8220;com as investiga\u00e7\u00f5es, se empenhando em esclarecer todos os detalhes do ocorrido com prioridade&#8221;.<\/p>\n\n\n\n<p>N\u00e3o h\u00e1 informa\u00e7\u00f5es se os dois funcion\u00e1rios continuam trabalhando na empresa.<\/p>\n\n\n\n<p>COM G1<\/p>\n","protected":false},"excerpt":{"rendered":"<p>A\u00a0Justi\u00e7a arquivou\u00a0nesta semana o caso do\u00a0menino morto em 2017\u00a0em frente ao\u00a0Habib&#8217;s\u00a0na Zona Norte de\u00a0S\u00e3o Paulo, sem apontar ou punir culpados.\u00a0Jo\u00e3o Victor Souza de Carvalho\u00a0tinha 13&hellip; <\/p>\n","protected":false},"author":1,"featured_media":185784,"comment_status":"closed","ping_status":"closed","sticky":false,"template":"","format":"standard","meta":{"sfsi_plus_gutenberg_text_before_share":"","sfsi_plus_gutenberg_show_text_before_share":"","sfsi_plus_gutenberg_icon_type":"","sfsi_plus_gutenberg_icon_alignemt":"","sfsi_plus_gutenburg_max_per_row":"","footnotes":""},"categories":[2,12],"tags":[],"class_list":["post-185781","post","type-post","status-publish","format-standard","has-post-thumbnail","hentry","category-geral","category-policia"],"_links":{"self":[{"href":"https:\/\/www.caririemacao.com\/1\/wp-json\/wp\/v2\/posts\/185781","targetHints":{"allow":["GET"]}}],"collection":[{"href":"https:\/\/www.caririemacao.com\/1\/wp-json\/wp\/v2\/posts"}],"about":[{"href":"https:\/\/www.caririemacao.com\/1\/wp-json\/wp\/v2\/types\/post"}],"author":[{"embeddable":true,"href":"https:\/\/www.caririemacao.com\/1\/wp-json\/wp\/v2\/users\/1"}],"replies":[{"embeddable":true,"href":"https:\/\/www.caririemacao.com\/1\/wp-json\/wp\/v2\/comments?post=185781"}],"version-history":[{"count":1,"href":"https:\/\/www.caririemacao.com\/1\/wp-json\/wp\/v2\/posts\/185781\/revisions"}],"predecessor-version":[{"id":185785,"href":"https:\/\/www.caririemacao.com\/1\/wp-json\/wp\/v2\/posts\/185781\/revisions\/185785"}],"wp:featuredmedia":[{"embeddable":true,"href":"https:\/\/www.caririemacao.com\/1\/wp-json\/wp\/v2\/media\/185784"}],"wp:attachment":[{"href":"https:\/\/www.caririemacao.com\/1\/wp-json\/wp\/v2\/media?parent=185781"}],"wp:term":[{"taxonomy":"category","embeddable":true,"href":"https:\/\/www.caririemacao.com\/1\/wp-json\/wp\/v2\/categories?post=185781"},{"taxonomy":"post_tag","embeddable":true,"href":"https:\/\/www.caririemacao.com\/1\/wp-json\/wp\/v2\/tags?post=185781"}],"curies":[{"name":"wp","href":"https:\/\/api.w.org\/{rel}","templated":true}]}}