{"id":185792,"date":"2020-08-27T23:59:48","date_gmt":"2020-08-28T02:59:48","guid":{"rendered":"https:\/\/www.caririemacao.com\/1\/?p=185792"},"modified":"2020-08-27T23:59:48","modified_gmt":"2020-08-28T02:59:48","slug":"cariri-de-luto-ex-prefeito-de-gurjao-ze-carlos-vidal-morre-apos-parada-cardiaca","status":"publish","type":"post","link":"https:\/\/www.caririemacao.com\/1\/2020\/08\/27\/cariri-de-luto-ex-prefeito-de-gurjao-ze-carlos-vidal-morre-apos-parada-cardiaca\/","title":{"rendered":"CARIRI DE LUTO: Ex-prefeito de Gurj\u00e3o Z\u00e9 Carlos Vidal morre ap\u00f3s parada card\u00edaca"},"content":{"rendered":"\n<p>O ex-prefeito de Gurjao, Z\u00e9 Carlos Vidal, veio a \u00f3bito \u00e0s 22:14 desta quinta-feira (27). Z\u00e9 Carlos j\u00e1 lutava h\u00e1 cerca de 10 anos contra um c\u00e2ncer e veio a \u00f3bito ap\u00f3s uma parada card\u00edaca, em Patos.<\/p>\n\n\n\n<p>A informa\u00e7\u00e3o foi confirmada pela fam\u00edlia do ex-prefeito, que informou que o sepultamento ocorrer\u00e1 nesta sexta-feira (28), em Gurj\u00e3o. O hor\u00e1rio e detalhes do enterro ainda est\u00e3o sendo definidos.<\/p>\n\n\n\n<p>Z\u00e9 Carlos foi vice-prefeito em 1996, elegeu-se prefeito em 2000 e foi reeleito em 2004. Foi ainda propriet\u00e1rio da R\u00e1dio IND FM e sua gest\u00e3o foi marcada pelo primeiro grande impulso ao evento Bode na Rua, que at\u00e9 hoje \u00e9 uma marca tur\u00edstica do munic\u00edpio de Gurj\u00e3o.<\/p>\n\n\n\n<p><strong>De Olho no Cariri<\/strong><\/p>\n","protected":false},"excerpt":{"rendered":"<p>O ex-prefeito de Gurjao, Z\u00e9 Carlos Vidal, veio a \u00f3bito \u00e0s 22:14 desta quinta-feira (27). Z\u00e9 Carlos j\u00e1 lutava h\u00e1 cerca de 10 anos contra&hellip; <\/p>\n","protected":false},"author":2,"featured_media":185793,"comment_status":"closed","ping_status":"closed","sticky":false,"template":"","format":"standard","meta":{"sfsi_plus_gutenberg_text_before_share":"","sfsi_plus_gutenberg_show_text_before_share":"","sfsi_plus_gutenberg_icon_type":"","sfsi_plus_gutenberg_icon_alignemt":"","sfsi_plus_gutenburg_max_per_row":"","footnotes":""},"categories":[50,77],"tags":[],"class_list":["post-185792","post","type-post","status-publish","format-standard","has-post-thumbnail","hentry","category-destaque","category-gurjao"],"_links":{"self":[{"href":"https:\/\/www.caririemacao.com\/1\/wp-json\/wp\/v2\/posts\/185792","targetHints":{"allow":["GET"]}}],"collection":[{"href":"https:\/\/www.caririemacao.com\/1\/wp-json\/wp\/v2\/posts"}],"about":[{"href":"https:\/\/www.caririemacao.com\/1\/wp-json\/wp\/v2\/types\/post"}],"author":[{"embeddable":true,"href":"https:\/\/www.caririemacao.com\/1\/wp-json\/wp\/v2\/users\/2"}],"replies":[{"embeddable":true,"href":"https:\/\/www.caririemacao.com\/1\/wp-json\/wp\/v2\/comments?post=185792"}],"version-history":[{"count":1,"href":"https:\/\/www.caririemacao.com\/1\/wp-json\/wp\/v2\/posts\/185792\/revisions"}],"predecessor-version":[{"id":185794,"href":"https:\/\/www.caririemacao.com\/1\/wp-json\/wp\/v2\/posts\/185792\/revisions\/185794"}],"wp:featuredmedia":[{"embeddable":true,"href":"https:\/\/www.caririemacao.com\/1\/wp-json\/wp\/v2\/media\/185793"}],"wp:attachment":[{"href":"https:\/\/www.caririemacao.com\/1\/wp-json\/wp\/v2\/media?parent=185792"}],"wp:term":[{"taxonomy":"category","embeddable":true,"href":"https:\/\/www.caririemacao.com\/1\/wp-json\/wp\/v2\/categories?post=185792"},{"taxonomy":"post_tag","embeddable":true,"href":"https:\/\/www.caririemacao.com\/1\/wp-json\/wp\/v2\/tags?post=185792"}],"curies":[{"name":"wp","href":"https:\/\/api.w.org\/{rel}","templated":true}]}}