{"id":185795,"date":"2020-08-28T06:19:31","date_gmt":"2020-08-28T09:19:31","guid":{"rendered":"https:\/\/www.caririemacao.com\/1\/?p=185795"},"modified":"2020-08-28T06:19:31","modified_gmt":"2020-08-28T09:19:31","slug":"pb-ja-recebeu-113-doacoes-de-plasma-convalescente-para-tratamento-da-covid-19","status":"publish","type":"post","link":"https:\/\/www.caririemacao.com\/1\/2020\/08\/28\/pb-ja-recebeu-113-doacoes-de-plasma-convalescente-para-tratamento-da-covid-19\/","title":{"rendered":"PB j\u00e1 recebeu 113 doa\u00e7\u00f5es de plasma convalescente para tratamento da Covid-19"},"content":{"rendered":"\n<h1 class=\"wp-block-heading\"><\/h1>\n\n\n\n<p>A Secretaria de Estado da Sa\u00fade (SES) continua participando da pesquisa sobre produ\u00e7\u00e3o e uso de Plasma Convalescente (PC) no tratamento de pacientes graves com Covid-19.<\/p>\n\n\n\n<p>O estudo cl\u00ednico \u00e9 realizado por meio de uma parceria entre o Hemocentro da Para\u00edba, Universidade Federal da Para\u00edba (UFPB) e o Laborat\u00f3rio de Sa\u00fade P\u00fablica Para\u00edba (Lacen-PB). At\u00e9 o momento, o servi\u00e7o recebeu 113 doa\u00e7\u00f5es.<\/p>\n\n\n\n<p>O estudo cl\u00ednico para infus\u00e3o de PC no tratamento de pacientes com Covid-19 na forma grave da doen\u00e7a tem o objetivo de pesquisar de que forma o uso desse plasma, com v\u00e1rios anticorpos, pode neutralizar os v\u00edrus SARC-CoV-2.<\/p>\n\n\n\n<p>No per\u00edodo de 28 de maio a 07 de agosto, foram infundidas 120 unidades do plasma convalescente, atendendo 112 pacientes. Desse total, 95 foram inclu\u00eddos no estudo e 17 em uso compassivo, ou seja, com autoriza\u00e7\u00e3o m\u00e9dica, mas sem seguir a indica\u00e7\u00e3o da pesquisa.<\/p>\n\n\n\n<p>Dados parciais da pesquisa apontam que 48 pacientes foram recuperados e 14 seguem internados.<\/p>\n\n\n\n<p>Dos 95 participantes do estudo, 68 eram homens e 44 mulheres, 53 tinham abaixo de 53 anos e 40 acima de 56 anos. Integrantes da pesquisa ainda aguardam a documenta\u00e7\u00e3o e acompanhamento de dois pacientes.<\/p>\n\n\n\n<p>O secret\u00e1rio de Sa\u00fade, Geraldo Medeiros, refor\u00e7a que este \u00e9 um tratamento experimental e importante para o Estado.<\/p>\n\n\n\n<p>\u201cSomo o precursor na regi\u00e3o Nordeste a realizar a coleta, processamento, armazenamento e distribui\u00e7\u00e3o do plasma convalescente. A Para\u00edba tamb\u00e9m \u00e9 pioneira na implementa\u00e7\u00e3o do tratamento no servi\u00e7o p\u00fablico\u201d, destaca.<\/p>\n\n\n\n<p>De acordo com dados do Hemocentro, as 113 doa\u00e7\u00f5es totalizaram 213 bolsas de plasma convalescente. N\u00famero de doa\u00e7\u00e3o considerado baixo, se levar em conta a quantidade de pacientes recuperados por Covid-19 na Para\u00edba.<\/p>\n\n\n\n<p>A diretora geral do Hemocentro, Shirlene Gadelha, pontua que o servi\u00e7o ainda est\u00e1 recebendo doa\u00e7\u00f5es e que os interessados podem entrar em contato com a unidade pelo telefone 3133-3465.<\/p>\n\n\n\n<p>Para ser um doador, a pessoa deve apresentar um laudo da \u00e9poca comprovando o teste RT-PCR positivo para Covid-19.<\/p>\n\n\n\n<p>Outros requisitos s\u00e3o: ter de 18 a 60 anos, estar h\u00e1 30 dias sem os sintomas do Covid-19, a mulher deve ser nuligeste (nunca engravidou) e o doador n\u00e3o deve ter sido hospitalizado em virtude da doen\u00e7a.<\/p>\n","protected":false},"excerpt":{"rendered":"<p>A Secretaria de Estado da Sa\u00fade (SES) continua participando da pesquisa sobre produ\u00e7\u00e3o e uso de Plasma Convalescente (PC) no tratamento de pacientes graves com&hellip; <\/p>\n","protected":false},"author":2,"featured_media":185796,"comment_status":"closed","ping_status":"closed","sticky":false,"template":"","format":"standard","meta":{"sfsi_plus_gutenberg_text_before_share":"","sfsi_plus_gutenberg_show_text_before_share":"","sfsi_plus_gutenberg_icon_type":"","sfsi_plus_gutenberg_icon_alignemt":"","sfsi_plus_gutenburg_max_per_row":"","footnotes":""},"categories":[50,2],"tags":[],"class_list":["post-185795","post","type-post","status-publish","format-standard","has-post-thumbnail","hentry","category-destaque","category-geral"],"_links":{"self":[{"href":"https:\/\/www.caririemacao.com\/1\/wp-json\/wp\/v2\/posts\/185795","targetHints":{"allow":["GET"]}}],"collection":[{"href":"https:\/\/www.caririemacao.com\/1\/wp-json\/wp\/v2\/posts"}],"about":[{"href":"https:\/\/www.caririemacao.com\/1\/wp-json\/wp\/v2\/types\/post"}],"author":[{"embeddable":true,"href":"https:\/\/www.caririemacao.com\/1\/wp-json\/wp\/v2\/users\/2"}],"replies":[{"embeddable":true,"href":"https:\/\/www.caririemacao.com\/1\/wp-json\/wp\/v2\/comments?post=185795"}],"version-history":[{"count":1,"href":"https:\/\/www.caririemacao.com\/1\/wp-json\/wp\/v2\/posts\/185795\/revisions"}],"predecessor-version":[{"id":185797,"href":"https:\/\/www.caririemacao.com\/1\/wp-json\/wp\/v2\/posts\/185795\/revisions\/185797"}],"wp:featuredmedia":[{"embeddable":true,"href":"https:\/\/www.caririemacao.com\/1\/wp-json\/wp\/v2\/media\/185796"}],"wp:attachment":[{"href":"https:\/\/www.caririemacao.com\/1\/wp-json\/wp\/v2\/media?parent=185795"}],"wp:term":[{"taxonomy":"category","embeddable":true,"href":"https:\/\/www.caririemacao.com\/1\/wp-json\/wp\/v2\/categories?post=185795"},{"taxonomy":"post_tag","embeddable":true,"href":"https:\/\/www.caririemacao.com\/1\/wp-json\/wp\/v2\/tags?post=185795"}],"curies":[{"name":"wp","href":"https:\/\/api.w.org\/{rel}","templated":true}]}}