{"id":185799,"date":"2020-08-28T06:21:39","date_gmt":"2020-08-28T09:21:39","guid":{"rendered":"https:\/\/www.caririemacao.com\/1\/?p=185799"},"modified":"2020-08-28T06:21:39","modified_gmt":"2020-08-28T09:21:39","slug":"secretaria-estadual-reforca-importancia-da-vacinacao-contra-o-sarampo","status":"publish","type":"post","link":"https:\/\/www.caririemacao.com\/1\/2020\/08\/28\/secretaria-estadual-reforca-importancia-da-vacinacao-contra-o-sarampo\/","title":{"rendered":"Secretaria estadual refor\u00e7a import\u00e2ncia da vacina\u00e7\u00e3o contra o sarampo"},"content":{"rendered":"\n<h1 class=\"wp-block-heading\"><\/h1>\n\n\n\n<p>A Secretaria de Estado da Sa\u00fade (SES), por meio do N\u00facleo de Imuniza\u00e7\u00e3o, refor\u00e7a a import\u00e2ncia da vacina\u00e7\u00e3o contra o sarampo.<\/p>\n\n\n\n<p>A vacina tr\u00edplice viral, que protege contra sarampo, caxumba e rub\u00e9ola, est\u00e1 dispon\u00edvel nos postos de sa\u00fade, na rotina de vacina\u00e7\u00e3o.<\/p>\n\n\n\n<p>Desde o ano passado, o Minist\u00e9rio da Sa\u00fade vem fazendo campanhas de vacina\u00e7\u00e3o contra o sarampo por faixas et\u00e1rias. Este ano, em mar\u00e7o, deu in\u00edcio \u00e0 campanha indiscriminada para pessoas de 20 a 49 anos.<\/p>\n\n\n\n<p>Entretanto, a chefe do N\u00facleo de Imuniza\u00e7\u00e3o, Isiane Queiroga, informou que este ano, devido \u00e0 pandemia, a SES e o Conselho das Secretarias Municipais de Sa\u00fade (Cosems) acharam por bem n\u00e3o fazer a campanha na Para\u00edba, j\u00e1 que a vacina\u00e7\u00e3o contra a influenza era a prioridade.<\/p>\n\n\n\n<p>\u201cMesmo sem campanha, a vacina continua sendo ofertada na rotina, como sempre foi, para pessoas de 1 at\u00e9 59 anos de idade. Lembrando que o indiv\u00edduo de 1 at\u00e9 29 anos deve ter duas doses registradas no cart\u00e3o de vacina. J\u00e1 os que t\u00eam at\u00e9 59 anos, devem ter, pelo menos, uma dose registrada no cart\u00e3o\u201d, informou Isiane.<\/p>\n\n\n\n<p>A gestora refor\u00e7ou, ainda, que, uma vez vacinada, a pessoa j\u00e1 est\u00e1 imunizada contra o sarampo.<\/p>\n\n\n\n<p>\u201cA vacina tr\u00edplice viral n\u00e3o requer doses de refor\u00e7o de tempos em tempos, como acontece com a antitet\u00e2nica, por exemplo. Se a pessoa comprova, atrav\u00e9s da carteira de vacina\u00e7\u00e3o, que tomou duas doses durante a inf\u00e2ncia, n\u00e3o \u00e9 necess\u00e1rio tomar a vacina novamente\u201d, pontuou Isiane.<\/p>\n","protected":false},"excerpt":{"rendered":"<p>A Secretaria de Estado da Sa\u00fade (SES), por meio do N\u00facleo de Imuniza\u00e7\u00e3o, refor\u00e7a a import\u00e2ncia da vacina\u00e7\u00e3o contra o sarampo. A vacina tr\u00edplice viral,&hellip; <\/p>\n","protected":false},"author":2,"featured_media":185800,"comment_status":"closed","ping_status":"closed","sticky":false,"template":"","format":"standard","meta":{"sfsi_plus_gutenberg_text_before_share":"","sfsi_plus_gutenberg_show_text_before_share":"","sfsi_plus_gutenberg_icon_type":"","sfsi_plus_gutenberg_icon_alignemt":"","sfsi_plus_gutenburg_max_per_row":"","footnotes":""},"categories":[50,2],"tags":[],"class_list":["post-185799","post","type-post","status-publish","format-standard","has-post-thumbnail","hentry","category-destaque","category-geral"],"_links":{"self":[{"href":"https:\/\/www.caririemacao.com\/1\/wp-json\/wp\/v2\/posts\/185799","targetHints":{"allow":["GET"]}}],"collection":[{"href":"https:\/\/www.caririemacao.com\/1\/wp-json\/wp\/v2\/posts"}],"about":[{"href":"https:\/\/www.caririemacao.com\/1\/wp-json\/wp\/v2\/types\/post"}],"author":[{"embeddable":true,"href":"https:\/\/www.caririemacao.com\/1\/wp-json\/wp\/v2\/users\/2"}],"replies":[{"embeddable":true,"href":"https:\/\/www.caririemacao.com\/1\/wp-json\/wp\/v2\/comments?post=185799"}],"version-history":[{"count":1,"href":"https:\/\/www.caririemacao.com\/1\/wp-json\/wp\/v2\/posts\/185799\/revisions"}],"predecessor-version":[{"id":185801,"href":"https:\/\/www.caririemacao.com\/1\/wp-json\/wp\/v2\/posts\/185799\/revisions\/185801"}],"wp:featuredmedia":[{"embeddable":true,"href":"https:\/\/www.caririemacao.com\/1\/wp-json\/wp\/v2\/media\/185800"}],"wp:attachment":[{"href":"https:\/\/www.caririemacao.com\/1\/wp-json\/wp\/v2\/media?parent=185799"}],"wp:term":[{"taxonomy":"category","embeddable":true,"href":"https:\/\/www.caririemacao.com\/1\/wp-json\/wp\/v2\/categories?post=185799"},{"taxonomy":"post_tag","embeddable":true,"href":"https:\/\/www.caririemacao.com\/1\/wp-json\/wp\/v2\/tags?post=185799"}],"curies":[{"name":"wp","href":"https:\/\/api.w.org\/{rel}","templated":true}]}}