{"id":185803,"date":"2020-08-28T07:14:14","date_gmt":"2020-08-28T10:14:14","guid":{"rendered":"https:\/\/www.caririemacao.com\/1\/?p=185803"},"modified":"2020-08-28T07:14:14","modified_gmt":"2020-08-28T10:14:14","slug":"atlas-da-violencia-brasil-teve-uma-mulher-assassinada-a-cada-duas-horas","status":"publish","type":"post","link":"https:\/\/www.caririemacao.com\/1\/2020\/08\/28\/atlas-da-violencia-brasil-teve-uma-mulher-assassinada-a-cada-duas-horas\/","title":{"rendered":"Atlas da Viol\u00eancia: Brasil teve uma mulher assassinada a cada duas horas"},"content":{"rendered":"\n<h1 class=\"wp-block-heading\"><\/h1>\n\n\n\n<p>Foram 4.519 v\u00edtimas de homic\u00eddio, o que representa uma taxa de 4,3 para cada 100 mil habitantes do sexo feminino.<\/p>\n\n\n\n<p>Seguindo a tend\u00eancia de redu\u00e7\u00e3o da taxa geral, a taxa de homic\u00eddios contra mulheres teve queda de 9% entre 2017 e 2018.<\/p>\n\n\n\n<p>Mas a situa\u00e7\u00e3o melhorou apenas para as mulheres brancas, j\u00e1 que a grande maioria (68%) das v\u00edtimas era negra -a taxa que \u00e9 praticamente o dobro na compara\u00e7\u00e3o com n\u00e3o negras.<\/p>\n\n\n\n<p>Em dez anos, a taxa de homic\u00eddio de mulheres negras cresceu 12,4%; j\u00e1 a de n\u00e3o negras caiu 11,7%.<\/p>\n\n\n\n<p>Nesse mesmo per\u00edodo, o Brasil teve um aumento de 4% nos assassinatos de mulheres. Em alguns estados, a taxa de homic\u00eddios em 2018 mais do que dobrou em rela\u00e7\u00e3o a 2008: \u00e9 o caso do Cear\u00e1, cujos homic\u00eddios de mulheres aumentaram 278%, de Roraima (+186%) e do Acre (126%).<\/p>\n\n\n\n<p>A pesquisadora Amanda Pimentel afirmou que o racismo no Brasil tem um processo hist\u00f3rico e que os dados demonstram como as desigualdades s\u00e3o demonstradas nos \u00edndices letais.<\/p>\n\n\n\n<p>\u201cMesmo com a redu\u00e7\u00e3o entre 2017 e 2018, a redu\u00e7\u00e3o foi muito maior entre os n\u00e3o negros do que entre os negros\u201d, disse.<\/p>\n\n\n\n<p>\u201cMulheres negras est\u00e3o ainda mais vulnerabilizadas: pela ra\u00e7a, g\u00eanero e classe\u201d, disse.<\/p>\n\n\n\n<p>O estudo foi elaborado pelo F\u00f3rum Brasileiro de Seguran\u00e7a P\u00fablica e pelo Ipea (Instituto de Pesquisa Econ\u00f4mica Aplicada) com dados do Sistema de Informa\u00e7\u00e3o sobre Mortalidade, do Minist\u00e9rio da Sa\u00fade.<\/p>\n\n\n\n<p>Os negros s\u00e3o representados pela soma de pretos e pardos e os n\u00e3o negros s\u00e3o os brancos, amarelos e ind\u00edgenas, segundo a classifica\u00e7\u00e3o do IBGE (Instituto Brasileiro de Geografia e Estat\u00edstica).<\/p>\n\n\n\n<p>O n\u00famero de homic\u00eddios em geral caiu em 2018 no pa\u00eds, quando foram registrados 57.956 casos, o que corresponde a uma taxa de 27,8 mortes por 100 mil habitantes -o menor n\u00edvel de assassinatos em quatro anos e queda de 12% em rela\u00e7\u00e3o ao ano anterior.<\/p>\n\n\n\n<p>A diminui\u00e7\u00e3o aconteceu em todas as regi\u00f5es, em 24 estados, com maior intensidade no Nordeste.<\/p>\n\n\n\n<p>Por\u00e9m, os assassinatos diminu\u00edram apenas para uma parte da popula\u00e7\u00e3o. A taxa de homic\u00eddios de negros no Brasil saltou 11,5% de 2008 a 2018 (de 34 para 37,8 por 100 mil habitantes), enquanto a morte de n\u00e3o negros caiu 12,9% no mesmo per\u00edodo (de 15,9 para 13,9 por 100 mil).<\/p>\n\n\n\n<p>Entre os anos de 2008 e 2018, foram registrados 628 mil homic\u00eddios no pa\u00eds, sendo 91% homens, 55% na faixa entre 15 e 29 anos, e pico de mortos aos 21 anos de idade.<\/p>\n\n\n\n<p>O Atlas verificou a baixa escolaridade, com no m\u00e1ximo sete anos de estudo entre as v\u00edtimas. Os dias de maior incid\u00eancia dos crimes foram s\u00e1bados e domingos.<\/p>\n\n\n\n<p>Entre o total de v\u00edtimas, os negros representaram 75%. Segundo o Atlas, a discrep\u00e2ncia entre as ra\u00e7as nas taxas de homic\u00eddio significa que, na pr\u00e1tica, para cada indiv\u00edduo branco morto naquele ano, 2,7 negros foram assassinados.<\/p>\n\n\n\n<p>O documento aponta que o ECA (Estatuto da Crian\u00e7a e do Adolescente) diminuiu a escalada da viol\u00eancia contra jovens no Brasil.<\/p>\n\n\n\n<p>Antes do ECA, havia crescimento m\u00e9dio de 8,3% ao ano entre v\u00edtimas de 15 a 18 anos, por exemplo. Depois, baixou para 2,6%.<\/p>\n\n\n\n<p>Pela primeira vez, o Atlas compilou tamb\u00e9m dados do Sinan (Sistema de Informa\u00e7\u00e3o de Agravos de Notifica\u00e7\u00e3o) sobre a popula\u00e7\u00e3o LGBTQI+.<\/p>\n\n\n\n<p>Eles apontam que houve aumento de 19,8% em casos de viol\u00eancia contra essas pessoas entre 2017 e 2018.<\/p>\n\n\n\n<p>Cresceu em 10,9% a viol\u00eancia f\u00edsica, em 7,4% a psicol\u00f3gica e em 76,8% outros tipos de viol\u00eancia. Houve queda de 7,6% nos registros de tortura.<\/p>\n","protected":false},"excerpt":{"rendered":"<p>Foram 4.519 v\u00edtimas de homic\u00eddio, o que representa uma taxa de 4,3 para cada 100 mil habitantes do sexo feminino. Seguindo a tend\u00eancia de redu\u00e7\u00e3o&hellip; <\/p>\n","protected":false},"author":2,"featured_media":185804,"comment_status":"closed","ping_status":"closed","sticky":false,"template":"","format":"standard","meta":{"sfsi_plus_gutenberg_text_before_share":"","sfsi_plus_gutenberg_show_text_before_share":"","sfsi_plus_gutenberg_icon_type":"","sfsi_plus_gutenberg_icon_alignemt":"","sfsi_plus_gutenburg_max_per_row":"","footnotes":""},"categories":[50,12],"tags":[],"class_list":["post-185803","post","type-post","status-publish","format-standard","has-post-thumbnail","hentry","category-destaque","category-policia"],"_links":{"self":[{"href":"https:\/\/www.caririemacao.com\/1\/wp-json\/wp\/v2\/posts\/185803","targetHints":{"allow":["GET"]}}],"collection":[{"href":"https:\/\/www.caririemacao.com\/1\/wp-json\/wp\/v2\/posts"}],"about":[{"href":"https:\/\/www.caririemacao.com\/1\/wp-json\/wp\/v2\/types\/post"}],"author":[{"embeddable":true,"href":"https:\/\/www.caririemacao.com\/1\/wp-json\/wp\/v2\/users\/2"}],"replies":[{"embeddable":true,"href":"https:\/\/www.caririemacao.com\/1\/wp-json\/wp\/v2\/comments?post=185803"}],"version-history":[{"count":1,"href":"https:\/\/www.caririemacao.com\/1\/wp-json\/wp\/v2\/posts\/185803\/revisions"}],"predecessor-version":[{"id":185805,"href":"https:\/\/www.caririemacao.com\/1\/wp-json\/wp\/v2\/posts\/185803\/revisions\/185805"}],"wp:featuredmedia":[{"embeddable":true,"href":"https:\/\/www.caririemacao.com\/1\/wp-json\/wp\/v2\/media\/185804"}],"wp:attachment":[{"href":"https:\/\/www.caririemacao.com\/1\/wp-json\/wp\/v2\/media?parent=185803"}],"wp:term":[{"taxonomy":"category","embeddable":true,"href":"https:\/\/www.caririemacao.com\/1\/wp-json\/wp\/v2\/categories?post=185803"},{"taxonomy":"post_tag","embeddable":true,"href":"https:\/\/www.caririemacao.com\/1\/wp-json\/wp\/v2\/tags?post=185803"}],"curies":[{"name":"wp","href":"https:\/\/api.w.org\/{rel}","templated":true}]}}