{"id":185811,"date":"2020-08-28T07:23:24","date_gmt":"2020-08-28T10:23:24","guid":{"rendered":"https:\/\/www.caririemacao.com\/1\/?p=185811"},"modified":"2020-08-28T07:23:24","modified_gmt":"2020-08-28T10:23:24","slug":"joao-azevedo-confirma-que-governo-da-paraiba-estuda-convocar-mais-500-aprovados-no-concurso-da-educacao","status":"publish","type":"post","link":"https:\/\/www.caririemacao.com\/1\/2020\/08\/28\/joao-azevedo-confirma-que-governo-da-paraiba-estuda-convocar-mais-500-aprovados-no-concurso-da-educacao\/","title":{"rendered":"Jo\u00e3o Azev\u00eado confirma que Governo da Para\u00edba estuda convocar mais 500 aprovados no concurso da Educa\u00e7\u00e3o"},"content":{"rendered":"\n<h1 class=\"wp-block-heading\"><\/h1>\n\n\n\n<p>O governador Jo\u00e3o Azev\u00eado confirmou a informa\u00e7\u00e3o transmitida pelo jornalista Lu\u00eds Torres no Arapuan Verdade, na semana passada. Em entrevista ao Rede Verdade, da TV Arapuan, nesta quinta-feira (27), o gestor disse que o Governo da Para\u00edba avalia a possibilidade de convocar mais 500 aprovados no concurso da Educa\u00e7\u00e3o, j\u00e1 que n\u00e3o foi poss\u00edvel realizar um novo certame neste ano, por causa da pandemia do novo coronav\u00edrus.<\/p>\n\n\n\n<p>&#8220;Chamamos os 1.000 profissionais e, neste ano, por conta da pandemia, nossa programa\u00e7\u00e3o para realiza\u00e7\u00e3o de novo concurso terminou sendo suspensa&#8221;, disse o governador.<\/p>\n\n\n\n<p>Jo\u00e3o Azev\u00eado lembrou que os \u00f3rg\u00e3os envolvidos no concurso, como a Secretaria de Educa\u00e7\u00e3o, est\u00e3o analisando &#8220;se n\u00f3s poderemos chamar mais 500 aprovados do concurso do ano passado.&#8221;<\/p>\n\n\n\n<p>Ele lembrou que a Uni\u00e3o estabeleceu a suspens\u00e3o de realiza\u00e7\u00e3o de concurso &#8220;at\u00e9 dezembro de 2021 para que os estados pudessem receber aux\u00edlio do Governo Federal.&#8221; Por isso, est\u00e1 sendo avaliada a possibilidade de contrata\u00e7\u00e3o de 500 aprovados no concurso do ano passado.<\/p>\n\n\n\n<p>&#8220;Estamos analisando essa possibilidade. Como o concurso vence em dezembro deste ano, antes disso devemos analisar.&#8221; A inten\u00e7\u00e3o, segundo o governador, \u00e9 preencher espa\u00e7os que t\u00eam falta de alguns professores ainda.<\/p>\n","protected":false},"excerpt":{"rendered":"<p>O governador Jo\u00e3o Azev\u00eado confirmou a informa\u00e7\u00e3o transmitida pelo jornalista Lu\u00eds Torres no Arapuan Verdade, na semana passada. Em entrevista ao Rede Verdade, da TV&hellip; <\/p>\n","protected":false},"author":2,"featured_media":185812,"comment_status":"closed","ping_status":"closed","sticky":false,"template":"","format":"standard","meta":{"sfsi_plus_gutenberg_text_before_share":"","sfsi_plus_gutenberg_show_text_before_share":"","sfsi_plus_gutenberg_icon_type":"","sfsi_plus_gutenberg_icon_alignemt":"","sfsi_plus_gutenburg_max_per_row":"","footnotes":""},"categories":[50,14],"tags":[],"class_list":["post-185811","post","type-post","status-publish","format-standard","has-post-thumbnail","hentry","category-destaque","category-educacao"],"_links":{"self":[{"href":"https:\/\/www.caririemacao.com\/1\/wp-json\/wp\/v2\/posts\/185811","targetHints":{"allow":["GET"]}}],"collection":[{"href":"https:\/\/www.caririemacao.com\/1\/wp-json\/wp\/v2\/posts"}],"about":[{"href":"https:\/\/www.caririemacao.com\/1\/wp-json\/wp\/v2\/types\/post"}],"author":[{"embeddable":true,"href":"https:\/\/www.caririemacao.com\/1\/wp-json\/wp\/v2\/users\/2"}],"replies":[{"embeddable":true,"href":"https:\/\/www.caririemacao.com\/1\/wp-json\/wp\/v2\/comments?post=185811"}],"version-history":[{"count":1,"href":"https:\/\/www.caririemacao.com\/1\/wp-json\/wp\/v2\/posts\/185811\/revisions"}],"predecessor-version":[{"id":185813,"href":"https:\/\/www.caririemacao.com\/1\/wp-json\/wp\/v2\/posts\/185811\/revisions\/185813"}],"wp:featuredmedia":[{"embeddable":true,"href":"https:\/\/www.caririemacao.com\/1\/wp-json\/wp\/v2\/media\/185812"}],"wp:attachment":[{"href":"https:\/\/www.caririemacao.com\/1\/wp-json\/wp\/v2\/media?parent=185811"}],"wp:term":[{"taxonomy":"category","embeddable":true,"href":"https:\/\/www.caririemacao.com\/1\/wp-json\/wp\/v2\/categories?post=185811"},{"taxonomy":"post_tag","embeddable":true,"href":"https:\/\/www.caririemacao.com\/1\/wp-json\/wp\/v2\/tags?post=185811"}],"curies":[{"name":"wp","href":"https:\/\/api.w.org\/{rel}","templated":true}]}}