{"id":185820,"date":"2020-08-28T07:37:12","date_gmt":"2020-08-28T10:37:12","guid":{"rendered":"https:\/\/www.caririemacao.com\/1\/?p=185820"},"modified":"2020-08-28T07:37:12","modified_gmt":"2020-08-28T10:37:12","slug":"relator-de-acao-contra-ricardo-coutinho-no-tse-pede-inelegibilidade-do-ex-governador-por-oito-anos","status":"publish","type":"post","link":"https:\/\/www.caririemacao.com\/1\/2020\/08\/28\/relator-de-acao-contra-ricardo-coutinho-no-tse-pede-inelegibilidade-do-ex-governador-por-oito-anos\/","title":{"rendered":"Relator de a\u00e7\u00e3o contra Ricardo Coutinho no TSE pede inelegibilidade do ex-governador por oito anos"},"content":{"rendered":"\n<h1 class=\"wp-block-heading\"><\/h1>\n\n\n\n<p>O relator da A\u00e7\u00e3o de Investiga\u00e7\u00e3o da Justi\u00e7a Eleitoral (Aije) movida pela Coliga\u00e7\u00e3o &#8221;A Vontade do Povo&#8221; contra o ex-governador da Para\u00edba Ricardo Coutinho, Og Fernandes, pediu a inelegibilidade de Ricardo por oito anos, contados a partir da elei\u00e7\u00e3o de 2014.<\/p>\n\n\n\n<p>Tamb\u00e9m foi admitida pelo relator a inelegibilidade, pelo mesmo per\u00edodo, de Renato Costa Feliciano, Ant\u00f4nio Eduardo Balbino e T\u00e1rcio Rodrigues.<\/p>\n\n\n\n<p>A a\u00e7\u00e3o aponta abuso de poder no uso do Programa Empreender com objetivos eleitoreiros na campanha para reelei\u00e7\u00e3o de Ricardo Coutinho em 2014. A vice-governadora L\u00edgia Feliciano, que tamb\u00e9m foi citada na a\u00e7\u00e3o, foi inocentada porque n\u00e3o possu\u00eda cargo p\u00fablico na \u00e9poca, n\u00e3o tendo meios portanto, para interferir no pleito.<\/p>\n","protected":false},"excerpt":{"rendered":"<p>O relator da A\u00e7\u00e3o de Investiga\u00e7\u00e3o da Justi\u00e7a Eleitoral (Aije) movida pela Coliga\u00e7\u00e3o &#8221;A Vontade do Povo&#8221; contra o ex-governador da Para\u00edba Ricardo Coutinho, Og&hellip; <\/p>\n","protected":false},"author":2,"featured_media":185821,"comment_status":"closed","ping_status":"closed","sticky":false,"template":"","format":"standard","meta":{"sfsi_plus_gutenberg_text_before_share":"","sfsi_plus_gutenberg_show_text_before_share":"","sfsi_plus_gutenberg_icon_type":"","sfsi_plus_gutenberg_icon_alignemt":"","sfsi_plus_gutenburg_max_per_row":"","footnotes":""},"categories":[2],"tags":[],"class_list":["post-185820","post","type-post","status-publish","format-standard","has-post-thumbnail","hentry","category-geral"],"_links":{"self":[{"href":"https:\/\/www.caririemacao.com\/1\/wp-json\/wp\/v2\/posts\/185820","targetHints":{"allow":["GET"]}}],"collection":[{"href":"https:\/\/www.caririemacao.com\/1\/wp-json\/wp\/v2\/posts"}],"about":[{"href":"https:\/\/www.caririemacao.com\/1\/wp-json\/wp\/v2\/types\/post"}],"author":[{"embeddable":true,"href":"https:\/\/www.caririemacao.com\/1\/wp-json\/wp\/v2\/users\/2"}],"replies":[{"embeddable":true,"href":"https:\/\/www.caririemacao.com\/1\/wp-json\/wp\/v2\/comments?post=185820"}],"version-history":[{"count":1,"href":"https:\/\/www.caririemacao.com\/1\/wp-json\/wp\/v2\/posts\/185820\/revisions"}],"predecessor-version":[{"id":185822,"href":"https:\/\/www.caririemacao.com\/1\/wp-json\/wp\/v2\/posts\/185820\/revisions\/185822"}],"wp:featuredmedia":[{"embeddable":true,"href":"https:\/\/www.caririemacao.com\/1\/wp-json\/wp\/v2\/media\/185821"}],"wp:attachment":[{"href":"https:\/\/www.caririemacao.com\/1\/wp-json\/wp\/v2\/media?parent=185820"}],"wp:term":[{"taxonomy":"category","embeddable":true,"href":"https:\/\/www.caririemacao.com\/1\/wp-json\/wp\/v2\/categories?post=185820"},{"taxonomy":"post_tag","embeddable":true,"href":"https:\/\/www.caririemacao.com\/1\/wp-json\/wp\/v2\/tags?post=185820"}],"curies":[{"name":"wp","href":"https:\/\/api.w.org\/{rel}","templated":true}]}}