{"id":185824,"date":"2020-08-28T07:48:14","date_gmt":"2020-08-28T10:48:14","guid":{"rendered":"https:\/\/www.caririemacao.com\/1\/?p=185824"},"modified":"2020-08-28T07:48:14","modified_gmt":"2020-08-28T10:48:14","slug":"em-reuniao-com-bronca-publica-em-auxiliar-pazuello-diz-que-nao-existe-fim-no-coronavirus","status":"publish","type":"post","link":"https:\/\/www.caririemacao.com\/1\/2020\/08\/28\/em-reuniao-com-bronca-publica-em-auxiliar-pazuello-diz-que-nao-existe-fim-no-coronavirus\/","title":{"rendered":"Em reuni\u00e3o com bronca p\u00fablica em auxiliar, Pazuello diz que &#8216;n\u00e3o existe fim no coronav\u00edrus&#8217;"},"content":{"rendered":"\n<h1 class=\"wp-block-heading\"><\/h1>\n\n\n\n<p>&#8220;N\u00e3o existe fim no coronav\u00edrus. O coronav\u00edrus vai continuar conosco, mas como outros v\u00edrus com que n\u00f3s vivemos&#8221;, disse.<\/p>\n\n\n\n<p>&#8220;A vacina vai acabar com o coronav\u00edrus? N\u00e3o, n\u00e3o vai acabar, vamos conviver com o v\u00edrus e ter campanhas de vacina\u00e7\u00e3o, como para o H1N1. Tamb\u00e9m vamos ter h\u00e1bitos novos, como uso de m\u00e1scara e os afastamentos sociais necess\u00e1rios em alguns casos. \u00c9 bom come\u00e7armos a colocar essas ideias de forma muito clara. \u00c9 uma nova normalidade.&#8221;<br>Para o ministro, por\u00e9m, o impacto deve ser menor porque o pa\u00eds &#8220;aprendeu a lidar com a Covid&#8221;.<\/p>\n\n\n\n<p>A declara\u00e7\u00e3o ocorreu em reuni\u00e3o com secret\u00e1rios estaduais e municipais de sa\u00fade.<\/p>\n\n\n\n<p>No encontro, o ministro tamb\u00e9m deu uma bronca p\u00fablica em um diretor que apresentava o cen\u00e1rio da epidemia no pa\u00eds e cobrou que seja feita ressalva por regi\u00f5es ao apresentar os dados.<\/p>\n\n\n\n<p>A cobran\u00e7a ocorreu logo ap\u00f3s o diretor de vigil\u00e2ncia, Eduardo Mac\u00e1rio, iniciar a apresenta\u00e7\u00e3o com os n\u00fameros nacionais e dizer que o pa\u00eds vive uma tend\u00eancia de estabilidade que aponta para uma redu\u00e7\u00e3o de casos. Atualmente, o pa\u00eds soma mais de 3,7 milh\u00f5es de casos confirmados, com 117.665 mortes.<\/p>\n\n\n\n<p>A afirma\u00e7\u00e3o sobre a tend\u00eancia nacional irritou o ministro, que citou a queda no Norte e Nordeste.<\/p>\n\n\n\n<p>&#8220;\u00c9 muito importante que voc\u00ea ressalte que o Brasil n\u00e3o pode ser visto da forma como voc\u00ea apresentou aqui&#8221;, disse. O diretor, no entanto, ainda come\u00e7ava a apresentar os dados.<\/p>\n\n\n\n<p>Para Pazuello, o Brasil \u00e9 um pa\u00eds com regi\u00f5es &#8220;claramente definidas&#8221; com rela\u00e7\u00e3o \u00e0 contamina\u00e7\u00e3o e curva de \u00f3bitos, com algumas &#8220;exce\u00e7\u00f5es&#8221;. &#8220;O que est\u00e1 impactando essa curva [nacional] \u00e9 o Sul do pa\u00eds, Sudeste e Centro-Oeste&#8221;, afirmou. &#8220;Porque o Norte e Nordeste \u00e9 completamente diferente.&#8221;<\/p>\n\n\n\n<p>&#8220;Se voc\u00ea coloca isso dessa forma para o Brasil inteiro ouvir, parece que o Brasil inteiro est\u00e1 assim. E n\u00e3o est\u00e1 assim&#8221;, disse. &#8220;Sen\u00e3o voc\u00ea joga uma informa\u00e7\u00e3o como joga a m\u00eddia, e a dona Maria em Bel\u00e9m, onde n\u00e3o tem mais \u00f3bito nenhum acontecendo l\u00e1, n\u00e3o vai no m\u00e9dico com medo de contaminar, com medo de morrer, e vai morrer de c\u00e2ncer.&#8221;<\/p>\n\n\n\n<p>A imprensa, no entanto, tamb\u00e9m apresenta dados regionais. An\u00e1lises de especialistas tamb\u00e9m t\u00eam apontado que o Brasil pode apresentar varia\u00e7\u00f5es dentro de algumas regi\u00f5es.<\/p>\n\n\n\n<p>Desde o in\u00edcio de junho, ve\u00edculos de imprensa mant\u00eam um cons\u00f3rcio para divulga\u00e7\u00e3o dos dados da Covid-19. A medida ocorreu ap\u00f3s o Minist\u00e9rio da Sa\u00fade atrasar a divulga\u00e7\u00e3o dos n\u00fameros e deixar de informar dados do total de casos confirmados e mortes pela doen\u00e7a. A pasta recuou em seguida.<\/p>\n\n\n\n<p>Essa n\u00e3o foi a primeira vez que o ministro deu bronca p\u00fablica na equipe. Em julho, Pazuello j\u00e1 havia cobrado &#8220;ressalvas regionais&#8221; ao divulgar os dados.<\/p>\n\n\n\n<p>A mesma cobran\u00e7a ocorreu no momento da apresenta\u00e7\u00e3o do n\u00famero de mortes.<\/p>\n\n\n\n<p>O ministro atribuiu o aumento recente na m\u00e9dia di\u00e1ria de mortes \u00e0 mudan\u00e7a no modelo de diagn\u00f3stico, a qual permitiu a possibilidade de que a confirma\u00e7\u00e3o ocorra tamb\u00e9m ap\u00f3s avalia\u00e7\u00e3o cl\u00ednica e de exames de imagem, e n\u00e3o apenas com testes.<\/p>\n","protected":false},"excerpt":{"rendered":"<p>&#8220;N\u00e3o existe fim no coronav\u00edrus. O coronav\u00edrus vai continuar conosco, mas como outros v\u00edrus com que n\u00f3s vivemos&#8221;, disse. &#8220;A vacina vai acabar com o&hellip; <\/p>\n","protected":false},"author":2,"featured_media":185825,"comment_status":"closed","ping_status":"closed","sticky":false,"template":"","format":"standard","meta":{"sfsi_plus_gutenberg_text_before_share":"","sfsi_plus_gutenberg_show_text_before_share":"","sfsi_plus_gutenberg_icon_type":"","sfsi_plus_gutenberg_icon_alignemt":"","sfsi_plus_gutenburg_max_per_row":"","footnotes":""},"categories":[50,2],"tags":[],"class_list":["post-185824","post","type-post","status-publish","format-standard","has-post-thumbnail","hentry","category-destaque","category-geral"],"_links":{"self":[{"href":"https:\/\/www.caririemacao.com\/1\/wp-json\/wp\/v2\/posts\/185824","targetHints":{"allow":["GET"]}}],"collection":[{"href":"https:\/\/www.caririemacao.com\/1\/wp-json\/wp\/v2\/posts"}],"about":[{"href":"https:\/\/www.caririemacao.com\/1\/wp-json\/wp\/v2\/types\/post"}],"author":[{"embeddable":true,"href":"https:\/\/www.caririemacao.com\/1\/wp-json\/wp\/v2\/users\/2"}],"replies":[{"embeddable":true,"href":"https:\/\/www.caririemacao.com\/1\/wp-json\/wp\/v2\/comments?post=185824"}],"version-history":[{"count":1,"href":"https:\/\/www.caririemacao.com\/1\/wp-json\/wp\/v2\/posts\/185824\/revisions"}],"predecessor-version":[{"id":185826,"href":"https:\/\/www.caririemacao.com\/1\/wp-json\/wp\/v2\/posts\/185824\/revisions\/185826"}],"wp:featuredmedia":[{"embeddable":true,"href":"https:\/\/www.caririemacao.com\/1\/wp-json\/wp\/v2\/media\/185825"}],"wp:attachment":[{"href":"https:\/\/www.caririemacao.com\/1\/wp-json\/wp\/v2\/media?parent=185824"}],"wp:term":[{"taxonomy":"category","embeddable":true,"href":"https:\/\/www.caririemacao.com\/1\/wp-json\/wp\/v2\/categories?post=185824"},{"taxonomy":"post_tag","embeddable":true,"href":"https:\/\/www.caririemacao.com\/1\/wp-json\/wp\/v2\/tags?post=185824"}],"curies":[{"name":"wp","href":"https:\/\/api.w.org\/{rel}","templated":true}]}}