{"id":185843,"date":"2020-08-28T08:20:59","date_gmt":"2020-08-28T11:20:59","guid":{"rendered":"https:\/\/www.caririemacao.com\/1\/?p=185843"},"modified":"2020-08-28T08:20:59","modified_gmt":"2020-08-28T11:20:59","slug":"acordo-entre-mercosul-e-uniao-europeia-parece-que-comeca-a-fazer-agua-diz-mourao","status":"publish","type":"post","link":"https:\/\/www.caririemacao.com\/1\/2020\/08\/28\/acordo-entre-mercosul-e-uniao-europeia-parece-que-comeca-a-fazer-agua-diz-mourao\/","title":{"rendered":"Acordo entre Mercosul e Uni\u00e3o Europeia parece que come\u00e7a a &#8216;fazer \u00e1gua&#8217;, diz Mour\u00e3o"},"content":{"rendered":"\n<h1 class=\"wp-block-heading\"><\/h1>\n\n\n\n<p>Em live promovida por associa\u00e7\u00f5es comerciais, o general da reserva enfatizou os problemas enfrentados pela Argentina, como o aumento de casos de coronav\u00edrus e a dificuldade em renegociar a sua d\u00edvida externa com credores estrangeiros.<\/p>\n\n\n\n<p>Al\u00e9m disso, o militar lembrou que, em meio \u00e0 crise sanit\u00e1ria, a Argentina travou a renova\u00e7\u00e3o das licen\u00e7as de importa\u00e7\u00e3o de produtos manufaturados brasileiros. Segundo ele, o Brasil tem hoje US$ 100 milh\u00f5es em valores de ve\u00edculos automotores parados, \u00e0 espera da autoriza\u00e7\u00e3o.<\/p>\n\n\n\n<p>&#8220;Esses problemas se apresentam neste momento em que o grande esfor\u00e7o que foi feito, no ano passado, na articula\u00e7\u00e3o do acordo entre Mercosul e Uni\u00e3o Europeia parece que come\u00e7a a fazer \u00e1gua.Realmente, temos de ter uma equipe em condi\u00e7\u00f5es de negociar permanentemente n\u00e3o s\u00f3 com nossos parceiros do Mercosul, mas tamb\u00e9m com a Uni\u00e3o Europeia&#8221;, disse.<\/p>\n\n\n\n<p>A Argentina tem retardado a emiss\u00e3o das chamadas licen\u00e7as n\u00e3o autom\u00e1ticas. As regras da OMC (Organiza\u00e7\u00e3o Mundial de Com\u00e9rcio) estabelecem um prazo m\u00e1ximo de 60 dias para que a autoriza\u00e7\u00e3o seja processada.<\/p>\n\n\n\n<p>&#8220;N\u00f3s temos 90 dias sem ter as licen\u00e7as renovadas&#8221;, disse o vice-presidente. &#8220;O prazo deveria ser de 10 dias, mas estamos h\u00e1 90 dias&#8221;, acrescentou.<\/p>\n\n\n\n<p>O acordo de livre com\u00e9rcio entre Mercosul e Uni\u00e3o Europeia foi assinado no ano passado, mas para ser validado ainda deve ser ratificado por todos os parlamentos nacionais.<\/p>\n\n\n\n<p>Na semana passada, a chanceler alem\u00e3 Angela Merkel disse, pela primeira vez, ter &#8220;s\u00e9rias d\u00favidas&#8221; sobre o futuro do acordo comercial diante do avan\u00e7o do desmatamento e queimadas na floresta amaz\u00f4nica.<\/p>\n\n\n\n<p>Na live, Mour\u00e3o disse que a imagem externa do Brasil est\u00e1 abalada por &#8220;alguns preconceitos&#8221; em rela\u00e7\u00e3o ao pa\u00eds e defendeu a necessidade de &#8220;desmistificar&#8221; o debate sobre a regi\u00e3o.<\/p>\n\n\n\n<p>O general defendeu que, diante do cen\u00e1rio de pandemia, \u00e9 o momento do Brasil se posicionar de maneira positiva nas novas cadeias de com\u00e9rcio mundiais.<\/p>\n\n\n\n<p>&#8220;N\u00f3s temos de dialogar com todos os parceiros econ\u00f4micos, independentemente de orienta\u00e7\u00e3o ideol\u00f3gica&#8221;, disse. &#8220;Sem preconceitos. A \u00fanica preocupa\u00e7\u00e3o que devemos ter \u00e9 de n\u00e3o prejudicar nosso pa\u00eds e nossa popula\u00e7\u00e3o&#8221;, acrescentou.<\/p>\n\n\n\n<p>O vice-presidente tamb\u00e9m afirmou que, em decorr\u00eancia da pandemia, a d\u00edvida brasileira deve terminar este ano em um percentual de 95% do PIB (Produto Interno Bruto) e que dificilmente ser\u00e1 poss\u00edvel manter incentivos fiscais oferecidos durante o estado de emerg\u00eancia.<\/p>\n\n\n\n<p>&#8220;Eu vejo pouco espa\u00e7o fiscal para que os mesmos incentivos de agora sejam mantidos para frente, at\u00e9 pelas exig\u00eancias que temos, como o teto de gastos e a regra de ouro&#8221;, disse.<\/p>\n","protected":false},"excerpt":{"rendered":"<p>Em live promovida por associa\u00e7\u00f5es comerciais, o general da reserva enfatizou os problemas enfrentados pela Argentina, como o aumento de casos de coronav\u00edrus e a&hellip; <\/p>\n","protected":false},"author":2,"featured_media":185844,"comment_status":"closed","ping_status":"closed","sticky":false,"template":"","format":"standard","meta":{"sfsi_plus_gutenberg_text_before_share":"","sfsi_plus_gutenberg_show_text_before_share":"","sfsi_plus_gutenberg_icon_type":"","sfsi_plus_gutenberg_icon_alignemt":"","sfsi_plus_gutenburg_max_per_row":"","footnotes":""},"categories":[50,2],"tags":[],"class_list":["post-185843","post","type-post","status-publish","format-standard","has-post-thumbnail","hentry","category-destaque","category-geral"],"_links":{"self":[{"href":"https:\/\/www.caririemacao.com\/1\/wp-json\/wp\/v2\/posts\/185843","targetHints":{"allow":["GET"]}}],"collection":[{"href":"https:\/\/www.caririemacao.com\/1\/wp-json\/wp\/v2\/posts"}],"about":[{"href":"https:\/\/www.caririemacao.com\/1\/wp-json\/wp\/v2\/types\/post"}],"author":[{"embeddable":true,"href":"https:\/\/www.caririemacao.com\/1\/wp-json\/wp\/v2\/users\/2"}],"replies":[{"embeddable":true,"href":"https:\/\/www.caririemacao.com\/1\/wp-json\/wp\/v2\/comments?post=185843"}],"version-history":[{"count":1,"href":"https:\/\/www.caririemacao.com\/1\/wp-json\/wp\/v2\/posts\/185843\/revisions"}],"predecessor-version":[{"id":185845,"href":"https:\/\/www.caririemacao.com\/1\/wp-json\/wp\/v2\/posts\/185843\/revisions\/185845"}],"wp:featuredmedia":[{"embeddable":true,"href":"https:\/\/www.caririemacao.com\/1\/wp-json\/wp\/v2\/media\/185844"}],"wp:attachment":[{"href":"https:\/\/www.caririemacao.com\/1\/wp-json\/wp\/v2\/media?parent=185843"}],"wp:term":[{"taxonomy":"category","embeddable":true,"href":"https:\/\/www.caririemacao.com\/1\/wp-json\/wp\/v2\/categories?post=185843"},{"taxonomy":"post_tag","embeddable":true,"href":"https:\/\/www.caririemacao.com\/1\/wp-json\/wp\/v2\/tags?post=185843"}],"curies":[{"name":"wp","href":"https:\/\/api.w.org\/{rel}","templated":true}]}}