{"id":185847,"date":"2020-08-28T08:24:49","date_gmt":"2020-08-28T11:24:49","guid":{"rendered":"https:\/\/www.caririemacao.com\/1\/?p=185847"},"modified":"2020-08-28T08:24:49","modified_gmt":"2020-08-28T11:24:49","slug":"rosa-weber-suspende-queixa-crime-de-dilma-contra-bolsonaro","status":"publish","type":"post","link":"https:\/\/www.caririemacao.com\/1\/2020\/08\/28\/rosa-weber-suspende-queixa-crime-de-dilma-contra-bolsonaro\/","title":{"rendered":"Rosa Weber suspende queixa-crime de Dilma contra Bolsonaro"},"content":{"rendered":"\n<h3 class=\"wp-block-heading\"><\/h3>\n\n\n\n<hr class=\"wp-block-separator\"\/>\n\n\n\n<p>A ministra do&nbsp;<a href=\"https:\/\/wscom.com.br\/pgr-defende-que-stf-rejeite-recurso-e-mantenha-foro-privilegiado-de-flavio-bolsonaro-no-caso-das-rachadinhas\/\" target=\"_blank\" rel=\"noreferrer noopener\">Supremo Tribunal Federal<\/a>&nbsp;Rosa Weber suspendeu nesta quinta-feira (27) uma queixa-crime da ex-presidente Dilma Rousseff contra Jair Bolsonaro por inj\u00faria. Segundo informa\u00e7\u00f5es do site O Antagonista, ela baseou-se uma regra conhecida como imunidade presidencial tempor\u00e1ria, que estabelece que o presidente n\u00e3o pode ser responsabilizado por fatos ocorridos antes de ele assumir o cargo.<\/p>\n\n\n\n<p>A queixa-crime diz respeito \u00e0s fake news disparadas por Jair Bolsonaro, que declarou participa\u00e7\u00e3o da ex-presidente Dilma Rousseff em a\u00e7\u00f5es armadas durante o per\u00edodo da ditadura militar que teriam resultado na morte do capit\u00e3o do Ex\u00e9rcito dos Estados Unidos Charles Chandler<\/p>\n","protected":false},"excerpt":{"rendered":"<p>A ministra do&nbsp;Supremo Tribunal Federal&nbsp;Rosa Weber suspendeu nesta quinta-feira (27) uma queixa-crime da ex-presidente Dilma Rousseff contra Jair Bolsonaro por inj\u00faria. Segundo informa\u00e7\u00f5es do site&hellip; <\/p>\n","protected":false},"author":2,"featured_media":185848,"comment_status":"closed","ping_status":"closed","sticky":false,"template":"","format":"standard","meta":{"sfsi_plus_gutenberg_text_before_share":"","sfsi_plus_gutenberg_show_text_before_share":"","sfsi_plus_gutenberg_icon_type":"","sfsi_plus_gutenberg_icon_alignemt":"","sfsi_plus_gutenburg_max_per_row":"","footnotes":""},"categories":[50,2],"tags":[],"class_list":["post-185847","post","type-post","status-publish","format-standard","has-post-thumbnail","hentry","category-destaque","category-geral"],"_links":{"self":[{"href":"https:\/\/www.caririemacao.com\/1\/wp-json\/wp\/v2\/posts\/185847","targetHints":{"allow":["GET"]}}],"collection":[{"href":"https:\/\/www.caririemacao.com\/1\/wp-json\/wp\/v2\/posts"}],"about":[{"href":"https:\/\/www.caririemacao.com\/1\/wp-json\/wp\/v2\/types\/post"}],"author":[{"embeddable":true,"href":"https:\/\/www.caririemacao.com\/1\/wp-json\/wp\/v2\/users\/2"}],"replies":[{"embeddable":true,"href":"https:\/\/www.caririemacao.com\/1\/wp-json\/wp\/v2\/comments?post=185847"}],"version-history":[{"count":1,"href":"https:\/\/www.caririemacao.com\/1\/wp-json\/wp\/v2\/posts\/185847\/revisions"}],"predecessor-version":[{"id":185849,"href":"https:\/\/www.caririemacao.com\/1\/wp-json\/wp\/v2\/posts\/185847\/revisions\/185849"}],"wp:featuredmedia":[{"embeddable":true,"href":"https:\/\/www.caririemacao.com\/1\/wp-json\/wp\/v2\/media\/185848"}],"wp:attachment":[{"href":"https:\/\/www.caririemacao.com\/1\/wp-json\/wp\/v2\/media?parent=185847"}],"wp:term":[{"taxonomy":"category","embeddable":true,"href":"https:\/\/www.caririemacao.com\/1\/wp-json\/wp\/v2\/categories?post=185847"},{"taxonomy":"post_tag","embeddable":true,"href":"https:\/\/www.caririemacao.com\/1\/wp-json\/wp\/v2\/tags?post=185847"}],"curies":[{"name":"wp","href":"https:\/\/api.w.org\/{rel}","templated":true}]}}