{"id":185854,"date":"2020-08-28T08:29:13","date_gmt":"2020-08-28T11:29:13","guid":{"rendered":"https:\/\/www.caririemacao.com\/1\/?p=185854"},"modified":"2020-08-28T08:29:13","modified_gmt":"2020-08-28T11:29:13","slug":"fhc-diz-nao-ver-organizacao-de-corrupcao-no-governo-bolsonaro","status":"publish","type":"post","link":"https:\/\/www.caririemacao.com\/1\/2020\/08\/28\/fhc-diz-nao-ver-organizacao-de-corrupcao-no-governo-bolsonaro\/","title":{"rendered":"FHC diz n\u00e3o ver \u201corganiza\u00e7\u00e3o de corrup\u00e7\u00e3o\u201d no governo Bolsonaro"},"content":{"rendered":"\n<h3 class=\"wp-block-heading\"><\/h3>\n\n\n\n<hr class=\"wp-block-separator\"\/>\n\n\n\n<p>O ex-presidente&nbsp;<a href=\"https:\/\/wscom.com.br\/lula-fhc-sempre-soube-que-haddad-e-um-homem-de-bem-mas-preferiu-bolsonaro\/\" target=\"_blank\" rel=\"noreferrer noopener\">Fernando Henrique Cardoso<\/a>&nbsp;disse n\u00e3o ver a configura\u00e7\u00e3o de \u201corganiza\u00e7\u00e3o criminosa\u201d na configura\u00e7\u00e3o do atual governo, de Jair Bolsonaro. As declara\u00e7\u00f5es foram feitas em entrevista ao jornalista Guilherme Amado, colunista da Revista \u00c9poca.<\/p>\n\n\n\n<p>\u201cNo governo atual, n\u00e3o vejo uma organiza\u00e7\u00e3o de corrup\u00e7\u00e3o. N\u00e3o vejo. Filho \u00e9 prato preferido da imprensa. Tem que ir devagar com isso\u201d, afirmou FHC.<\/p>\n\n\n\n<p>O tucano disse ver como \u201cmuito ruim\u201d e \u201cnegativo\u201d o epis\u00f3dio em que Bolsonaro atacou jornalistas. \u201cUm presidente deve pensar antes de falar\u201d, acrescentou.<\/p>\n\n\n\n<p>\u201cQuando ele era deputado, ele queria me fuzilar, n\u00e3o sei por qu\u00ea. Tamb\u00e9m n\u00e3o levei a s\u00e9rio, mas agora ele \u00e9 presidente\u201d, disse ainda. Para ele, \u201c\u00e9 fun\u00e7\u00e3o do rep\u00f3rter ser impertinente\u201d.<\/p>\n\n\n\n<p>Ao comentar as elei\u00e7\u00f5es, FHC avaliou que \u201c\u00e9 preciso juntar for\u00e7as, sen\u00e3o, ele [Bolsonaro] ganha\u201d.<\/p>\n\n\n\n<p>E afirmou que n\u00e3o se sente \u201ccompelido a apoiar algu\u00e9m do PSDB nas circunst\u00e2ncias atuais\u201d. \u201cMe sinto compelido a apoiar algu\u00e9m que seja democrata e tenha condi\u00e7\u00e3o de ganhar do Bolsonaro\u201d, completou.<\/p>\n","protected":false},"excerpt":{"rendered":"<p>O ex-presidente&nbsp;Fernando Henrique Cardoso&nbsp;disse n\u00e3o ver a configura\u00e7\u00e3o de \u201corganiza\u00e7\u00e3o criminosa\u201d na configura\u00e7\u00e3o do atual governo, de Jair Bolsonaro. As declara\u00e7\u00f5es foram feitas em entrevista&hellip; <\/p>\n","protected":false},"author":2,"featured_media":185855,"comment_status":"closed","ping_status":"closed","sticky":false,"template":"","format":"standard","meta":{"sfsi_plus_gutenberg_text_before_share":"","sfsi_plus_gutenberg_show_text_before_share":"","sfsi_plus_gutenberg_icon_type":"","sfsi_plus_gutenberg_icon_alignemt":"","sfsi_plus_gutenburg_max_per_row":"","footnotes":""},"categories":[50,2],"tags":[],"class_list":["post-185854","post","type-post","status-publish","format-standard","has-post-thumbnail","hentry","category-destaque","category-geral"],"_links":{"self":[{"href":"https:\/\/www.caririemacao.com\/1\/wp-json\/wp\/v2\/posts\/185854","targetHints":{"allow":["GET"]}}],"collection":[{"href":"https:\/\/www.caririemacao.com\/1\/wp-json\/wp\/v2\/posts"}],"about":[{"href":"https:\/\/www.caririemacao.com\/1\/wp-json\/wp\/v2\/types\/post"}],"author":[{"embeddable":true,"href":"https:\/\/www.caririemacao.com\/1\/wp-json\/wp\/v2\/users\/2"}],"replies":[{"embeddable":true,"href":"https:\/\/www.caririemacao.com\/1\/wp-json\/wp\/v2\/comments?post=185854"}],"version-history":[{"count":1,"href":"https:\/\/www.caririemacao.com\/1\/wp-json\/wp\/v2\/posts\/185854\/revisions"}],"predecessor-version":[{"id":185856,"href":"https:\/\/www.caririemacao.com\/1\/wp-json\/wp\/v2\/posts\/185854\/revisions\/185856"}],"wp:featuredmedia":[{"embeddable":true,"href":"https:\/\/www.caririemacao.com\/1\/wp-json\/wp\/v2\/media\/185855"}],"wp:attachment":[{"href":"https:\/\/www.caririemacao.com\/1\/wp-json\/wp\/v2\/media?parent=185854"}],"wp:term":[{"taxonomy":"category","embeddable":true,"href":"https:\/\/www.caririemacao.com\/1\/wp-json\/wp\/v2\/categories?post=185854"},{"taxonomy":"post_tag","embeddable":true,"href":"https:\/\/www.caririemacao.com\/1\/wp-json\/wp\/v2\/tags?post=185854"}],"curies":[{"name":"wp","href":"https:\/\/api.w.org\/{rel}","templated":true}]}}