{"id":185858,"date":"2020-08-28T08:38:57","date_gmt":"2020-08-28T11:38:57","guid":{"rendered":"https:\/\/www.caririemacao.com\/1\/?p=185858"},"modified":"2020-08-28T08:38:57","modified_gmt":"2020-08-28T11:38:57","slug":"assassinatos-de-negros-aumentam-11-em-dez-anos-e-de-nao-negros-caem-12","status":"publish","type":"post","link":"https:\/\/www.caririemacao.com\/1\/2020\/08\/28\/assassinatos-de-negros-aumentam-11-em-dez-anos-e-de-nao-negros-caem-12\/","title":{"rendered":"Assassinatos de negros aumentam 11% em dez anos e de n\u00e3o negros caem 12%"},"content":{"rendered":"\n<h3 class=\"wp-block-heading\"><\/h3>\n\n\n\n<hr class=\"wp-block-separator\"\/>\n\n\n\n<p><ins><\/ins><\/p>\n\n\n\n<p>A taxa de homic\u00eddios de&nbsp;<a href=\"https:\/\/wscom.com.br\/weintraub-extingue-cotas-para-negros-e-indigenas-na-pos-graduacao\/\" target=\"_blank\" rel=\"noreferrer noopener\"><strong>negros<\/strong>&nbsp;<\/a>no Brasil aumentou de 34 para 37,8 por 100 mil habitantes entre 2008 e 2018, o que representa alta de 11,5% no per\u00edodo. Os dados foram divulgados pelo Atlas da Viol\u00eancia 2020, nesta quinta-feira (27). Os assassinatos entre os n\u00e3o negros diminu\u00edram de 12,9% (de uma taxa de 15,9 para 13,9 mortes para cada grupo de 100 mil habitantes).<\/p>\n\n\n\n<p>O Atlas da Viol\u00eancia \u00e9 elaborado por meio de parceria entre o F\u00f3rum Brasileiro de Seguran\u00e7a P\u00fablica (FBSP) e o Instituto de Econ\u00f4mica Aplicada (Ipea). Temcomo base de dados os n\u00fameros apresentados pelo Sistema de Informa\u00e7\u00e3o sobre Mortalidade, do Minist\u00e9rio da Sa\u00fade.<\/p>\n\n\n\n<p>De acordo com o atlas, o descompasso entre as taxas de homic\u00eddio dos dois grupos quer dizer que, na pr\u00e1tica, para cada indiv\u00edduo n\u00e3o negro morto em 2018, 2,7 negros foram mortos.<\/p>\n","protected":false},"excerpt":{"rendered":"<p>A taxa de homic\u00eddios de&nbsp;negros&nbsp;no Brasil aumentou de 34 para 37,8 por 100 mil habitantes entre 2008 e 2018, o que representa alta de 11,5%&hellip; <\/p>\n","protected":false},"author":2,"featured_media":185859,"comment_status":"closed","ping_status":"closed","sticky":false,"template":"","format":"standard","meta":{"sfsi_plus_gutenberg_text_before_share":"","sfsi_plus_gutenberg_show_text_before_share":"","sfsi_plus_gutenberg_icon_type":"","sfsi_plus_gutenberg_icon_alignemt":"","sfsi_plus_gutenburg_max_per_row":"","footnotes":""},"categories":[2],"tags":[],"class_list":["post-185858","post","type-post","status-publish","format-standard","has-post-thumbnail","hentry","category-geral"],"_links":{"self":[{"href":"https:\/\/www.caririemacao.com\/1\/wp-json\/wp\/v2\/posts\/185858","targetHints":{"allow":["GET"]}}],"collection":[{"href":"https:\/\/www.caririemacao.com\/1\/wp-json\/wp\/v2\/posts"}],"about":[{"href":"https:\/\/www.caririemacao.com\/1\/wp-json\/wp\/v2\/types\/post"}],"author":[{"embeddable":true,"href":"https:\/\/www.caririemacao.com\/1\/wp-json\/wp\/v2\/users\/2"}],"replies":[{"embeddable":true,"href":"https:\/\/www.caririemacao.com\/1\/wp-json\/wp\/v2\/comments?post=185858"}],"version-history":[{"count":1,"href":"https:\/\/www.caririemacao.com\/1\/wp-json\/wp\/v2\/posts\/185858\/revisions"}],"predecessor-version":[{"id":185860,"href":"https:\/\/www.caririemacao.com\/1\/wp-json\/wp\/v2\/posts\/185858\/revisions\/185860"}],"wp:featuredmedia":[{"embeddable":true,"href":"https:\/\/www.caririemacao.com\/1\/wp-json\/wp\/v2\/media\/185859"}],"wp:attachment":[{"href":"https:\/\/www.caririemacao.com\/1\/wp-json\/wp\/v2\/media?parent=185858"}],"wp:term":[{"taxonomy":"category","embeddable":true,"href":"https:\/\/www.caririemacao.com\/1\/wp-json\/wp\/v2\/categories?post=185858"},{"taxonomy":"post_tag","embeddable":true,"href":"https:\/\/www.caririemacao.com\/1\/wp-json\/wp\/v2\/tags?post=185858"}],"curies":[{"name":"wp","href":"https:\/\/api.w.org\/{rel}","templated":true}]}}