{"id":185866,"date":"2020-08-28T08:47:43","date_gmt":"2020-08-28T11:47:43","guid":{"rendered":"https:\/\/www.caririemacao.com\/1\/?p=185866"},"modified":"2020-08-28T08:47:43","modified_gmt":"2020-08-28T11:47:43","slug":"campanha-do-dia-nacional-de-combate-ao-fumo-traz-alerta-sobre-tabagismo-e-covid-19","status":"publish","type":"post","link":"https:\/\/www.caririemacao.com\/1\/2020\/08\/28\/campanha-do-dia-nacional-de-combate-ao-fumo-traz-alerta-sobre-tabagismo-e-covid-19\/","title":{"rendered":"Campanha do Dia Nacional de Combate ao Fumo traz alerta sobre tabagismo e Covid-19"},"content":{"rendered":"\n<h1 class=\"wp-block-heading\"><\/h1>\n\n\n\n<p>O tabagismo tem papel de destaque no agravamento da pandemia de covid-19 uma vez que fumantes parecem ser mais vulner\u00e1veis \u00e0 infec\u00e7\u00e3o pelo novo coronav\u00edrus. Por esse motivo, o Instituto Nacional de C\u00e2ncer Jos\u00e9 Alencar Gomes da Silva (Inca) escolheu como mote da campanha deste ano do Dia Nacional de Combate ao Fumo (29 de agosto) o tema Tabagismo e Coronav\u00edrus.<img decoding=\"async\" data-src=\"https:\/\/agenciabrasil.ebc.com.br\/ebc.png?id=1315016&amp;o=node\" src=\"data:image\/svg+xml;base64,PHN2ZyB3aWR0aD0iMSIgaGVpZ2h0PSIxIiB4bWxucz0iaHR0cDovL3d3dy53My5vcmcvMjAwMC9zdmciPjwvc3ZnPg==\" class=\"lazyload\"><img decoding=\"async\" data-src=\"https:\/\/agenciabrasil.ebc.com.br\/ebc.gif?id=1315016&amp;o=node\" src=\"data:image\/svg+xml;base64,PHN2ZyB3aWR0aD0iMSIgaGVpZ2h0PSIxIiB4bWxucz0iaHR0cDovL3d3dy53My5vcmcvMjAwMC9zdmciPjwvc3ZnPg==\" class=\"lazyload\">A psic\u00f3loga e representante da Divis\u00e3o de Controle do Tabagismo do Inca, Vera Borges, ressaltou que as pesquisas mostram a contribui\u00e7\u00e3o do tabagismo para os casos de hipertens\u00e3o, diabetes e cardiopatias, doen\u00e7as pulmonares obstrutivas cr\u00f4nicas, acidentes vasculares cerebrais e c\u00e2ncer de pulm\u00e3o. \u201cTudo isso se agrava no momento em que o mundo vive a pandemia da covid-19\u201d, alertou.<\/p>\n\n\n\n<p>Para ela, a quest\u00e3o do tabagismo no Brasil n\u00e3o se esgota na \u00e1rea de sa\u00fade e necessita da parceria de outros minist\u00e9rios. Al\u00e9m disso, medidas legislativas e econ\u00f4micas s\u00e3o fundamentais para alcan\u00e7ar o controle do tabaco.<\/p>\n\n\n\n<p>O tabagismo \u2013 que \u00e9 fator de risco para transmiss\u00e3o do v\u00edrus e para o desenvolvimento de formas mais graves de covid-19 \u2013 tamb\u00e9m \u00e9 considerado uma pandemia pela Organiza\u00e7\u00e3o Mundial da Sa\u00fade (OMS).<\/p>\n\n\n\n<p>\u201cA epidemia global do tabaco mata mais de 8 milh\u00f5es de pessoas por ano por doen\u00e7as cr\u00f4nicas n\u00e3o transmiss\u00edveis relacionadas ao seu consumo, das quais cerca de 1,2 milh\u00e3o ocorre em n\u00e3o fumantes que morrem exatamente de doen\u00e7as relacionadas ao tabagismo passivo\u201d, explicou a&nbsp;diretora-geral do Inca, Ana Cristina Pinho.<\/p>\n\n\n\n<p>\u201cQuase 80%, mais de 1 bilh\u00e3o de fumantes em todo mundo, vivem em pa\u00edses de baixa e m\u00e9dia renda, onde o peso da doen\u00e7a e mortes relacionadas ao tabaco \u00e9 ainda maior\u201d,&nbsp; completou&nbsp;durante semin\u00e1rio virtual promovido pelo instituto hoje.<\/p>\n\n\n\n<h2 class=\"wp-block-heading\">Interfer\u00eancias<\/h2>\n\n\n\n<p>O pesquisador do Inca Andr\u00e9 Szklo destacou as interfer\u00eancias (no campo jur\u00eddico e pol\u00edtico) e as estrat\u00e9gias de marketing usadas pela ind\u00fastria do tabaco no Brasil para influenciar a sociedade.<\/p>\n\n\n\n<p>Ele citou como exemplo a lei de proibi\u00e7\u00e3o de fumo em recintos fechados, de 1996, que levou praticamente 20 anos para ser implementada em todos os munic\u00edpios. \u201cIsso n\u00e3o se deu por acaso, houve uma press\u00e3o na \u00e9poca da libera\u00e7\u00e3o da lei no ambiente pol\u00edtico\u201d, disse, acrescentando que o argumento, naquele momento, era de que seria preciso garantir os direitos iguais de quem queria ou n\u00e3o fumar nesses locais.<\/p>\n\n\n\n<p>Para Andr\u00e9 Szklo \u00e9 importante que, dentro da discuss\u00e3o da reforma tribut\u00e1ria, voltada para a simplifica\u00e7\u00e3o dos impostos, se garanta o aumento da carga tribut\u00e1ria sobre o tabaco para aumentar&nbsp;o pre\u00e7o final do cigarro.<\/p>\n\n\n\n<h3 class=\"wp-block-heading\">N\u00fameros<\/h3>\n\n\n\n<p>O representante da Organiza\u00e7\u00e3o Pan-Americana de Sa\u00fade&nbsp;(OPAS) Diogo Alves&nbsp;afirmou que ainda h\u00e1 no mundo mais de 1,3 bilh\u00e3o de pessoas que fazem uso cont\u00ednuo do tabaco. \u201cS\u00f3 no Brasil s\u00e3o mais de 22 milh\u00f5es de pessoas. \u00c9 um impacto muito forte n\u00e3o s\u00f3 para a sa\u00fade, mas tamb\u00e9m econ\u00f4mico\u201d, afirmou.<\/p>\n\n\n\n<p>\u201cTemos&nbsp;hoje&nbsp;40 milh\u00f5es de usu\u00e1rios de tabaco na faixa et\u00e1ria entre 13 a 15 anos, que s\u00e3o, justamente, o alvo da ind\u00fastria do tabaco. Por essa e outras quest\u00f5es \u00e9 t\u00e3o importante&nbsp;ter&nbsp;esse dia&nbsp;[Nacional de Combate ao Fumo]&nbsp;para trazer a conscientiza\u00e7\u00e3o para toda a popula\u00e7\u00e3o\u201d, alertou Alves.<\/p>\n","protected":false},"excerpt":{"rendered":"<p>O tabagismo tem papel de destaque no agravamento da pandemia de covid-19 uma vez que fumantes parecem ser mais vulner\u00e1veis \u00e0 infec\u00e7\u00e3o pelo novo coronav\u00edrus.&hellip; <\/p>\n","protected":false},"author":2,"featured_media":185867,"comment_status":"closed","ping_status":"closed","sticky":false,"template":"","format":"standard","meta":{"sfsi_plus_gutenberg_text_before_share":"","sfsi_plus_gutenberg_show_text_before_share":"","sfsi_plus_gutenberg_icon_type":"","sfsi_plus_gutenberg_icon_alignemt":"","sfsi_plus_gutenburg_max_per_row":"","footnotes":""},"categories":[50,2],"tags":[],"class_list":["post-185866","post","type-post","status-publish","format-standard","has-post-thumbnail","hentry","category-destaque","category-geral"],"_links":{"self":[{"href":"https:\/\/www.caririemacao.com\/1\/wp-json\/wp\/v2\/posts\/185866","targetHints":{"allow":["GET"]}}],"collection":[{"href":"https:\/\/www.caririemacao.com\/1\/wp-json\/wp\/v2\/posts"}],"about":[{"href":"https:\/\/www.caririemacao.com\/1\/wp-json\/wp\/v2\/types\/post"}],"author":[{"embeddable":true,"href":"https:\/\/www.caririemacao.com\/1\/wp-json\/wp\/v2\/users\/2"}],"replies":[{"embeddable":true,"href":"https:\/\/www.caririemacao.com\/1\/wp-json\/wp\/v2\/comments?post=185866"}],"version-history":[{"count":1,"href":"https:\/\/www.caririemacao.com\/1\/wp-json\/wp\/v2\/posts\/185866\/revisions"}],"predecessor-version":[{"id":185868,"href":"https:\/\/www.caririemacao.com\/1\/wp-json\/wp\/v2\/posts\/185866\/revisions\/185868"}],"wp:featuredmedia":[{"embeddable":true,"href":"https:\/\/www.caririemacao.com\/1\/wp-json\/wp\/v2\/media\/185867"}],"wp:attachment":[{"href":"https:\/\/www.caririemacao.com\/1\/wp-json\/wp\/v2\/media?parent=185866"}],"wp:term":[{"taxonomy":"category","embeddable":true,"href":"https:\/\/www.caririemacao.com\/1\/wp-json\/wp\/v2\/categories?post=185866"},{"taxonomy":"post_tag","embeddable":true,"href":"https:\/\/www.caririemacao.com\/1\/wp-json\/wp\/v2\/tags?post=185866"}],"curies":[{"name":"wp","href":"https:\/\/api.w.org\/{rel}","templated":true}]}}