{"id":186114,"date":"2020-08-30T13:19:03","date_gmt":"2020-08-30T16:19:03","guid":{"rendered":"https:\/\/www.caririemacao.com\/1\/?p=186114"},"modified":"2020-08-30T13:19:03","modified_gmt":"2020-08-30T16:19:03","slug":"morre-quinto-serra-branquense-vitima-da-covid-19","status":"publish","type":"post","link":"https:\/\/www.caririemacao.com\/1\/2020\/08\/30\/morre-quinto-serra-branquense-vitima-da-covid-19\/","title":{"rendered":"Morre quinto serra-branquense v\u00edtima da Covid 19"},"content":{"rendered":"\n<h1 class=\"wp-block-heading\"><\/h1>\n\n\n\n<p>Faleceu no Hospital Pedro I o serra-branquense Jo\u00e3o Ferreira da Silva, de 82 anos, morador do centro, diab\u00e9tico, hipertenso, cardiopata e obeso. O paciente deu entrada no hospital de Serra Branca j\u00e1 com quadro de cansa\u00e7o e foi transferido de imediato para o Hospital Pedro I, onde foi entubado, evoluiu para um comprometimento nos rins e veio a \u00f3bito nesta madrugada de domingo (30).<\/p>\n\n\n\n<p>Segundo informa\u00e7\u00f5es colhidas pelo portal De Olho no Cariri, o paciente deu entrada no Hospital de Serra Branca e foi isolado na ala Covid, tendo leve melhora num primeiro momento. Com sua insist\u00eancia para voltar para casa, a fam\u00edlia preferiu atender seu pedido e assinou termo de compromisso para que ele sa\u00edsse da unidade.<\/p>\n\n\n\n<p>Pouco tempo depois, ele voltou ao Hospital de Serra Branca com quadro avan\u00e7ado de dispneia e cansa\u00e7o e foi transferido para o Hospital Pedro I. L\u00e1 foi de imediato entubado, teve leve evolu\u00e7\u00e3o de melhora, mas logo percebeu-se comprometimento em seus rins chegando posteriormente a \u00f3bito.<\/p>\n\n\n\n<p>A secret\u00e1ria de sa\u00fade, Monique Dantas, lamentou a morte de seu Jos\u00e9 Ferreira e pediu a popula\u00e7\u00e3o redobrado cuidado, especialmente com os idosos e pessoas do grupo de risco. Monique ainda lembrou que todos precisam usar as m\u00e1scaras e higienizar as m\u00e3os com \u00e1lcool 70 e evitar a prolifera\u00e7\u00e3o dessa doen\u00e7a no territ\u00f3rio do munic\u00edpio.<\/p>\n\n\n\n<p><strong>De Olho no Cariri<\/strong><\/p>\n","protected":false},"excerpt":{"rendered":"<p>Faleceu no Hospital Pedro I o serra-branquense Jo\u00e3o Ferreira da Silva, de 82 anos, morador do centro, diab\u00e9tico, hipertenso, cardiopata e obeso. O paciente deu&hellip; <\/p>\n","protected":false},"author":2,"featured_media":186115,"comment_status":"closed","ping_status":"closed","sticky":false,"template":"","format":"standard","meta":{"sfsi_plus_gutenberg_text_before_share":"","sfsi_plus_gutenberg_show_text_before_share":"","sfsi_plus_gutenberg_icon_type":"","sfsi_plus_gutenberg_icon_alignemt":"","sfsi_plus_gutenburg_max_per_row":"","footnotes":""},"categories":[2],"tags":[],"class_list":["post-186114","post","type-post","status-publish","format-standard","has-post-thumbnail","hentry","category-geral"],"_links":{"self":[{"href":"https:\/\/www.caririemacao.com\/1\/wp-json\/wp\/v2\/posts\/186114","targetHints":{"allow":["GET"]}}],"collection":[{"href":"https:\/\/www.caririemacao.com\/1\/wp-json\/wp\/v2\/posts"}],"about":[{"href":"https:\/\/www.caririemacao.com\/1\/wp-json\/wp\/v2\/types\/post"}],"author":[{"embeddable":true,"href":"https:\/\/www.caririemacao.com\/1\/wp-json\/wp\/v2\/users\/2"}],"replies":[{"embeddable":true,"href":"https:\/\/www.caririemacao.com\/1\/wp-json\/wp\/v2\/comments?post=186114"}],"version-history":[{"count":1,"href":"https:\/\/www.caririemacao.com\/1\/wp-json\/wp\/v2\/posts\/186114\/revisions"}],"predecessor-version":[{"id":186116,"href":"https:\/\/www.caririemacao.com\/1\/wp-json\/wp\/v2\/posts\/186114\/revisions\/186116"}],"wp:featuredmedia":[{"embeddable":true,"href":"https:\/\/www.caririemacao.com\/1\/wp-json\/wp\/v2\/media\/186115"}],"wp:attachment":[{"href":"https:\/\/www.caririemacao.com\/1\/wp-json\/wp\/v2\/media?parent=186114"}],"wp:term":[{"taxonomy":"category","embeddable":true,"href":"https:\/\/www.caririemacao.com\/1\/wp-json\/wp\/v2\/categories?post=186114"},{"taxonomy":"post_tag","embeddable":true,"href":"https:\/\/www.caririemacao.com\/1\/wp-json\/wp\/v2\/tags?post=186114"}],"curies":[{"name":"wp","href":"https:\/\/api.w.org\/{rel}","templated":true}]}}