{"id":186119,"date":"2020-08-31T06:18:33","date_gmt":"2020-08-31T09:18:33","guid":{"rendered":"https:\/\/www.caririemacao.com\/1\/?p=186119"},"modified":"2020-08-31T06:18:33","modified_gmt":"2020-08-31T09:18:33","slug":"mascaras-ganham-cores-e-estampas-e-viram-pecas-de-moda","status":"publish","type":"post","link":"https:\/\/www.caririemacao.com\/1\/2020\/08\/31\/mascaras-ganham-cores-e-estampas-e-viram-pecas-de-moda\/","title":{"rendered":"M\u00e1scaras ganham cores e estampas e viram pe\u00e7as de moda"},"content":{"rendered":"\n<h1 class=\"wp-block-heading\"><\/h1>\n\n\n\n<p><\/p>\n\n\n\n<p>Na avalia\u00e7\u00e3o da jornalista Lilian Pacce, 58, consultora e curadora de moda, as m\u00e1scaras s\u00e3o as novas camisetas e um bom outdoor de estilo e mensagens. \u201cAl\u00e9m de se proteger, elas podem ser uma maneira de voc\u00ea se expressar\u201d, diz ela, para quem o item continuar\u00e1 sendo essencial por pelo menos mais um ano. \u201cA moda se mobilizou desde o come\u00e7o, no sentido de colaborar mesmo. E acho bacana que muitas pessoas come\u00e7aram a produzir e isso virou um neg\u00f3cio.\u201d<\/p>\n\n\n\n<p>Diversas op\u00e7\u00f5es de modelos, cores e estampas est\u00e3o a\u00ed para provar que \u00e9 poss\u00edvel manter o estilo mesmo em tempos de pandemia. O exagero nas cores e nos acess\u00f3rios \u00e9 uma marca do estilo da artista pl\u00e1stica Elisa Stecca, 54, que trabalha no segmento de joalheria e se diz apaixonada por moda. Agora, ela tenta se divertir ao integrar a m\u00e1scara ao visual.<\/p>\n\n\n\n<p>\u201cTorna um pouco mais leve esse novo h\u00e1bito. Para mim, \u00e9 legal ter diversas possibilidades. \u00c9 mais um item para voc\u00ea pensar, porque a m\u00e1scara \u00e9 tamb\u00e9m uma maneira de passar mensagens, com frases, desenhos, estampas\u201d, diz Stecca.<\/p>\n\n\n\n<p>\u201cExistem duas maneiras de usar a m\u00e1scara de uma forma estilosa. Ou voc\u00ea vai para uma linha mais \u2018clean\u2019 ou para um lado maximalista. Na minha opini\u00e3o, mais \u00e9 sempre mais\u201d, acrescenta a artista pl\u00e1stica, aos risos.<\/p>\n\n\n\n<p>Stecca resolveu investir no mercado de m\u00e1scaras e idealizou uma cole\u00e7\u00e3o personalizada de m\u00e1scaras bordadas \u00e0 m\u00e3o com uma amiga, a \u201cAsk the Mask\u201d. Ela explica que o tecido especial e de alta costura, faz com que seja o diferencial do produto. \u201cEu vejo essa dualidade, entre ter uma m\u00e1scara bastante funcional, tecnol\u00f3gica, industrial, e essa super artesanal.\u201d<\/p>\n\n\n\n<p>Assim como qualquer outro item, a m\u00e1scara ideal \u00e9 aquela que atende ao estilo de quem a usa. \u201cVoc\u00ea tem a op\u00e7\u00e3o de ficar invis\u00edvel com uma m\u00e1scara neutra ou de fazer uma afirma\u00e7\u00e3o muito individual\u201d, diz Stecca<\/p>\n\n\n\n<p>H\u00e1 tr\u00eas meses confeccionando m\u00e1scaras, a artes\u00e3 Fabiana Madeira, 47, diz que tem percebido uma mudan\u00e7a na prefer\u00eancia dos clientes. \u201cAs mais discretas est\u00e3o sendo o pedido do momento, mas tem de tudo, depende do cliente\u201d, conta. Ela avalia que o retorno gradual das atividades e do trabalho presencial t\u00eam feito com que as pessoas -mesmo aquelas que n\u00e3o s\u00e3o t\u00e3o ligadas \u00e0 moda- deem aten\u00e7\u00e3o especial \u00e0 m\u00e1scara.<\/p>\n\n\n\n<p>\u201cO pessoal est\u00e1 preferindo coisas que combinem mais com as roupas, com o dia a dia\u201d, conta Madeira. H\u00e1 cinco anos ela tem uma marca de acess\u00f3rios artesanais, a Bellaluna. Ela come\u00e7ou a fazer m\u00e1scaras para o marido e os filhos e acabou redescobrindo a paix\u00e3o pela costura.<\/p>\n\n\n\n<p>\u201cQuando vi j\u00e1 estava cheia de pedidos de amigos, familiares e conhecidos\u201d, diz a artes\u00e3, que atualmente transita entre Ribeir\u00e3o Preto, interior de S\u00e3o Paulo, e Barra do Una, litoral norte do estado. Madeira tem investido na chamada \u201cm\u00e1scara 3D\u201d, com tecido de algod\u00e3o, modelo que, segundo ela, \u00e9 o mais pedido e dos clientes.<\/p>\n\n\n\n<p>\u201c\u00c9 mais confort\u00e1vel. Tem um formato mais largo, com duas costuras no meio, que faz com que o tecido fique um pouco mais afastado do nariz e da boca. Quem usa geralmente fala que d\u00e1 para respirar melhor\u201d, afirma Madeira, que tamb\u00e9m aposta na produ\u00e7\u00e3o de m\u00e1scaras combinadas para m\u00e3e e filha, com estampas iguais, e diz que a ideia tem feito sucesso. \u201cAs m\u00e3es tamb\u00e9m podem acompanhar os pequenos, sem precisar usar estampas de bichinhos ou desenho.\u201d<\/p>\n\n\n\n<p>A banc\u00e1ria Vanessa Fosenca, 37, comprou o modelo 3D para usar com a filha, Manuela, de quatro anos, e aprovou as pe\u00e7as. \u201cFoi o \u00fanico modelo que a minha filha conseguiu colocar e retirar sozinha devido aos el\u00e1sticos ajust\u00e1veis.\u201d<\/p>\n\n\n\n<p>MODA MASCULINA<br>Engana-se quem pensa que homens n\u00e3o ligam para estilo. A artes\u00e3 Fabiana Madeira explica que os pedidos por m\u00e1scaras masculinas v\u00eam sempre acompanhados de ressalvas. \u201cEles pedem estilos mais discretos e cores escuras, como preto e azul-marinho.<\/p>\n\n\n\n<p>Essas saem bastante.\u201d<\/p>\n\n\n\n<p>Para o empreendedor e professor de marketing, Higor Felipe Batista, 33, al\u00e9m da praticidade, as pe\u00e7as discretas s\u00e3o mais f\u00e1ceis de combinar com as roupas. \u201cMesclar as roupas com as m\u00e1scaras, para mim, n\u00e3o \u00e9 um problema. A m\u00e1scara tem a fun\u00e7\u00e3o prim\u00e1ria de prote\u00e7\u00e3o da sa\u00fade, que \u00e9 o seu real objetivo. Mas, por que n\u00e3o aliar prote\u00e7\u00e3o e estilo? Uma coisa, necessariamente, n\u00e3o invalida a outra\u201d, diz Batista, que sempre gostou de se vestir bem desde pequeno.<\/p>\n\n\n\n<p>\u201cMinha m\u00e3e costuma falar que eu, apesar de muito novo, crian\u00e7a ainda, era mega exigente [risos]. Ela diz que eu me recusava a vestir o que n\u00e3o gostava. N\u00e3o considero estilo uma trivialidade, superficialidade, como muitos dizem por a\u00ed\u201d, refor\u00e7a o empreendedor paulista, que busca sempre transparecer seu bom gosto at\u00e9 quando est\u00e1 de m\u00e1scara.<\/p>\n","protected":false},"excerpt":{"rendered":"<p>Na avalia\u00e7\u00e3o da jornalista Lilian Pacce, 58, consultora e curadora de moda, as m\u00e1scaras s\u00e3o as novas camisetas e um bom outdoor de estilo e&hellip; <\/p>\n","protected":false},"author":2,"featured_media":186120,"comment_status":"closed","ping_status":"closed","sticky":false,"template":"","format":"standard","meta":{"sfsi_plus_gutenberg_text_before_share":"","sfsi_plus_gutenberg_show_text_before_share":"","sfsi_plus_gutenberg_icon_type":"","sfsi_plus_gutenberg_icon_alignemt":"","sfsi_plus_gutenburg_max_per_row":"","footnotes":""},"categories":[50,2],"tags":[],"class_list":["post-186119","post","type-post","status-publish","format-standard","has-post-thumbnail","hentry","category-destaque","category-geral"],"_links":{"self":[{"href":"https:\/\/www.caririemacao.com\/1\/wp-json\/wp\/v2\/posts\/186119","targetHints":{"allow":["GET"]}}],"collection":[{"href":"https:\/\/www.caririemacao.com\/1\/wp-json\/wp\/v2\/posts"}],"about":[{"href":"https:\/\/www.caririemacao.com\/1\/wp-json\/wp\/v2\/types\/post"}],"author":[{"embeddable":true,"href":"https:\/\/www.caririemacao.com\/1\/wp-json\/wp\/v2\/users\/2"}],"replies":[{"embeddable":true,"href":"https:\/\/www.caririemacao.com\/1\/wp-json\/wp\/v2\/comments?post=186119"}],"version-history":[{"count":1,"href":"https:\/\/www.caririemacao.com\/1\/wp-json\/wp\/v2\/posts\/186119\/revisions"}],"predecessor-version":[{"id":186121,"href":"https:\/\/www.caririemacao.com\/1\/wp-json\/wp\/v2\/posts\/186119\/revisions\/186121"}],"wp:featuredmedia":[{"embeddable":true,"href":"https:\/\/www.caririemacao.com\/1\/wp-json\/wp\/v2\/media\/186120"}],"wp:attachment":[{"href":"https:\/\/www.caririemacao.com\/1\/wp-json\/wp\/v2\/media?parent=186119"}],"wp:term":[{"taxonomy":"category","embeddable":true,"href":"https:\/\/www.caririemacao.com\/1\/wp-json\/wp\/v2\/categories?post=186119"},{"taxonomy":"post_tag","embeddable":true,"href":"https:\/\/www.caririemacao.com\/1\/wp-json\/wp\/v2\/tags?post=186119"}],"curies":[{"name":"wp","href":"https:\/\/api.w.org\/{rel}","templated":true}]}}