{"id":186127,"date":"2020-08-31T06:23:55","date_gmt":"2020-08-31T09:23:55","guid":{"rendered":"https:\/\/www.caririemacao.com\/1\/?p=186127"},"modified":"2020-08-31T06:23:55","modified_gmt":"2020-08-31T09:23:55","slug":"154-municipios-paraibanos-ja-registraram-obitos-por-covid-19","status":"publish","type":"post","link":"https:\/\/www.caririemacao.com\/1\/2020\/08\/31\/154-municipios-paraibanos-ja-registraram-obitos-por-covid-19\/","title":{"rendered":"154 munic\u00edpios paraibanos j\u00e1 registraram \u00f3bitos por Covid-19"},"content":{"rendered":"\n<h1 class=\"wp-block-heading\"><\/h1>\n\n\n\n<p>Neste domingo, 30 de agosto, a Para\u00edba registrou 130 novos casos de Covid-19 e 13 \u00f3bitos confirmados desde a \u00faltima atualiza\u00e7\u00e3o, 03 deles ocorridos nas \u00faltimas 24h. At\u00e9 o momento, 105.661 pessoas j\u00e1 contra\u00edram a doen\u00e7a, 75.470 j\u00e1 se recuperaram e 2.435, infelizmente, faleceram. At\u00e9 o momento, 313.713 testes para diagn\u00f3stico da Covid-19 j\u00e1 foram realizados.<\/p>\n\n\n\n<p>A ocupa\u00e7\u00e3o total de leitos de UTI (adulto, pedi\u00e1trico e obst\u00e9trico) em todo o estado \u00e9 de 31%. Fazendo um recorte apenas dos leitos de UTI para adultos na Regi\u00e3o Metropolitana de Jo\u00e3o Pessoa, a taxa de ocupa\u00e7\u00e3o chega a 33%. Em Campina Grande est\u00e3o ocupados 32% dos leitos de UTI adulto e no sert\u00e3o 27% dos leitos de UTI para adultos.<\/p>\n\n\n\n<p>Os casos confirmados est\u00e3o distribu\u00eddos por todos os 223 munic\u00edpios paraibanos:<\/p>\n\n\n\n<p>\u00c1gua Branca (54); Aguiar (23); Alagoa Grande (1033); Alagoa Nova (311); Alagoinha (952); Alcantil (63); Algod\u00e3o de Janda\u00edra (19); Alhandra (631); Amparo (17); Aparecida (87); Ara\u00e7agi (498); Arara (220); Araruna (246); Areia (444); Areia de Bara\u00fanas (11); Areial (50); Aroeiras (215); Assun\u00e7\u00e3o (45); Baia da Trai\u00e7\u00e3o (625); Bananeiras (340); Bara\u00fana (140); Barra de Santa Rosa (78); Barra de Santana (104); Barra de S\u00e3o Miguel (58); Bayeux (1749); Bel\u00e9m (1042); Bel\u00e9m do Brejo do Cruz (51); Bernardino Batista (13); Boa Ventura (6); Boa Vista (102); Bom Jesus (16); Bom Sucesso (23); Bonito de Santa F\u00e9 (47); Boqueir\u00e3o (385); Borborema (41); Brejo do Cruz (422); Brejo dos Santos (53);<\/p>\n\n\n\n<p>Caapor\u00e3 (965); Cabaceiras (81); Cabedelo (2763); Cachoeira dos \u00cdndios (102); Cacimba de Areia (9); Cacimba de Dentro (318); Cacimbas (47); Cai\u00e7ara (443); Cajazeiras (1640); Cajazeirinhas (34); Caldas Brand\u00e3o (245); Camala\u00fa (20); Campina Grande (12297); Capim (152); Cara\u00fabas (43); Carrapateira (52); Casserengue (354); Catingueira (19), Catol\u00e9 do Rocha (417); Caturit\u00e9 (103); Concei\u00e7\u00e3o (577); Condado (139); Conde (772); Congo (85); Coremas (136); Coxixola (35); Cruz do Esp\u00edrito Santo (286); Cubati (78); Cuit\u00e9 (263); Cuit\u00e9 de Mamanguape (125); Cuiteg\u00ed (399); Curral de Cima (30); Curral Velho (3), Dami\u00e3o (40); Desterro (58); Diamante (245); Dona In\u00eas (98); Duas Estradas (84); Emas (53); Esperan\u00e7a (506); Fagundes (111); Frei Martinho (19);<\/p>\n\n\n\n<p>Gado Bravo (101); Guarabira (4110); Gurinh\u00e9m (438); Gurj\u00e3o (31); Ibiara (84); Igaracy (11); Imaculada (61); Ing\u00e1 (1349); Itabaiana (1081); Itaporanga (362); Itapororoca (849); Itatuba (344); Jacara\u00fa (300); Jeric\u00f3 (37); Jo\u00e3o Pessoa (26848); Joca Claudino (19); Juarez T\u00e1vora (421); Juazeirinho (220); Junco do Serid\u00f3 (65); Juripiranga (485); Juru (151; Lagoa (6); Lagoa de Dentro (138); Lagoa Seca (705); Lastro (25); Livramento (105); Logradouro (150); Lucena (447); M\u00e3e d\u2019\u00c1gua (19); Malta (109); Mamanguape (2260); Mana\u00edra (12); Marca\u00e7\u00e3o (391); Mari (1155); Mariz\u00f3polis (33); Massaranduba (332); Mataraca (212); Matinhas (72); Mato Grosso (17); Matureia (38); Mogeiro (218); Montadas (50); Monte Horebe (38); Monteiro (546); Mulungu (402);<\/p>\n\n\n\n<p>Natuba (64); Nazarezinho (45); Nova Floresta (71), Nova Olinda (15); Nova Palmeira (80); Olho D\u00b4\u00c1gua (41); Olivedos (105); Ouro Velho (3); Parari (6); Passagem (30); Patos (3583); Paulista (263); Pedra Branca (4); Pedra Lavrada (35); Pedras de Fogo (1300); Pedro R\u00e9gis (53); Pianc\u00f3 (185); Picu\u00ed (270); Pilar (427); Pil\u00f5es (131); Pil\u00f5ezinhos (311); Pirpirituba (312); Pitimbu (619); Pocinhos (200); Po\u00e7o Dantas (23); Po\u00e7o de Jos\u00e9 Moura (30); Pombal (583); Prata (8); Princesa Isabel (94); Puxinan\u00e3 (281); Queimadas (1202); Quixaba (35);<\/p>\n\n\n\n<p>Rem\u00edgio (249); Riach\u00e3o (77); Riach\u00e3o do Bacamarte (235); Riach\u00e3o do Po\u00e7o (94); Riacho de Santo Ant\u00f4nio (30); Riacho dos Cavalos (15); Rio Tinto (1107); Salgadinho (31); Salgado de S\u00e3o Felix (259); Santa Cec\u00edlia (79); Santa Cruz (60); Santa Helena (19); Santa In\u00eas (69); Santa Luzia (264); Santa Rita (3075); Santa Terezinha (57); Santana de Mangueira (11); Santana dos Garrotes (20); Santo Andr\u00e9 (13); S\u00e3o Bentinho (70); S\u00e3o Bento (2047); S\u00e3o Domingos (11); S\u00e3o Domingos do Cariri (61); S\u00e3o Francisco (34); S\u00e3o Jo\u00e3o do Cariri (105); S\u00e3o Jo\u00e3o do Rio do Peixe (309); S\u00e3o Jo\u00e3o do Tigre (11); S\u00e3o Jos\u00e9 da Lagoa Tapada (61); S\u00e3o Jos\u00e9 de Caiana (50); S\u00e3o Jos\u00e9 de Espinharas (67);<\/p>\n\n\n\n<p>S\u00e3o Jos\u00e9 de Piranhas (196); S\u00e3o Jos\u00e9 de Princesa (3); S\u00e3o Jos\u00e9 do Bonfim (59); S\u00e3o Jos\u00e9 do Brejo do Cruz (16); S\u00e3o Jos\u00e9 do Sabugi (252); S\u00e3o Jos\u00e9 dos Cordeiros (43); S\u00e3o Jos\u00e9 dos Ramos (255); S\u00e3o Mamede (47); S\u00e3o Miguel de Taipu (143); S\u00e3o Sebasti\u00e3o de Lagoa de Ro\u00e7a (247); S\u00e3o Sebasti\u00e3o do Umbuzeiro (20); S\u00e3o Vicente do Serid\u00f3 (49); Sap\u00e9 (1114); Serra Branca (179); Serra da Ra\u00edz (43); Serra Grande (11); Serra Redonda (265); Serraria (170); Sert\u00e3ozinho (302); Sobrado (190); Sol\u00e2nea (655); Soledade (179); Sossego (15), Sousa (1666); Sum\u00e9 (261); Tacima (123); Tapero\u00e1 (99); Tavares (157); Teixeira (174); Ten\u00f3rio (32); Triunfo (78); Uira\u00fana (159); Umbuzeiro (78); V\u00e1rzea (19); Vieir\u00f3polis (9); Vista Serrana (15), Zabel\u00ea (32).<\/p>\n\n\n\n<p>*Dados oficiais preliminares (fonte: SIM, e-sus VE e SIVEP) extra\u00eddos \u00e0s 10h do dia 30\/08, sujeitos a altera\u00e7\u00e3o por parte dos munic\u00edpios.<\/p>\n\n\n\n<p>At\u00e9 hoje, 154 cidades registraram \u00f3bitos por Covid-19. Os 13 \u00f3bitos registrados neste domingo ocorreram entre 28 de abril e 30 de agosto, 04 deles nas \u00faltimas 48 horas, entre residentes de 07 munic\u00edpios. Os pacientes tinham idade entre 28 e 98 anos, sendo 06 deles com menos de 65 anos. Cardiopatia foi a comorbidade mais frequente. Dos locais, um ocorreu em hospital privado e os demais em hospitais p\u00fablicos.<\/p>\n\n\n\n<p>Mulher, 72 anos, residente em Campina Grande. In\u00edcio dos sintomas em 11\/08\/2020. Cardiopata. Foi a \u00f3bito em hospital p\u00fablico no dia 28\/08\/2020.<\/p>\n\n\n\n<p>Homem, 58 anos, residente em Campina Grande. In\u00edcio dos sintomas em 22\/06\/2020. Comorbidade n\u00e3o informada. Foi a \u00f3bito em hospital p\u00fablico no dia 06\/07\/2020.<\/p>\n\n\n\n<p>Homem, 98 anos, residente em Campina Grande. In\u00edcio dos sintomas em 07\/08\/2020. Cardiopata. Foi a \u00f3bito em hospital p\u00fablico no dia 16\/08\/2020.<\/p>\n\n\n\n<p>Homem, 97 anos, residente em Campina Grande. Comorbidade n\u00e3o informada. In\u00edcio dos sintomas em 20\/05\/2020. Foi a \u00f3bito em hospital p\u00fablico no dia 25\/05\/2020.<\/p>\n\n\n\n<p>Mulher, 85 anos, residente em Concei\u00e7\u00e3o. Sem comorbidade. In\u00edcio dos sintomas em 13\/08\/2020. Foi a \u00f3bito em hospital p\u00fablico no dia 30\/08\/2020.<\/p>\n\n\n\n<p>Mulher, 39 anos, residente em Jo\u00e3o Pessoa. In\u00edcio dos sintomas em 22\/08\/2020. Portadora de neoplasia e cardiopatia. Foi a \u00f3bito em hospital p\u00fablico no dia 27\/08\/2020.<\/p>\n\n\n\n<p>Mulher, 55 anos, residente em Jo\u00e3o Pessoa. Sem comorbidade. In\u00edcio dos sintomas em 02\/08\/2020. Foi a \u00f3bito em hospital privado no dia 10\/08\/2020.<\/p>\n\n\n\n<p>Mulher, 84 anos, residente do Jo\u00e3o Pessoa. Portadora de doen\u00e7a neurol\u00f3gica. In\u00edcio dos sintomas em 03\/08\/2020. Foi a \u00f3bito em hospital p\u00fablico no dia 30\/08\/2020.<\/p>\n\n\n\n<p>Homem, 42 anos, residente em Jo\u00e3o Pessoa. In\u00edcio dos sintomas em 24\/05\/2020. Cardiopata. Foi a \u00f3bito em hospital p\u00fablico no dia 26\/08\/2020.<\/p>\n\n\n\n<p>Homem, 58 anos, residente em Prata. Comorbidade n\u00e3o informada. In\u00edcio dos sintomas em 11\/08\/2020. Foi a \u00f3bito em hospital p\u00fablico no dia 30\/08\/2020.<\/p>\n\n\n\n<p>Mulher, 28 anos, residente em Queimadas. Imunossuprimida. In\u00edcio dos sintomas em 15\/04\/2020. Foi a \u00f3bito em hospital p\u00fablico no dia 28\/04\/2020.<\/p>\n\n\n\n<p>Mulher, 66 anos, residente em Santa Rita. Hipertensa e portadora de doen\u00e7a neurol\u00f3gica. In\u00edcio dos sintomas em 08\/05\/2020. Foi a \u00f3bito em hospital p\u00fablico no dia 18\/05\/2020.<\/p>\n\n\n\n<p>Mulher, 89 anos, residente em Sousa. Sem comorbidade. In\u00edcio dos sintomas em 18\/08\/2020. Foi a \u00f3bito em hospital p\u00fablico no dia 25\/08\/2020.<\/p>\n\n\n\n<p>Os dados epidemiol\u00f3gicos e de ocupa\u00e7\u00e3o de leitos est\u00e3o dispon\u00edveis em&nbsp;<a href=\"http:\/\/www.paraiba.pb.gov.br\/coronavirus\">www.paraiba.pb.gov.br\/coronavirus<\/a><\/p>\n","protected":false},"excerpt":{"rendered":"<p>Neste domingo, 30 de agosto, a Para\u00edba registrou 130 novos casos de Covid-19 e 13 \u00f3bitos confirmados desde a \u00faltima atualiza\u00e7\u00e3o, 03 deles ocorridos nas&hellip; <\/p>\n","protected":false},"author":2,"featured_media":186128,"comment_status":"closed","ping_status":"closed","sticky":false,"template":"","format":"standard","meta":{"sfsi_plus_gutenberg_text_before_share":"","sfsi_plus_gutenberg_show_text_before_share":"","sfsi_plus_gutenberg_icon_type":"","sfsi_plus_gutenberg_icon_alignemt":"","sfsi_plus_gutenburg_max_per_row":"","footnotes":""},"categories":[50,2],"tags":[],"class_list":["post-186127","post","type-post","status-publish","format-standard","has-post-thumbnail","hentry","category-destaque","category-geral"],"_links":{"self":[{"href":"https:\/\/www.caririemacao.com\/1\/wp-json\/wp\/v2\/posts\/186127","targetHints":{"allow":["GET"]}}],"collection":[{"href":"https:\/\/www.caririemacao.com\/1\/wp-json\/wp\/v2\/posts"}],"about":[{"href":"https:\/\/www.caririemacao.com\/1\/wp-json\/wp\/v2\/types\/post"}],"author":[{"embeddable":true,"href":"https:\/\/www.caririemacao.com\/1\/wp-json\/wp\/v2\/users\/2"}],"replies":[{"embeddable":true,"href":"https:\/\/www.caririemacao.com\/1\/wp-json\/wp\/v2\/comments?post=186127"}],"version-history":[{"count":1,"href":"https:\/\/www.caririemacao.com\/1\/wp-json\/wp\/v2\/posts\/186127\/revisions"}],"predecessor-version":[{"id":186129,"href":"https:\/\/www.caririemacao.com\/1\/wp-json\/wp\/v2\/posts\/186127\/revisions\/186129"}],"wp:featuredmedia":[{"embeddable":true,"href":"https:\/\/www.caririemacao.com\/1\/wp-json\/wp\/v2\/media\/186128"}],"wp:attachment":[{"href":"https:\/\/www.caririemacao.com\/1\/wp-json\/wp\/v2\/media?parent=186127"}],"wp:term":[{"taxonomy":"category","embeddable":true,"href":"https:\/\/www.caririemacao.com\/1\/wp-json\/wp\/v2\/categories?post=186127"},{"taxonomy":"post_tag","embeddable":true,"href":"https:\/\/www.caririemacao.com\/1\/wp-json\/wp\/v2\/tags?post=186127"}],"curies":[{"name":"wp","href":"https:\/\/api.w.org\/{rel}","templated":true}]}}