{"id":186158,"date":"2020-08-31T07:07:58","date_gmt":"2020-08-31T10:07:58","guid":{"rendered":"https:\/\/www.caririemacao.com\/1\/?p=186158"},"modified":"2020-08-31T07:07:58","modified_gmt":"2020-08-31T10:07:58","slug":"fernando-de-noronha-vai-permitir-somente-entrada-de-turistas-curados-da-covid-19","status":"publish","type":"post","link":"https:\/\/www.caririemacao.com\/1\/2020\/08\/31\/fernando-de-noronha-vai-permitir-somente-entrada-de-turistas-curados-da-covid-19\/","title":{"rendered":"Fernando de Noronha vai permitir somente entrada de turistas curados da covid-19"},"content":{"rendered":"\n<h1 class=\"wp-block-heading\"><\/h1>\n\n\n\n<p>O arquip\u00e9lago de Fernando de Noronha decidiu apostar em uma nova estrat\u00e9gia para combater o coronav\u00edrus: somente turistas que j\u00e1 tiveram covid-19 e se recuperaram ter\u00e3o permiss\u00e3o para entrar no local famoso pela abundante vida marinha e praias paradis\u00edacas.<\/p>\n\n\n\n<p>A decis\u00e3o do arquip\u00e9lago, que depende economicamente do turismo e tem cerca de 3.100 residentes permanentes, reflete as formas peculiares com que autoridades est\u00e3o tentando retornar \u00e0 normalidade, enquanto os novos casos de covid-19 e as mortes se estabilizam em muitas partes do mundo.<\/p>\n\n\n\n<p>H\u00e1 um debate significativo sobre o n\u00edvel e a dura\u00e7\u00e3o da imunidade que os pacientes com coronav\u00edrus desenvolvem ap\u00f3s uma primeira infec\u00e7\u00e3o. H\u00e1 casos relatados de reinfec\u00e7\u00e3o, inclusive no Brasil. No entanto, esses casos s\u00e3o relativamente raros.<\/p>\n\n\n\n<p>As novas regras entram em vigor em nesta ter\u00e7a-feira 1\u00ba de setembro. Por enquanto, turistas n\u00e3o s\u00e3o permitidos nas ilhas.<\/p>\n\n\n\n<p>\u201cN\u00e3o h\u00e1 transmiss\u00e3o comunit\u00e1ria na ilha h\u00e1 um bom tempo. E n\u00f3s assim precisamos manter\u201d, disse Andr\u00e9 Longo, secret\u00e1rio de Sa\u00fade do Estado de Pernambuco. \u201c\u00c9 \u00f3bvio que esse passo que vai ser dado busca a seguran\u00e7a e reativa\u00e7\u00e3o das atividades econ\u00f4micas no arquip\u00e9lago\u201d.<\/p>\n\n\n\n<p>Fernando de Noronha registrou at\u00e9 o momento 93 casos confirmados do v\u00edrus e nenhuma morte. O arquip\u00e9lago proibiu o turismo a partir de mar\u00e7o, e por um per\u00edodo de abril a junho, mesmo os residentes que estavam no continente n\u00e3o foram autorizados a retornar.<\/p>\n\n\n\n<p>O Brasil est\u00e1 entre as na\u00e7\u00f5es mais atingidas pela pandemia de coronav\u00edrus, com mais de 120.000 mortes e 3,8 milh\u00f5es de casos confirmados at\u00e9 a noite de s\u00e1bado (30). No entanto, novos casos e mortes come\u00e7aram a se estabilizar nas \u00faltimas semanas.<\/p>\n","protected":false},"excerpt":{"rendered":"<p>O arquip\u00e9lago de Fernando de Noronha decidiu apostar em uma nova estrat\u00e9gia para combater o coronav\u00edrus: somente turistas que j\u00e1 tiveram covid-19 e se recuperaram&hellip; <\/p>\n","protected":false},"author":2,"featured_media":186159,"comment_status":"closed","ping_status":"closed","sticky":false,"template":"","format":"standard","meta":{"sfsi_plus_gutenberg_text_before_share":"","sfsi_plus_gutenberg_show_text_before_share":"","sfsi_plus_gutenberg_icon_type":"","sfsi_plus_gutenberg_icon_alignemt":"","sfsi_plus_gutenburg_max_per_row":"","footnotes":""},"categories":[50,2],"tags":[],"class_list":["post-186158","post","type-post","status-publish","format-standard","has-post-thumbnail","hentry","category-destaque","category-geral"],"_links":{"self":[{"href":"https:\/\/www.caririemacao.com\/1\/wp-json\/wp\/v2\/posts\/186158","targetHints":{"allow":["GET"]}}],"collection":[{"href":"https:\/\/www.caririemacao.com\/1\/wp-json\/wp\/v2\/posts"}],"about":[{"href":"https:\/\/www.caririemacao.com\/1\/wp-json\/wp\/v2\/types\/post"}],"author":[{"embeddable":true,"href":"https:\/\/www.caririemacao.com\/1\/wp-json\/wp\/v2\/users\/2"}],"replies":[{"embeddable":true,"href":"https:\/\/www.caririemacao.com\/1\/wp-json\/wp\/v2\/comments?post=186158"}],"version-history":[{"count":1,"href":"https:\/\/www.caririemacao.com\/1\/wp-json\/wp\/v2\/posts\/186158\/revisions"}],"predecessor-version":[{"id":186160,"href":"https:\/\/www.caririemacao.com\/1\/wp-json\/wp\/v2\/posts\/186158\/revisions\/186160"}],"wp:featuredmedia":[{"embeddable":true,"href":"https:\/\/www.caririemacao.com\/1\/wp-json\/wp\/v2\/media\/186159"}],"wp:attachment":[{"href":"https:\/\/www.caririemacao.com\/1\/wp-json\/wp\/v2\/media?parent=186158"}],"wp:term":[{"taxonomy":"category","embeddable":true,"href":"https:\/\/www.caririemacao.com\/1\/wp-json\/wp\/v2\/categories?post=186158"},{"taxonomy":"post_tag","embeddable":true,"href":"https:\/\/www.caririemacao.com\/1\/wp-json\/wp\/v2\/tags?post=186158"}],"curies":[{"name":"wp","href":"https:\/\/api.w.org\/{rel}","templated":true}]}}