{"id":186162,"date":"2020-08-31T07:09:58","date_gmt":"2020-08-31T10:09:58","guid":{"rendered":"https:\/\/www.caririemacao.com\/1\/?p=186162"},"modified":"2020-08-31T07:09:58","modified_gmt":"2020-08-31T10:09:58","slug":"pinto-do-acordeon-se-torna-patrimonio-cultural-do-brasil-e-recebe-homenagem-do-presidente-jair-bolsonaro","status":"publish","type":"post","link":"https:\/\/www.caririemacao.com\/1\/2020\/08\/31\/pinto-do-acordeon-se-torna-patrimonio-cultural-do-brasil-e-recebe-homenagem-do-presidente-jair-bolsonaro\/","title":{"rendered":"Pinto do Acordeon se torna Patrim\u00f4nio Cultural do Brasil e recebe homenagem do presidente Jair Bolsonaro"},"content":{"rendered":"\n<h1 class=\"wp-block-heading\"><\/h1>\n\n\n\n<p>O cantor e compositor paraibano Francisco Ferreira Lima, mais conhecido por Pinto do Acordeon, que morreu no dia 21 de julho deste ano, se tornou Patrim\u00f4nio Cultural do Brasil, conforme comunicado do filho M\u00f4 Lima, em sua rede social.&nbsp;<\/p>\n\n\n\n<p>Na pr\u00f3xima ter\u00e7a-feira (01), o presidente Jair Bolsonaro e a primeira dama, Michele Bolsonaro, participam das homenagens que ser\u00e1 dirigida pelo secret\u00e1rio de Cultura Nacional, M\u00e1rio Frias.<\/p>\n\n\n\n<p>\u201cQue a nossa cultura nordestina, que o nosso forr\u00f3 e que a import\u00e2ncia de tudo isso continue sendo reconhecido pelo seu valor \u00fanico!\u201d, escreveu no comunicado, M\u00f4 Lima.<\/p>\n\n\n\n<figure class=\"wp-block-image\"><img decoding=\"async\" data-src=\"https:\/\/www.clickpb.com.br\/media\/filer_public\/d3\/ea\/d3ea24bf-5aed-40ae-88ed-123098a7c239\/whatsapp_image_2020-08-30_at_140202.jpeg\" alt=\"\" src=\"data:image\/svg+xml;base64,PHN2ZyB3aWR0aD0iMSIgaGVpZ2h0PSIxIiB4bWxucz0iaHR0cDovL3d3dy53My5vcmcvMjAwMC9zdmciPjwvc3ZnPg==\" class=\"lazyload\" \/><\/figure>\n\n\n\n<p>Pinto do Acordeon morreu aos 72 anos de idade, v\u00edtima de um c\u00e2ncer na bexiga. Ele estava internado em um hospital do Estado de S\u00e3o Paulo. O corpo foi trazido para a Para\u00edba e enterrado no munic\u00edpio de Patos, no Sert\u00e3o.&nbsp;<\/p>\n","protected":false},"excerpt":{"rendered":"<p>O cantor e compositor paraibano Francisco Ferreira Lima, mais conhecido por Pinto do Acordeon, que morreu no dia 21 de julho deste ano, se tornou&hellip; <\/p>\n","protected":false},"author":2,"featured_media":186163,"comment_status":"closed","ping_status":"closed","sticky":false,"template":"","format":"standard","meta":{"sfsi_plus_gutenberg_text_before_share":"","sfsi_plus_gutenberg_show_text_before_share":"","sfsi_plus_gutenberg_icon_type":"","sfsi_plus_gutenberg_icon_alignemt":"","sfsi_plus_gutenburg_max_per_row":"","footnotes":""},"categories":[2],"tags":[],"class_list":["post-186162","post","type-post","status-publish","format-standard","has-post-thumbnail","hentry","category-geral"],"_links":{"self":[{"href":"https:\/\/www.caririemacao.com\/1\/wp-json\/wp\/v2\/posts\/186162","targetHints":{"allow":["GET"]}}],"collection":[{"href":"https:\/\/www.caririemacao.com\/1\/wp-json\/wp\/v2\/posts"}],"about":[{"href":"https:\/\/www.caririemacao.com\/1\/wp-json\/wp\/v2\/types\/post"}],"author":[{"embeddable":true,"href":"https:\/\/www.caririemacao.com\/1\/wp-json\/wp\/v2\/users\/2"}],"replies":[{"embeddable":true,"href":"https:\/\/www.caririemacao.com\/1\/wp-json\/wp\/v2\/comments?post=186162"}],"version-history":[{"count":1,"href":"https:\/\/www.caririemacao.com\/1\/wp-json\/wp\/v2\/posts\/186162\/revisions"}],"predecessor-version":[{"id":186164,"href":"https:\/\/www.caririemacao.com\/1\/wp-json\/wp\/v2\/posts\/186162\/revisions\/186164"}],"wp:featuredmedia":[{"embeddable":true,"href":"https:\/\/www.caririemacao.com\/1\/wp-json\/wp\/v2\/media\/186163"}],"wp:attachment":[{"href":"https:\/\/www.caririemacao.com\/1\/wp-json\/wp\/v2\/media?parent=186162"}],"wp:term":[{"taxonomy":"category","embeddable":true,"href":"https:\/\/www.caririemacao.com\/1\/wp-json\/wp\/v2\/categories?post=186162"},{"taxonomy":"post_tag","embeddable":true,"href":"https:\/\/www.caririemacao.com\/1\/wp-json\/wp\/v2\/tags?post=186162"}],"curies":[{"name":"wp","href":"https:\/\/api.w.org\/{rel}","templated":true}]}}