{"id":186166,"date":"2020-08-31T07:16:01","date_gmt":"2020-08-31T10:16:01","guid":{"rendered":"https:\/\/www.caririemacao.com\/1\/?p=186166"},"modified":"2020-08-31T07:16:01","modified_gmt":"2020-08-31T10:16:01","slug":"empresa-brasileira-vai-produzir-ventilador-pulmonar-desenvolvido-pela-nasa-para-tratamento-da-covid-19","status":"publish","type":"post","link":"https:\/\/www.caririemacao.com\/1\/2020\/08\/31\/empresa-brasileira-vai-produzir-ventilador-pulmonar-desenvolvido-pela-nasa-para-tratamento-da-covid-19\/","title":{"rendered":"Empresa brasileira vai produzir ventilador pulmonar desenvolvido pela Nasa para tratamento da covid-19"},"content":{"rendered":"\n<h1 class=\"wp-block-heading\"><\/h1>\n\n\n\n<p>Uma parceria da empresa de medicamentos brasileira Russer e do Servi\u00e7o Nacional de Aprendizagem Industrial (Senai) vai permitir a produ\u00e7\u00e3o de ventiladores pulmonares a partir de um projeto desenvolvido pela Ag\u00eancia Espacial dos Estados Unidos (Nasa). O equipamento \u00e9 utilizado no tratamento de pacientes da covid-19, em quadros mais graves que precisam de apoio para garantir a respira\u00e7\u00e3o.<\/p>\n\n\n\n<p>A homologa\u00e7\u00e3o na Ag\u00eancia Nacional de Vigil\u00e2ncia Sanit\u00e1ria (Anvisa) foi obtida na semana passada. Inicialmente, a Russer deve produzir 300 ventiladores pulmonares por m\u00eas. Ainda n\u00e3o h\u00e1 previs\u00e3o de quando o produto estar\u00e1 no mercado.<\/p>\n\n\n\n<p>Segundo do diretor geral do Senai, Rafael Lucchesi, a vantagem do respirador \u00e9 seu pre\u00e7o. Enquanto no mercado a m\u00e9dia de pre\u00e7o est\u00e1 entre R$ 50 mil e R$ 60 mil, este dever\u00e1 custar R$ 20 mil.<\/p>\n\n\n\n<p>Al\u00e9m do pre\u00e7o, o projeto vai ampliar a produ\u00e7\u00e3o nacional desse equipamento. \u201c\u00c9 uma vantagem robusta e vai ter uma cadeia nacionalizada de componentes e isso \u00e9 importante para a produ\u00e7\u00e3o\u201d, disse Lucchesi.<\/p>\n\n\n\n<p>O projeto teve in\u00edcio quando a empresa e o Senai entraram em uma chamada p\u00fablica da Nasa para firmar parcerias visando a fabrica\u00e7\u00e3o do aparelho, desenvolvido por engenheiros do Laborat\u00f3rio de Propuls\u00e3o a Jato.<\/p>\n\n\n\n<p>Foram selecionadas inicialmente 331 empresas de v\u00e1rios pa\u00edses. Em uma segunda rodada, ficaram 28 companhias, entre elas a Russer e o Senai. A Nasa n\u00e3o ir\u00e1 cobrar pelos royalties durante a pandemia.&nbsp;&nbsp;<\/p>\n\n\n\n<p>O diretor geral do Senai disse que a entidade entrou no projeto quando identificou o gargalo da dificuldade de obten\u00e7\u00e3o desse equipamento no mercado internacional diante da alta demanda por conta da conjuntura da pandemia.<\/p>\n\n\n\n<p>\u201c\u00c9 um equipamento cr\u00edtico da covid-19. \u00c9 tradicional de uso nas UTIs [Unidades de Terapia Intensiva]. Ganhou fama porque esta doen\u00e7a infecciosa cria uma infec\u00e7\u00e3o no pulm\u00e3o e \u00e9 equipamento decisivo\u201d, disse, \u00e0 Ag\u00eancia Brasil.<\/p>\n","protected":false},"excerpt":{"rendered":"<p>Uma parceria da empresa de medicamentos brasileira Russer e do Servi\u00e7o Nacional de Aprendizagem Industrial (Senai) vai permitir a produ\u00e7\u00e3o de ventiladores pulmonares a partir&hellip; <\/p>\n","protected":false},"author":2,"featured_media":186167,"comment_status":"closed","ping_status":"closed","sticky":false,"template":"","format":"standard","meta":{"sfsi_plus_gutenberg_text_before_share":"","sfsi_plus_gutenberg_show_text_before_share":"","sfsi_plus_gutenberg_icon_type":"","sfsi_plus_gutenberg_icon_alignemt":"","sfsi_plus_gutenburg_max_per_row":"","footnotes":""},"categories":[50,2],"tags":[],"class_list":["post-186166","post","type-post","status-publish","format-standard","has-post-thumbnail","hentry","category-destaque","category-geral"],"_links":{"self":[{"href":"https:\/\/www.caririemacao.com\/1\/wp-json\/wp\/v2\/posts\/186166","targetHints":{"allow":["GET"]}}],"collection":[{"href":"https:\/\/www.caririemacao.com\/1\/wp-json\/wp\/v2\/posts"}],"about":[{"href":"https:\/\/www.caririemacao.com\/1\/wp-json\/wp\/v2\/types\/post"}],"author":[{"embeddable":true,"href":"https:\/\/www.caririemacao.com\/1\/wp-json\/wp\/v2\/users\/2"}],"replies":[{"embeddable":true,"href":"https:\/\/www.caririemacao.com\/1\/wp-json\/wp\/v2\/comments?post=186166"}],"version-history":[{"count":1,"href":"https:\/\/www.caririemacao.com\/1\/wp-json\/wp\/v2\/posts\/186166\/revisions"}],"predecessor-version":[{"id":186168,"href":"https:\/\/www.caririemacao.com\/1\/wp-json\/wp\/v2\/posts\/186166\/revisions\/186168"}],"wp:featuredmedia":[{"embeddable":true,"href":"https:\/\/www.caririemacao.com\/1\/wp-json\/wp\/v2\/media\/186167"}],"wp:attachment":[{"href":"https:\/\/www.caririemacao.com\/1\/wp-json\/wp\/v2\/media?parent=186166"}],"wp:term":[{"taxonomy":"category","embeddable":true,"href":"https:\/\/www.caririemacao.com\/1\/wp-json\/wp\/v2\/categories?post=186166"},{"taxonomy":"post_tag","embeddable":true,"href":"https:\/\/www.caririemacao.com\/1\/wp-json\/wp\/v2\/tags?post=186166"}],"curies":[{"name":"wp","href":"https:\/\/api.w.org\/{rel}","templated":true}]}}