{"id":186173,"date":"2020-08-31T07:24:41","date_gmt":"2020-08-31T10:24:41","guid":{"rendered":"https:\/\/www.caririemacao.com\/1\/?p=186173"},"modified":"2020-08-31T07:24:41","modified_gmt":"2020-08-31T10:24:41","slug":"congresso-define-vetos-de-bolsonaro-que-serao-votados-em-setembro","status":"publish","type":"post","link":"https:\/\/www.caririemacao.com\/1\/2020\/08\/31\/congresso-define-vetos-de-bolsonaro-que-serao-votados-em-setembro\/","title":{"rendered":"Congresso define vetos de Bolsonaro que ser\u00e3o votados em setembro"},"content":{"rendered":"\n<h1 class=\"wp-block-heading\"><\/h1>\n\n\n\n<p>O Congresso Nacional ter\u00e1 nova sess\u00e3o remota deliberativa em setembro para a vota\u00e7\u00e3o de vetos do presidente da Rep\u00fablica, Jair Bolsonaro. Em agosto, os parlamentares fizeram duas sess\u00f5es focadas na aprecia\u00e7\u00e3o de vetos, frutos de&nbsp;<a href=\"https:\/\/www12.senado.leg.br\/noticias\/materias\/2020\/08\/28\/11\/lideres-definem-votacoes-de-vetos-presidenciais-e-de-pec-do-fundeb\">acordo<\/a>&nbsp;que previu uma terceira sess\u00e3o no come\u00e7o de setembro. A pauta oficial ainda n\u00e3o est\u00e1 dispon\u00edvel, mas 22 vetos j\u00e1 est\u00e3o prontos para serem deliberados.<\/p>\n\n\n\n<p>O col\u00e9gio de l\u00edderes do Senado deve se reunir na segunda-feira (31) ou na ter\u00e7a (1\u00ba), com o presidente da Casa, Davi Alcolumbre, e demais integrantes da Mesa, para definir a pauta n\u00e3o apenas dessa sess\u00e3o do Congresso, mas tamb\u00e9m as vota\u00e7\u00f5es da semana no Senado. Durante a pandemia, as sess\u00f5es t\u00eam ocorrido virtualmente.<\/p>\n\n\n\n<p>Alguns vetos n\u00e3o tiveram acordo para serem votados em agosto e devem ser os primeiros itens da sess\u00e3o do Congresso, como o&nbsp;<a href=\"https:\/\/www.congressonacional.leg.br\/materias\/vetos\/-\/veto\/detalhe\/12945\">VET 56\/2019 \u2013 Parcial<\/a>, que derrubou 24 dispositivos do chamado pacote anticrime (<a href=\"https:\/\/www.congressonacional.leg.br\/materias\/pesquisa\/-\/materia\/140099\">PL 6.341\/2019<\/a>&nbsp;\u2013&nbsp;<a href=\"http:\/\/www.planalto.gov.br\/ccivil_03\/_ato2019-2022\/2019\/lei\/L13964.htm\">Lei 13.964, de 2019<\/a>); o&nbsp;<a href=\"https:\/\/www.congressonacional.leg.br\/materias\/vetos\/-\/veto\/detalhe\/13185\">VET 13\/2020 \u2013 Parcial<\/a>, que atingiu 12 dispositivos da lei que amplia os benefici\u00e1rios do aux\u00edlio emergencial (<a href=\"https:\/\/www.congressonacional.leg.br\/materias\/pesquisa\/-\/materia\/141174\">PL 873\/2020<\/a>&nbsp;\u2013&nbsp;<a href=\"http:\/\/www.planalto.gov.br\/ccivil_03\/_ato2019-2022\/2020\/Lei\/L13998.htm\">Lei 13.998, de 2020<\/a>); e o&nbsp;<a href=\"https:\/\/www.congressonacional.leg.br\/materias\/vetos\/-\/veto\/detalhe\/13205\">VET 14\/2020 \u2013 Parcial<\/a>, que cancelou 10 dispositivos do Pronampe (<a href=\"https:\/\/www.congressonacional.leg.br\/materias\/pesquisa\/-\/materia\/141363\">PL 1.282\/2020<\/a>&nbsp;\u2013&nbsp;<a href=\"http:\/\/www.planalto.gov.br\/ccivil_03\/_ato2019-2022\/2020\/lei\/L13999.htm\">Lei 13.999, de 2020<\/a>).<\/p>\n\n\n\n<p>Outro dispositivo vetado pelo presidente da Rep\u00fablica e que ainda aguarda an\u00e1lise dos congressistas \u00e9 o&nbsp;<a href=\"https:\/\/www.congressonacional.leg.br\/materias\/vetos\/-\/veto\/detalhe\/13405\">Veto 26\/2020<\/a>, que prorroga a desonera\u00e7\u00e3o da folha de pagamento para 17 setores da economia at\u00e9 dezembro de 2021 (<a href=\"https:\/\/www.congressonacional.leg.br\/materias\/pesquisa\/-\/materia\/141375\">MP 936\/2020 \u2013&nbsp;<\/a><a href=\"http:\/\/www.planalto.gov.br\/ccivil_03\/_ato2019-2022\/2020\/Lei\/L14020.htm\">Lei 14.020, de 2020<\/a>).<\/p>\n\n\n\n<p>H\u00e1 novos vetos pol\u00eamicos, como o que atingiu 18 dispositivos do novo marco legal do saneamento b\u00e1sico (<a href=\"https:\/\/www.congressonacional.leg.br\/materias\/vetos\/-\/veto\/detalhe\/13485\">VET 30\/2020 \u2013 Parcial<\/a>); o veto total ao aux\u00edlio emergencial \u00e0 mulher provedora de fam\u00edlia monoparental (<a href=\"https:\/\/www.congressonacional.leg.br\/materias\/vetos\/-\/veto\/detalhe\/13547\">VET 35\/2020 \u2013 Total<\/a>); e o veto total \u00e0 compensa\u00e7\u00e3o financeira aos profissionais e trabalhadores de sa\u00fade incapacitados para o trabalho em virtude da covid-19 (<a href=\"https:\/\/www.congressonacional.leg.br\/materias\/vetos\/-\/veto\/detalhe\/13565\">VET 36\/2020 \u2013 Total<\/a>).<\/p>\n\n\n\n<figure class=\"wp-block-table\"><table><tbody><tr><td><strong>Confira outros vetos que podem ser votados<\/strong><\/td><\/tr><tr><td><a href=\"https:\/\/www.congressonacional.leg.br\/materias\/vetos\/-\/veto\/detalhe\/13667\">VET 46\/2020 \u2013 Parcial<br><\/a>(90 dispositivos vetados)<\/td><td>Medidas emergenciais de amparo aos agricultores familiares durante o estado de calamidade p\u00fablica decorrente da pandemia da covid-19;<\/td><\/tr><tr><td><a href=\"https:\/\/www.congressonacional.leg.br\/materias\/vetos\/-\/veto\/detalhe\/13666\">VET 45\/2020 \u2013 Parcial<br><\/a>(3 dispositivos vetados)<\/td><td>Suspens\u00e3o das contribui\u00e7\u00f5es de empresas particulares do setor de dragagem e operadores portu\u00e1rios em virtude da covid-19;<\/td><\/tr><tr><td><a href=\"https:\/\/www.congressonacional.leg.br\/materias\/vetos\/-\/veto\/detalhe\/13665\">VET 44\/2020 \u2013 Parcial<br><\/a>(1 dispositivos vetados)<\/td><td>Desobriga\u00e7\u00e3o de ressarcimento por parte do fornecedor de servi\u00e7os de turismo durante o estado de calamidade p\u00fablica decorrente da pandemia da covid-19;<\/td><\/tr><tr><td><a href=\"https:\/\/www.congressonacional.leg.br\/materias\/vetos\/-\/veto\/detalhe\/13645\">VET 43\/2020 \u2013 Parcial<br><\/a>(8 dispositivos vetados)<\/td><td>Linha de cr\u00e9dito para profissionais liberais;<\/td><\/tr><tr><td><a href=\"https:\/\/www.congressonacional.leg.br\/materias\/vetos\/-\/veto\/detalhe\/13628\">VET 42\/2020 \u2013 Parcial<br><\/a>(10 dispositivos vetados)<\/td><td>Programa Emergencial de Suporte a Empregos;<\/td><\/tr><tr><td><a href=\"https:\/\/www.congressonacional.leg.br\/materias\/vetos\/-\/veto\/detalhe\/13627\">VET 41\/2020 \u2013 Parcial<br><\/a>(5 dispositivos vetados)<\/td><td>Programa Emergencial de Acesso a Cr\u00e9dito (Peac);<\/td><\/tr><tr><td><a href=\"https:\/\/www.congressonacional.leg.br\/materias\/vetos\/-\/veto\/detalhe\/13626\">VET 40\/2020 \u2013 Parcial<br><\/a>(1 dispositivos vetados)<\/td><td>Apoio financeiro da Uni\u00e3o aos entes federativos em raz\u00e3o da pandemia da covid-19;<\/td><\/tr><tr><td><a href=\"https:\/\/www.congressonacional.leg.br\/materias\/vetos\/-\/veto\/detalhe\/13625\">VET 39\/2020 \u2013 Parcial<br><\/a>(11 dispositivos vetados)<\/td><td>Normas educacionais excepcionais a serem adotadas durante o estado de calamidade p\u00fablica decorrente da pandemia;<\/td><\/tr><tr><td><a href=\"https:\/\/www.congressonacional.leg.br\/materias\/vetos\/-\/veto\/detalhe\/13605\">VET 38\/2020 \u2013 Parcial<br><\/a>(2 dispositivos vetados)<\/td><td>Isen\u00e7\u00e3o de impostos para a industrializa\u00e7\u00e3o e comercializa\u00e7\u00e3o de mercadorias, produtos e presta\u00e7\u00e3o de servi\u00e7os necess\u00e1rios ao enfrentamento da covid-19;<\/td><\/tr><tr><td><a href=\"https:\/\/www.congressonacional.leg.br\/materias\/vetos\/-\/veto\/detalhe\/13585\">VET 37\/2020 \u2013 Parcial<br><\/a>(7 dispositivos vetados)<\/td><td>Medidas emergenciais para a avia\u00e7\u00e3o civil brasileira em raz\u00e3o da pandemia;<\/td><\/tr><tr><td><a href=\"https:\/\/www.congressonacional.leg.br\/materias\/vetos\/-\/veto\/detalhe\/13546\">VET 34\/2020 \u2013 Parcial<br><\/a>(2 dispositivos vetados)<\/td><td>Suspens\u00e3o durante pandemia de efeitos decorrentes da n\u00e3o observ\u00e2ncia de indicadores financeiros ou de desempenho em contratos;<\/td><\/tr><tr><td><a href=\"https:\/\/www.congressonacional.leg.br\/materias\/vetos\/-\/veto\/detalhe\/13545\">VET 33\/2020 \u2013 Parcial<br><\/a>(3 dispositivos vetados)<\/td><td>Frequ\u00eancia em locais de atendimento \u00e0 popula\u00e7\u00e3o de rua. Suspens\u00e3o da obrigatoriedade de metas e requisitos do Suas;<\/td><\/tr><tr><td><a href=\"https:\/\/www.congressonacional.leg.br\/materias\/vetos\/-\/veto\/detalhe\/13525\">VET 32\/2020 \u2013 Parcial<br><\/a>(1 dispositivos vetados)<\/td><td>Autoriza\u00e7\u00e3o a terceiros, por meio de qualquer forma de declara\u00e7\u00e3o, para retirada de medicamentos durante a pandemia;<\/td><\/tr><tr><td><a href=\"https:\/\/www.congressonacional.leg.br\/materias\/vetos\/-\/veto\/detalhe\/13505\">VET 31\/2020 \u2013 Parcial<br><\/a>(4 dispositivos vetados)<\/td><td>Regras para distribui\u00e7\u00e3o de pr\u00eamios por concession\u00e1rias ou permission\u00e1rias de servi\u00e7o de radiodifus\u00e3o ou por organiza\u00e7\u00f5es da sociedacivil; e pagamento do valor da outorga do servi\u00e7o de radiodifus\u00e3o;<\/td><\/tr><tr><td><a href=\"https:\/\/www.congressonacional.leg.br\/materias\/vetos\/-\/veto\/detalhe\/13465\">VET 29\/2020 \u2013 Parcial&nbsp;<\/a>(7dispositivos vetados)<\/td><td>Redu\u00e7\u00e3o excepcional das al\u00edquotas das contribui\u00e7\u00f5es aos servi\u00e7os sociais aut\u00f4nomos e ao Fundo de Desenvolvimento do Ensino Profissional Mar\u00edtimo.<\/td><\/tr><\/tbody><\/table><\/figure>\n","protected":false},"excerpt":{"rendered":"<p>O Congresso Nacional ter\u00e1 nova sess\u00e3o remota deliberativa em setembro para a vota\u00e7\u00e3o de vetos do presidente da Rep\u00fablica, Jair Bolsonaro. Em agosto, os parlamentares&hellip; <\/p>\n","protected":false},"author":2,"featured_media":186174,"comment_status":"closed","ping_status":"closed","sticky":false,"template":"","format":"standard","meta":{"sfsi_plus_gutenberg_text_before_share":"","sfsi_plus_gutenberg_show_text_before_share":"","sfsi_plus_gutenberg_icon_type":"","sfsi_plus_gutenberg_icon_alignemt":"","sfsi_plus_gutenburg_max_per_row":"","footnotes":""},"categories":[50,2],"tags":[],"class_list":["post-186173","post","type-post","status-publish","format-standard","has-post-thumbnail","hentry","category-destaque","category-geral"],"_links":{"self":[{"href":"https:\/\/www.caririemacao.com\/1\/wp-json\/wp\/v2\/posts\/186173","targetHints":{"allow":["GET"]}}],"collection":[{"href":"https:\/\/www.caririemacao.com\/1\/wp-json\/wp\/v2\/posts"}],"about":[{"href":"https:\/\/www.caririemacao.com\/1\/wp-json\/wp\/v2\/types\/post"}],"author":[{"embeddable":true,"href":"https:\/\/www.caririemacao.com\/1\/wp-json\/wp\/v2\/users\/2"}],"replies":[{"embeddable":true,"href":"https:\/\/www.caririemacao.com\/1\/wp-json\/wp\/v2\/comments?post=186173"}],"version-history":[{"count":1,"href":"https:\/\/www.caririemacao.com\/1\/wp-json\/wp\/v2\/posts\/186173\/revisions"}],"predecessor-version":[{"id":186175,"href":"https:\/\/www.caririemacao.com\/1\/wp-json\/wp\/v2\/posts\/186173\/revisions\/186175"}],"wp:featuredmedia":[{"embeddable":true,"href":"https:\/\/www.caririemacao.com\/1\/wp-json\/wp\/v2\/media\/186174"}],"wp:attachment":[{"href":"https:\/\/www.caririemacao.com\/1\/wp-json\/wp\/v2\/media?parent=186173"}],"wp:term":[{"taxonomy":"category","embeddable":true,"href":"https:\/\/www.caririemacao.com\/1\/wp-json\/wp\/v2\/categories?post=186173"},{"taxonomy":"post_tag","embeddable":true,"href":"https:\/\/www.caririemacao.com\/1\/wp-json\/wp\/v2\/tags?post=186173"}],"curies":[{"name":"wp","href":"https:\/\/api.w.org\/{rel}","templated":true}]}}