{"id":186177,"date":"2020-08-31T08:02:58","date_gmt":"2020-08-31T11:02:58","guid":{"rendered":"https:\/\/www.caririemacao.com\/1\/?p=186177"},"modified":"2020-08-31T08:02:58","modified_gmt":"2020-08-31T11:02:58","slug":"partidos-politicos-iniciam-convencoes-para-escolha-de-coligacoes-e-candidatos-nesta-segunda-feira-31","status":"publish","type":"post","link":"https:\/\/www.caririemacao.com\/1\/2020\/08\/31\/partidos-politicos-iniciam-convencoes-para-escolha-de-coligacoes-e-candidatos-nesta-segunda-feira-31\/","title":{"rendered":"Partidos pol\u00edticos iniciam conven\u00e7\u00f5es para escolha de coliga\u00e7\u00f5es e candidatos nesta segunda-feira (31)"},"content":{"rendered":"\n<h3 class=\"wp-block-heading\"><\/h3>\n\n\n\n<hr class=\"wp-block-separator\"\/>\n\n\n\n<p>A partir desta segunda-feira (31) ser\u00e1 dado in\u00edcio \u00e0 realiza\u00e7\u00e3o &nbsp;de conven\u00e7\u00f5es partid\u00e1rias destinadas a deliberar sobre coliga\u00e7\u00f5es e a escolher candidatos a prefeito, vice-prefeito e vereador. Segundo o calend\u00e1rio eleitoral, que foi alterado por conta da pandemia da Covid-19, esses eventos poder\u00e3o ser feitos pela internet. O prazo final para a realiza\u00e7\u00e3o de conven\u00e7\u00f5es \u00e9 16 de setembro.<\/p>\n\n\n\n<p>O prazo final de registro de candidatos ocorre em 26 de setembro. O primeiro e segundo turno das elei\u00e7\u00f5es municipais de 2020 ser\u00e3o realizadas, respectivamente, nos dias 15 e &nbsp;29 de novembro.<\/p>\n\n\n\n<p>Desde 11 de agosto, est\u00e1 proibida a veicula\u00e7\u00e3o de programas de televis\u00e3o que sejam apresentados ou comentados por pr\u00e9-candidatos a vereadores ou prefeitos.<\/p>\n","protected":false},"excerpt":{"rendered":"<p>A partir desta segunda-feira (31) ser\u00e1 dado in\u00edcio \u00e0 realiza\u00e7\u00e3o &nbsp;de conven\u00e7\u00f5es partid\u00e1rias destinadas a deliberar sobre coliga\u00e7\u00f5es e a escolher candidatos a prefeito, vice-prefeito&hellip; <\/p>\n","protected":false},"author":2,"featured_media":186178,"comment_status":"closed","ping_status":"closed","sticky":false,"template":"","format":"standard","meta":{"sfsi_plus_gutenberg_text_before_share":"","sfsi_plus_gutenberg_show_text_before_share":"","sfsi_plus_gutenberg_icon_type":"","sfsi_plus_gutenberg_icon_alignemt":"","sfsi_plus_gutenburg_max_per_row":"","footnotes":""},"categories":[50,2],"tags":[],"class_list":["post-186177","post","type-post","status-publish","format-standard","has-post-thumbnail","hentry","category-destaque","category-geral"],"_links":{"self":[{"href":"https:\/\/www.caririemacao.com\/1\/wp-json\/wp\/v2\/posts\/186177","targetHints":{"allow":["GET"]}}],"collection":[{"href":"https:\/\/www.caririemacao.com\/1\/wp-json\/wp\/v2\/posts"}],"about":[{"href":"https:\/\/www.caririemacao.com\/1\/wp-json\/wp\/v2\/types\/post"}],"author":[{"embeddable":true,"href":"https:\/\/www.caririemacao.com\/1\/wp-json\/wp\/v2\/users\/2"}],"replies":[{"embeddable":true,"href":"https:\/\/www.caririemacao.com\/1\/wp-json\/wp\/v2\/comments?post=186177"}],"version-history":[{"count":1,"href":"https:\/\/www.caririemacao.com\/1\/wp-json\/wp\/v2\/posts\/186177\/revisions"}],"predecessor-version":[{"id":186179,"href":"https:\/\/www.caririemacao.com\/1\/wp-json\/wp\/v2\/posts\/186177\/revisions\/186179"}],"wp:featuredmedia":[{"embeddable":true,"href":"https:\/\/www.caririemacao.com\/1\/wp-json\/wp\/v2\/media\/186178"}],"wp:attachment":[{"href":"https:\/\/www.caririemacao.com\/1\/wp-json\/wp\/v2\/media?parent=186177"}],"wp:term":[{"taxonomy":"category","embeddable":true,"href":"https:\/\/www.caririemacao.com\/1\/wp-json\/wp\/v2\/categories?post=186177"},{"taxonomy":"post_tag","embeddable":true,"href":"https:\/\/www.caririemacao.com\/1\/wp-json\/wp\/v2\/tags?post=186177"}],"curies":[{"name":"wp","href":"https:\/\/api.w.org\/{rel}","templated":true}]}}