{"id":186189,"date":"2020-08-31T08:30:19","date_gmt":"2020-08-31T11:30:19","guid":{"rendered":"https:\/\/www.caririemacao.com\/1\/?p=186189"},"modified":"2020-08-31T08:30:19","modified_gmt":"2020-08-31T11:30:19","slug":"municipio-de-prata-registra-primeira-morte-por-covid-19","status":"publish","type":"post","link":"https:\/\/www.caririemacao.com\/1\/2020\/08\/31\/municipio-de-prata-registra-primeira-morte-por-covid-19\/","title":{"rendered":"Munic\u00edpio de Prata registra primeira morte por Covid-19"},"content":{"rendered":"\n<h1 class=\"wp-block-heading\"><\/h1>\n\n\n\n<p>A Prefeitura Municipal de Prata, atrav\u00e9s da Secretaria Municipal de Sa\u00fade, divulgou um novo boletim epidemiol\u00f3gico do Covid-19 atualizado neste domingo (30), onde confirmou o primeiro \u00f3bito ocasionado pela doen\u00e7a no munic\u00edpio.<\/p>\n\n\n\n<p>A Secretaria de Sa\u00fade ainda informa que o munic\u00edpio tem 06 casos em investiga\u00e7\u00e3o, 386 casos descartados, 06 recuperados, 07 confirmados e 01 \u00f3bito.<\/p>\n\n\n\n<p><strong>Confira a nota na \u00edntegra:<\/strong><\/p>\n\n\n\n<div class=\"wp-block-image\"><figure class=\"aligncenter\"><img decoding=\"async\" data-src=\"http:\/\/deolhonocariri.com.br\/wp-content\/uploads\/2020\/08\/7366a676-9723-4103-95c1-0ef40d4bd7d2.jpg\" alt=\"\" class=\"wp-image-86896 lazyload\" src=\"data:image\/svg+xml;base64,PHN2ZyB3aWR0aD0iMSIgaGVpZ2h0PSIxIiB4bWxucz0iaHR0cDovL3d3dy53My5vcmcvMjAwMC9zdmciPjwvc3ZnPg==\" \/><\/figure><\/div>\n","protected":false},"excerpt":{"rendered":"<p>A Prefeitura Municipal de Prata, atrav\u00e9s da Secretaria Municipal de Sa\u00fade, divulgou um novo boletim epidemiol\u00f3gico do Covid-19 atualizado neste domingo (30), onde confirmou o&hellip; <\/p>\n","protected":false},"author":2,"featured_media":186190,"comment_status":"closed","ping_status":"closed","sticky":false,"template":"","format":"standard","meta":{"sfsi_plus_gutenberg_text_before_share":"","sfsi_plus_gutenberg_show_text_before_share":"","sfsi_plus_gutenberg_icon_type":"","sfsi_plus_gutenberg_icon_alignemt":"","sfsi_plus_gutenburg_max_per_row":"","footnotes":""},"categories":[50,2],"tags":[],"class_list":["post-186189","post","type-post","status-publish","format-standard","has-post-thumbnail","hentry","category-destaque","category-geral"],"_links":{"self":[{"href":"https:\/\/www.caririemacao.com\/1\/wp-json\/wp\/v2\/posts\/186189","targetHints":{"allow":["GET"]}}],"collection":[{"href":"https:\/\/www.caririemacao.com\/1\/wp-json\/wp\/v2\/posts"}],"about":[{"href":"https:\/\/www.caririemacao.com\/1\/wp-json\/wp\/v2\/types\/post"}],"author":[{"embeddable":true,"href":"https:\/\/www.caririemacao.com\/1\/wp-json\/wp\/v2\/users\/2"}],"replies":[{"embeddable":true,"href":"https:\/\/www.caririemacao.com\/1\/wp-json\/wp\/v2\/comments?post=186189"}],"version-history":[{"count":1,"href":"https:\/\/www.caririemacao.com\/1\/wp-json\/wp\/v2\/posts\/186189\/revisions"}],"predecessor-version":[{"id":186191,"href":"https:\/\/www.caririemacao.com\/1\/wp-json\/wp\/v2\/posts\/186189\/revisions\/186191"}],"wp:featuredmedia":[{"embeddable":true,"href":"https:\/\/www.caririemacao.com\/1\/wp-json\/wp\/v2\/media\/186190"}],"wp:attachment":[{"href":"https:\/\/www.caririemacao.com\/1\/wp-json\/wp\/v2\/media?parent=186189"}],"wp:term":[{"taxonomy":"category","embeddable":true,"href":"https:\/\/www.caririemacao.com\/1\/wp-json\/wp\/v2\/categories?post=186189"},{"taxonomy":"post_tag","embeddable":true,"href":"https:\/\/www.caririemacao.com\/1\/wp-json\/wp\/v2\/tags?post=186189"}],"curies":[{"name":"wp","href":"https:\/\/api.w.org\/{rel}","templated":true}]}}